{"id":8227,"date":"2020-04-13T22:22:47","date_gmt":"2020-04-13T22:22:47","guid":{"rendered":"http:\/\/fmamiga909.com.ar\/?p=8227"},"modified":"2020-04-13T22:23:59","modified_gmt":"2020-04-13T22:23:59","slug":"rorrogan-hasta-el-27-de-abril-las-suspensiones-totales-de-los-servicios-de-transporte-de-pasajeros-interurbano-de-media-y-larga-distancia","status":"publish","type":"post","link":"https:\/\/fmamiga909.com.ar\/?p=8227","title":{"rendered":"Prorrogan hasta el 27 de abril las suspensiones totales de los servicios de transporte de pasajeros interurbano de media y larga distancia."},"content":{"rendered":"\n<p>\n\nLo estableci\u00f3 la Secretar\u00eda de Transporte de la provincia. Asimismo queda exceptuado el transporte de las \u00e1reas metropolitanas de Rosario y Santa Fe que no viajen a m\u00e1s de 60 km desde estas ciudades.En el marco de la vigencia del aislamiento social, preventivo y obligatorio en todo el territorio nacional y de las acciones que el gobierno de la provincia de Santa Fe lleva adelante para prevenir la transmisi\u00f3n del Coronavirus, la Secretar\u00eda de Transporte dependiente del Ministerio de Producci\u00f3n, Ciencia y Tecnolog\u00eda estableci\u00f3 la pr\u00f3rroga hasta las 0:00 horas del 27 de abril de las suspensiones totales de los servicios de transporte automotor de pasajeros interurbano de jurisdicci\u00f3n provincial.La medida queda establecida ya que contin\u00faa con la vigencia de la Resoluci\u00f3n 005\/2020 de la Secretar\u00eda de Transporte, que en su art\u00edculo 5\u00b0 prev\u00e9 la pr\u00f3rroga autom\u00e1tica del esquema de prestaci\u00f3n si se prolonga la emergencia sanitaria.Asimismo, las empresas exceptuadas por el art\u00edculo 2\u00b0 de la Resoluci\u00f3n N\u00b0 003\/2020 S.T (aquellas que prestan servicio en las \u00e1reas metropolitanas de Rosario y Santa Fe que no viajan a m\u00e1s de 60 km desde estas ciudades) deber\u00e1n prestar servicios hasta las 24:00 horas del 26 de abril, con frecuencias y programaciones habituales de d\u00eda feriado. En tanto que las modificaciones de cuadros horarios deber\u00e1n ser notificadas por las empresas a los usuarios con antelaci\u00f3n suficiente.Cabe se\u00f1alar que se except\u00faan de la Resoluci\u00f3n N\u00b0 003\/2020 S.T. los servicios a demanda que se est\u00e9n prestando para el transporte de personas que deban cumplir tareas exceptuadas en el Art. 6\u00b0 del Decreto N\u00b0 270\/2020, adem\u00e1s de las establecidas en el Decreto N\u00b0 297\/2020 del Poder Ejecutivo Nacional y las excepciones que en el futuro puedan disponerse.Por \u00faltimo, se recuerda la recomendaci\u00f3n a aquellos ciudadanos que deban salir de su casa porque est\u00e1n dentro de las excepciones a la cuarentena, recargar la tarjeta SUBE de manera virtual, ingresando al sitio web <a href=\"https:\/\/l.facebook.com\/l.php?u=http%3A%2F%2Fwww.cargassube.com%2F%3Ffbclid%3DIwAR1de5G3P3F8ZyHop3GDXSncFpGsKJDfjNtYXOt2AQj5X9CbUXBOhgY2tk0&amp;h=AT3g2uSo5n_f85Xm8qNZdJrtWA5gcJlHBxEFgaNogXfF_XvL1I4aPMjvCmVnp7ptrwzYo5M5JRqFnf67-QzB7u8aaTmLu4wx0td2P3URYPktIMZ6-noIt3wyaqGgUfwGXieg&amp;__tn__=-UK-R&amp;c[0]=AT3JwFsYmiOqZV1VuvbN6cmjtnaN-WNCqDv_GNseCthBj2821d-pG91Lo1wxU7b1-aAhIBlA-Qz0Ig9WENUENSyjbGdmqyXipC1j7QB2Q_keStTVx5i4e1fTGe8YR1w\" rel=\"noreferrer noopener\" target=\"_blank\">http:\/\/www.cargassube.com\/<\/a> para evitar contactos innecesarios y cuidarnos entre todas y todos.<a href=\"https:\/\/www.facebook.com\/photo\/?fbid=2987974467916963&amp;set=a.400817236632712&amp;__cft__[0]=AZWY8rB1x-sBQn04Mg8IVlQOigggcfYrzD96o5wa49KLNQJ0GLi8l1Br0JPNlY21kGtQoTVEd58sziiP4Ikc9MVUMF2I5FAg6L4-6dcuf-X_bQ&amp;__tn__=EH-R\"><\/a><\/p>\n\n\n\n<figure class=\"wp-block-image\"><img decoding=\"async\" src=\"https:\/\/static.xx.fbcdn.net\/rsrc.php\/v3\/yz\/r\/gGPRzHuW8qT.png?_nc_eui2=AeF2A0nFmVdXIdI2sQzEGDGi8rTj8cx9bmXytOPxzH1uZbydXwJqznJ2AM-AHhwlb1xBkYHL1dQ9ieF80rcIZLSK\" alt=\"\"\/><\/figure>\n\n\n\n<p>Me gustaComentar<\/p>\n\n\n\n<figure class=\"wp-block-image\"><img decoding=\"async\" src=\"https:\/\/static.xx.fbcdn.net\/rsrc.php\/v3\/yP\/r\/EyGUmEdOqjv.png?_nc_eui2=AeEzgULCR4LLD32or5P_q-BQNEVdF6WvbZ80RV0Xpa9tn27D-O8YJ76ybQB4DVeEZXxvZspNQa8SBSb-hknV9hCm\" alt=\"\"\/><\/figure>\n\n\n\n<p>Compartir<\/p>\n","protected":false},"excerpt":{"rendered":"<p>Lo estableci\u00f3 la Secretar\u00eda de Transporte de la provincia. Asimismo queda exceptuado el transporte de&#8230;<\/p>\n","protected":false},"author":3,"featured_media":8228,"comment_status":"closed","ping_status":"closed","sticky":false,"template":"","format":"standard","meta":{"footnotes":""},"categories":[1,3],"tags":[],"class_list":["post-8227","post","type-post","status-publish","format-standard","has-post-thumbnail","hentry","category-uncategorized","category-noticias"],"featured_image_urls":{"full":["https:\/\/fmamiga909.com.ar\/wp-content\/uploads\/2020\/04\/TERMINAL-DE-MICROS-COLECTIVOS-LARGA-DISTANCIA-3-1280x720.jpg",1280,720,false],"thumbnail":["https:\/\/fmamiga909.com.ar\/wp-content\/uploads\/2020\/04\/TERMINAL-DE-MICROS-COLECTIVOS-LARGA-DISTANCIA-3-1280x720-150x150.jpg",150,150,true],"medium":["https:\/\/fmamiga909.com.ar\/wp-content\/uploads\/2020\/04\/TERMINAL-DE-MICROS-COLECTIVOS-LARGA-DISTANCIA-3-1280x720-300x169.jpg",300,169,true],"medium_large":["https:\/\/fmamiga909.com.ar\/wp-content\/uploads\/2020\/04\/TERMINAL-DE-MICROS-COLECTIVOS-LARGA-DISTANCIA-3-1280x720.jpg",1280,720,false],"large":["https:\/\/fmamiga909.com.ar\/wp-content\/uploads\/2020\/04\/TERMINAL-DE-MICROS-COLECTIVOS-LARGA-DISTANCIA-3-1280x720-1024x576.jpg",640,360,true],"1536x1536":["https:\/\/fmamiga909.com.ar\/wp-content\/uploads\/2020\/04\/TERMINAL-DE-MICROS-COLECTIVOS-LARGA-DISTANCIA-3-1280x720.jpg",1280,720,false],"2048x2048":["https:\/\/fmamiga909.com.ar\/wp-content\/uploads\/2020\/04\/TERMINAL-DE-MICROS-COLECTIVOS-LARGA-DISTANCIA-3-1280x720.jpg",1280,720,false],"newsium-slider-full":["https:\/\/fmamiga909.com.ar\/wp-content\/uploads\/2020\/04\/TERMINAL-DE-MICROS-COLECTIVOS-LARGA-DISTANCIA-3-1280x720.jpg",1280,720,false],"newsium-featured":["https:\/\/fmamiga909.com.ar\/wp-content\/uploads\/2020\/04\/TERMINAL-DE-MICROS-COLECTIVOS-LARGA-DISTANCIA-3-1280x720.jpg",1024,576,false],"newsium-medium":["https:\/\/fmamiga909.com.ar\/wp-content\/uploads\/2020\/04\/TERMINAL-DE-MICROS-COLECTIVOS-LARGA-DISTANCIA-3-1280x720.jpg",720,405,false]},"author_info":{"display_name":"Fredy Giuliano","author_link":"https:\/\/fmamiga909.com.ar\/?author=3"},"category_info":"<a href=\"https:\/\/fmamiga909.com.ar\/?cat=1\" rel=\"category\">La radio<\/a> <a href=\"https:\/\/fmamiga909.com.ar\/?cat=3\" rel=\"category\">Noticias<\/a>","tag_info":"Noticias","comment_count":"0","_links":{"self":[{"href":"https:\/\/fmamiga909.com.ar\/index.php?rest_route=\/wp\/v2\/posts\/8227","targetHints":{"allow":["GET"]}}],"collection":[{"href":"https:\/\/fmamiga909.com.ar\/index.php?rest_route=\/wp\/v2\/posts"}],"about":[{"href":"https:\/\/fmamiga909.com.ar\/index.php?rest_route=\/wp\/v2\/types\/post"}],"author":[{"embeddable":true,"href":"https:\/\/fmamiga909.com.ar\/index.php?rest_route=\/wp\/v2\/users\/3"}],"replies":[{"embeddable":true,"href":"https:\/\/fmamiga909.com.ar\/index.php?rest_route=%2Fwp%2Fv2%2Fcomments&post=8227"}],"version-history":[{"count":2,"href":"https:\/\/fmamiga909.com.ar\/index.php?rest_route=\/wp\/v2\/posts\/8227\/revisions"}],"predecessor-version":[{"id":8230,"href":"https:\/\/fmamiga909.com.ar\/index.php?rest_route=\/wp\/v2\/posts\/8227\/revisions\/8230"}],"wp:featuredmedia":[{"embeddable":true,"href":"https:\/\/fmamiga909.com.ar\/index.php?rest_route=\/wp\/v2\/media\/8228"}],"wp:attachment":[{"href":"https:\/\/fmamiga909.com.ar\/index.php?rest_route=%2Fwp%2Fv2%2Fmedia&parent=8227"}],"wp:term":[{"taxonomy":"category","embeddable":true,"href":"https:\/\/fmamiga909.com.ar\/index.php?rest_route=%2Fwp%2Fv2%2Fcategories&post=8227"},{"taxonomy":"post_tag","embeddable":true,"href":"https:\/\/fmamiga909.com.ar\/index.php?rest_route=%2Fwp%2Fv2%2Ftags&post=8227"}],"curies":[{"name":"wp","href":"https:\/\/api.w.org\/{rel}","templated":true}]}}