{"id":8250,"date":"2020-04-26T23:04:09","date_gmt":"2020-04-26T23:04:09","guid":{"rendered":"http:\/\/fmamiga909.com.ar\/?p=8250"},"modified":"2020-04-26T23:04:11","modified_gmt":"2020-04-26T23:04:11","slug":"iapos-las-prestaciones-efectivamente-documentadas-seran-reconocidas-por-la-provincia","status":"publish","type":"post","link":"https:\/\/fmamiga909.com.ar\/?p=8250","title":{"rendered":"IAPOS: Las prestaciones efectivamente documentadas ser\u00e1n reconocidas por la provincia"},"content":{"rendered":"\n<p> As\u00ed lo confirm\u00f3 el Subsecretario de Inclusi\u00f3n del Ministerio de Salud, Patricio Huerga luego de una decisi\u00f3n tomada por el propio gobernador .<\/p>\n\n\n\n<p>\n\nPatricio Huerga, Subsecretario de Inclusi\u00f3n del Ministerio de Salud de la provincia, expres\u00f3 esta tarde despu\u00e9s de una comunicaci\u00f3n directa con el gobernador, Omar Perotti, que \u201clas prestaciones&nbsp; efectivamente documentadas&nbsp; durante el aislamiento social preventivo y obligatorio en los Centros de D\u00eda, Centros Educativos Terap\u00e9uticos y Centros de Formaci\u00f3n Laboral Jornada Simple o Completa, ser\u00e1n reconocidas\u201d.<\/p>\n\n\n\n<p>De esta forma, el subsecretario afirm\u00f3 que durante el aislamiento obligatorio, las actividades autorizadas por el decreto 297\/2020 \u201cser\u00e1n reconocidas\u201d. As\u00ed mismo el funcionario explic\u00f3 que \u201cla Obra Social de la provincia de Santa Fe reconocer\u00e1 las pr\u00e1cticas habituales\u201d y coment\u00f3 que&nbsp; la instituci\u00f3n habilit\u00f3 \u201clas prescripciones electr\u00f3nicas, las recetas preestablecidas en farmacias y&nbsp; aceptaci\u00f3n de nuevos formatos de atenci\u00f3n medica a trav\u00e9s de plataformas digitales\u201d, con el objetivo de garantizar las prestaciones a sus afiliados.<\/p>\n\n\n\n<p>En el mismo sentido, Huerga&nbsp; profundiz\u00f3 que en dialog\u00f3 permanente con el IAPOS \u201cse acord\u00f3 desde el Departamento de Discapacidad, Salud Mental y Problem\u00e1tica Social, en virtud de la Emergencia Sanitaria por Coronavirus, y como consecuencia de la suspensi\u00f3n de las prestaciones ambulatorias de los Centros de D\u00eda, de los CET&nbsp; y Centros de Formaci\u00f3n Laboral, se considere el trabajo virtual que las instituciones pueden llevar a cabo durante la duraci\u00f3n de la medida de Aislamiento Social, Preventivo y Obligatorio adecuado a la documentaci\u00f3n del uso de las plataformas o plan terap\u00e9utico remitido a los afiliados\u201d.<\/p>\n\n\n\n<p>Por \u00faltimo, el funcionario reafirm\u00f3 que \u201clas prestaciones de servicios ser\u00e1n reconocidas a medida que se presente la facturaci\u00f3n conjuntamente con la documentaci\u00f3n requerida\u201d en referencia&nbsp; a las prestaciones ambulatorias brindadas en los Centros de D\u00eda, Centros Educativos Terap\u00e9uticos y Centros de Formaci\u00f3n Laboral Jornada Simple o Completa en el marco de las medidas de aislamiento a partir de la pandemia.<br><\/p>\n","protected":false},"excerpt":{"rendered":"<p>As\u00ed lo confirm\u00f3 el Subsecretario de Inclusi\u00f3n del Ministerio de Salud, Patricio Huerga luego de&#8230;<\/p>\n","protected":false},"author":3,"featured_media":8251,"comment_status":"closed","ping_status":"closed","sticky":false,"template":"","format":"standard","meta":{"footnotes":""},"categories":[1],"tags":[],"class_list":["post-8250","post","type-post","status-publish","format-standard","has-post-thumbnail","hentry","category-uncategorized"],"featured_image_urls":{"full":["https:\/\/fmamiga909.com.ar\/wp-content\/uploads\/2020\/04\/unnamed.png",512,203,false],"thumbnail":["https:\/\/fmamiga909.com.ar\/wp-content\/uploads\/2020\/04\/unnamed-150x150.png",150,150,true],"medium":["https:\/\/fmamiga909.com.ar\/wp-content\/uploads\/2020\/04\/unnamed-300x119.png",300,119,true],"medium_large":["https:\/\/fmamiga909.com.ar\/wp-content\/uploads\/2020\/04\/unnamed.png",512,203,false],"large":["https:\/\/fmamiga909.com.ar\/wp-content\/uploads\/2020\/04\/unnamed.png",512,203,false],"1536x1536":["https:\/\/fmamiga909.com.ar\/wp-content\/uploads\/2020\/04\/unnamed.png",512,203,false],"2048x2048":["https:\/\/fmamiga909.com.ar\/wp-content\/uploads\/2020\/04\/unnamed.png",512,203,false],"newsium-slider-full":["https:\/\/fmamiga909.com.ar\/wp-content\/uploads\/2020\/04\/unnamed.png",512,203,false],"newsium-featured":["https:\/\/fmamiga909.com.ar\/wp-content\/uploads\/2020\/04\/unnamed.png",512,203,false],"newsium-medium":["https:\/\/fmamiga909.com.ar\/wp-content\/uploads\/2020\/04\/unnamed.png",512,203,false]},"author_info":{"display_name":"Fredy Giuliano","author_link":"https:\/\/fmamiga909.com.ar\/?author=3"},"category_info":"<a href=\"https:\/\/fmamiga909.com.ar\/?cat=1\" rel=\"category\">La radio<\/a>","tag_info":"La radio","comment_count":"0","_links":{"self":[{"href":"https:\/\/fmamiga909.com.ar\/index.php?rest_route=\/wp\/v2\/posts\/8250","targetHints":{"allow":["GET"]}}],"collection":[{"href":"https:\/\/fmamiga909.com.ar\/index.php?rest_route=\/wp\/v2\/posts"}],"about":[{"href":"https:\/\/fmamiga909.com.ar\/index.php?rest_route=\/wp\/v2\/types\/post"}],"author":[{"embeddable":true,"href":"https:\/\/fmamiga909.com.ar\/index.php?rest_route=\/wp\/v2\/users\/3"}],"replies":[{"embeddable":true,"href":"https:\/\/fmamiga909.com.ar\/index.php?rest_route=%2Fwp%2Fv2%2Fcomments&post=8250"}],"version-history":[{"count":1,"href":"https:\/\/fmamiga909.com.ar\/index.php?rest_route=\/wp\/v2\/posts\/8250\/revisions"}],"predecessor-version":[{"id":8252,"href":"https:\/\/fmamiga909.com.ar\/index.php?rest_route=\/wp\/v2\/posts\/8250\/revisions\/8252"}],"wp:featuredmedia":[{"embeddable":true,"href":"https:\/\/fmamiga909.com.ar\/index.php?rest_route=\/wp\/v2\/media\/8251"}],"wp:attachment":[{"href":"https:\/\/fmamiga909.com.ar\/index.php?rest_route=%2Fwp%2Fv2%2Fmedia&parent=8250"}],"wp:term":[{"taxonomy":"category","embeddable":true,"href":"https:\/\/fmamiga909.com.ar\/index.php?rest_route=%2Fwp%2Fv2%2Fcategories&post=8250"},{"taxonomy":"post_tag","embeddable":true,"href":"https:\/\/fmamiga909.com.ar\/index.php?rest_route=%2Fwp%2Fv2%2Ftags&post=8250"}],"curies":[{"name":"wp","href":"https:\/\/api.w.org\/{rel}","templated":true}]}}