{"id":8263,"date":"2020-05-05T10:17:10","date_gmt":"2020-05-05T10:17:10","guid":{"rendered":"http:\/\/fmamiga909.com.ar\/?p=8263"},"modified":"2020-05-05T10:17:11","modified_gmt":"2020-05-05T10:17:11","slug":"michlig-celebramos-que-al-fin-el-gobierno-provincial-se-haya-hecho-eco-de-nuestras-preocupaciones","status":"publish","type":"post","link":"https:\/\/fmamiga909.com.ar\/?p=8263","title":{"rendered":"Michlig: \u201ccelebramos que -al fin- el Gobierno Provincial se haya hecho eco de nuestras preocupaciones\u201d"},"content":{"rendered":"\n<p>Senador Felipe Michlig manifest\u00f3 su benepl\u00e1cito porque desde el Gobierno Provincial \u201cprimo el sentido com\u00fan\u201d para que rija a partir del mi\u00e9rcoles una flexibilizaci\u00f3n comercial&nbsp; que abarcar\u00e1 todas las localidades del departamento San Crist\u00f3bal y gran parte del territorio provincial, tal cual lo planteamos desde el Comit\u00e9 departamental de Crisis y en la reuni\u00f3n del \u00faltimo s\u00e1bado junto con los Intendentes y representantes de los Centros Comerciales de la 4 ciudades (Ceres, San Crist\u00f3bal, San Guillermo y Suardi).<\/p>\n\n\n\n<p>\u201cAsimismo debemos seguir resguardando al m\u00e1ximo la salud de la poblaci\u00f3n intensificando medidas de prevenci\u00f3n y con la aplicaci\u00f3n de todos los protocolos a seguir\u201d.<\/p>\n\n\n\n<p>A su vez el legislador recod\u00f3 que \u201cla flexibilizaci\u00f3n que se anunci\u00f3 la ven\u00edamos reclamando \u2013tambi\u00e9n- a trav\u00e9s de distintos documentos p\u00fablicos elevados al Gobernador, desde el Bloque de Senadores del la UCR y desde la conducci\u00f3n provincial de nuestro partido, con justificados argumentos f\u00e1cticos recabados de las autoridades de gobiernos locales y representantes de fuerzas vivas de muchas jurisdicciones, en donde no se registraron casos positivos de coronavirus y a\u00fan desde lugares con contagios, pero con una situaci\u00f3n epidemiol\u00f3gica controlada\u201d.<\/p>\n\n\n\n<h6 class=\"wp-block-heading\">Dotar de herramientas a los Municipios y Comunas<\/h6>\n\n\n\n<p>\u201cDebemos seguir&nbsp; trabajando con mucho valor, sin especulaciones, sumando esfuerzos entre todos para cuidar la salud de la poblaci\u00f3n, pero tambi\u00e9n para fortalecer la econom\u00eda para que no se nos caigan las empresas, los comercios y no se pierdan fuentes laborales. Este es el camino que venimos se\u00f1alando desde el Comit\u00e9 departamental de Emergencia y celebramos que las autoridades provinciales hayan comprendido \u2013al fin- estas preocupaciones\u201d.<\/p>\n\n\n\n<p>\u201cA partir de esta nueva fase, el Gobierno Provincial tambi\u00e9n deber\u00eda \u2013m\u00e1s que nunca- dotar de las mejores herramientas a los Municipios y Comunas, que son los destinatarios de las principales responsabilidades de aplicar los protocolos y de tener que seguir brindando respuestas inmediata ante la crisis que provoc\u00f3 la pandemia\u201d, reclam\u00f3 el Senador Michlig.<\/p>\n\n\n\n<p>Finalmente el Pte. del Comit\u00e9 de Crisis del Departamento San Crist\u00f3bal indic\u00f3 que \u201cHoy podemos decir que el trabajo en conjunto dio sus frutos y finalmente logramos la Flexibilizaci\u00f3n Comercial de todo el Departamento San Crist\u00f3bal, que comenzara a regir a partir del mi\u00e9rcoles, con el desbloqueo de distintas&nbsp; actividades como por ejemplo:&nbsp; inmobiliarias, comercios mayoristas y minoristas, mudanzas, de construcci\u00f3n privada, de servicios personales (peluquer\u00edas, manicur\u00eda y podolog\u00eda), profesiones liberales y oficios de distintas \u00edndoles, entre otras, todo bajo protocolo y en acuerdo con intendentes y presidentes comunales\u201d concluy\u00f3<\/p>\n","protected":false},"excerpt":{"rendered":"<p>Senador Felipe Michlig manifest\u00f3 su benepl\u00e1cito porque desde el Gobierno Provincial \u201cprimo el sentido com\u00fan\u201d&#8230;<\/p>\n","protected":false},"author":3,"featured_media":8264,"comment_status":"closed","ping_status":"closed","sticky":false,"template":"","format":"standard","meta":{"footnotes":""},"categories":[1,3],"tags":[],"class_list":["post-8263","post","type-post","status-publish","format-standard","has-post-thumbnail","hentry","category-uncategorized","category-noticias"],"featured_image_urls":{"full":["https:\/\/fmamiga909.com.ar\/wp-content\/uploads\/2020\/05\/96293606_1516736405171688_223775183465349120_o.jpg",960,720,false],"thumbnail":["https:\/\/fmamiga909.com.ar\/wp-content\/uploads\/2020\/05\/96293606_1516736405171688_223775183465349120_o-150x150.jpg",150,150,true],"medium":["https:\/\/fmamiga909.com.ar\/wp-content\/uploads\/2020\/05\/96293606_1516736405171688_223775183465349120_o-300x225.jpg",300,225,true],"medium_large":["https:\/\/fmamiga909.com.ar\/wp-content\/uploads\/2020\/05\/96293606_1516736405171688_223775183465349120_o.jpg",960,720,false],"large":["https:\/\/fmamiga909.com.ar\/wp-content\/uploads\/2020\/05\/96293606_1516736405171688_223775183465349120_o.jpg",640,480,false],"1536x1536":["https:\/\/fmamiga909.com.ar\/wp-content\/uploads\/2020\/05\/96293606_1516736405171688_223775183465349120_o.jpg",960,720,false],"2048x2048":["https:\/\/fmamiga909.com.ar\/wp-content\/uploads\/2020\/05\/96293606_1516736405171688_223775183465349120_o.jpg",960,720,false],"newsium-slider-full":["https:\/\/fmamiga909.com.ar\/wp-content\/uploads\/2020\/05\/96293606_1516736405171688_223775183465349120_o.jpg",960,720,false],"newsium-featured":["https:\/\/fmamiga909.com.ar\/wp-content\/uploads\/2020\/05\/96293606_1516736405171688_223775183465349120_o.jpg",960,720,false],"newsium-medium":["https:\/\/fmamiga909.com.ar\/wp-content\/uploads\/2020\/05\/96293606_1516736405171688_223775183465349120_o.jpg",633,475,false]},"author_info":{"display_name":"Fredy Giuliano","author_link":"https:\/\/fmamiga909.com.ar\/?author=3"},"category_info":"<a href=\"https:\/\/fmamiga909.com.ar\/?cat=1\" rel=\"category\">La radio<\/a> <a href=\"https:\/\/fmamiga909.com.ar\/?cat=3\" rel=\"category\">Noticias<\/a>","tag_info":"Noticias","comment_count":"0","_links":{"self":[{"href":"https:\/\/fmamiga909.com.ar\/index.php?rest_route=\/wp\/v2\/posts\/8263","targetHints":{"allow":["GET"]}}],"collection":[{"href":"https:\/\/fmamiga909.com.ar\/index.php?rest_route=\/wp\/v2\/posts"}],"about":[{"href":"https:\/\/fmamiga909.com.ar\/index.php?rest_route=\/wp\/v2\/types\/post"}],"author":[{"embeddable":true,"href":"https:\/\/fmamiga909.com.ar\/index.php?rest_route=\/wp\/v2\/users\/3"}],"replies":[{"embeddable":true,"href":"https:\/\/fmamiga909.com.ar\/index.php?rest_route=%2Fwp%2Fv2%2Fcomments&post=8263"}],"version-history":[{"count":1,"href":"https:\/\/fmamiga909.com.ar\/index.php?rest_route=\/wp\/v2\/posts\/8263\/revisions"}],"predecessor-version":[{"id":8265,"href":"https:\/\/fmamiga909.com.ar\/index.php?rest_route=\/wp\/v2\/posts\/8263\/revisions\/8265"}],"wp:featuredmedia":[{"embeddable":true,"href":"https:\/\/fmamiga909.com.ar\/index.php?rest_route=\/wp\/v2\/media\/8264"}],"wp:attachment":[{"href":"https:\/\/fmamiga909.com.ar\/index.php?rest_route=%2Fwp%2Fv2%2Fmedia&parent=8263"}],"wp:term":[{"taxonomy":"category","embeddable":true,"href":"https:\/\/fmamiga909.com.ar\/index.php?rest_route=%2Fwp%2Fv2%2Fcategories&post=8263"},{"taxonomy":"post_tag","embeddable":true,"href":"https:\/\/fmamiga909.com.ar\/index.php?rest_route=%2Fwp%2Fv2%2Ftags&post=8263"}],"curies":[{"name":"wp","href":"https:\/\/api.w.org\/{rel}","templated":true}]}}