{"id":8270,"date":"2020-05-06T22:05:00","date_gmt":"2020-05-06T22:05:00","guid":{"rendered":"http:\/\/fmamiga909.com.ar\/?p=8270"},"modified":"2020-05-06T22:05:01","modified_gmt":"2020-05-06T22:05:01","slug":"michlig-informo-el-cronograma-de-entrega-de-las-tarjetas-alimentar-durante-mayo-en-el-dpto-san-cristobal","status":"publish","type":"post","link":"https:\/\/fmamiga909.com.ar\/?p=8270","title":{"rendered":"Michlig inform\u00f3 el cronograma de entrega de las tarjetas AlimentAR -durante Mayo- en el Dpto. San Crist\u00f3bal"},"content":{"rendered":"\n<h2 class=\"wp-block-heading\">El Senador Provincial Felipe Michig inform\u00f3 que a trav\u00e9s del Ministerio de Desarrollo Social de la Provincia, \u201cse dispusieron las fechas de&nbsp;entrega de las Tarjetas AlimentAR durante el mes de Mayo&nbsp;en todas las localidades de la provincia en donde hay beneficiarios&nbsp;que a\u00fan no la hab\u00edan recibido, entre ellas 26 distritos del departamento San Crist\u00f3bal,&nbsp;en donde -seg\u00fan el cronograma previsto (ver grafico abajo)- se distribuir\u00e1n entre el 13 y 18 del presente mes\u201d.<\/h2>\n\n\n\n<h2 class=\"wp-block-heading\">\u201cSeg\u00fan me confirm\u00f3 el Ministro del \u00e1rea, Danilo Capitani, se llevar\u00e1 adelante un despliegue operativo -en el marco de las exigencias sanitarias para el resguardo de la salud- con el objetivo de&nbsp;garantizar la entrega de las Tarjetas AlimentAR en las localidades de la provincia a los\/las titulares que a\u00fan no hayan podido acceder a la misma debido a la suspensi\u00f3n de los operativos por la pandemia de Covid 19\u201d, aclar\u00f3 el Senador por el departamento San Crist\u00f3bal.<\/h2>\n\n\n\n<figure class=\"wp-block-table\"><table><tbody><tr><td><strong>FECHA<\/strong><\/td><td><strong>LOCALIDADES<\/strong><\/td><td><strong>CANTIDAD DE TARJETAS<\/strong><\/td><\/tr><tr><td>Mi\u00e9rcoles 13\/05<\/td><td>Ceres<\/td><td>808<\/td><\/tr><tr><td>Jueves14\/05<\/td><td>Colonia Rosa<\/td><td>35<\/td><\/tr><tr><td>San Guillermo<\/td><td>269<\/td><\/tr><tr><td>Suardi<\/td><td>238<\/td><\/tr><tr><td>Colonia Ana<\/td><td>2<\/td><\/tr><tr><td>Villa Trinidad<\/td><td>102<\/td><\/tr><tr><td>Hersilia<\/td><td>106<\/td><\/tr><tr><td>La Rubia<\/td><td>15<\/td><\/tr><tr><td>Ambrosetti<\/td><td>47<\/td><\/tr><tr><td>Arrufo<\/td><td>71<\/td><\/tr><tr><td>Curupaity<\/td><td>8<\/td><\/tr><tr><td>Monigotes<\/td><td>17<\/td><\/tr><tr><td>Viernes15\/05<\/td><td>Mois\u00e9s Ville<\/td><td>116<\/td><\/tr><tr><td>Palacios<\/td><td>27<\/td><\/tr><tr><td>Colonia Bossi<\/td><td>6<\/td><\/tr><tr><td>Las Palmeras<\/td><td>42<\/td><\/tr><tr><td>Constanza<\/td><td>11<\/td><\/tr><tr><td>Capivara<\/td><td>14<\/td><\/tr><tr><td>Soledad<\/td><td>54<\/td><\/tr><tr><td>Santurce<\/td><td>2<\/td><\/tr><tr><td>La Cabral<\/td><td>9<\/td><\/tr><tr><td>Aguara Grande<\/td><td>21<\/td><\/tr><tr><td>Huanqueros<\/td><td>35<\/td><\/tr><tr><td>Las Avispas<\/td><td>2<\/td><\/tr><tr><td>Villa Saralegui<\/td><td>42<\/td><\/tr><tr><td>Lunes18\/05<\/td><td>San Crist\u00f3bal<\/td><td>762<\/td><\/tr><tr><td><strong>TOTAL TARJETA<\/strong><\/td><td><strong>2861<\/strong><\/td><\/tr><\/tbody><\/table><\/figure>\n\n\n\n<p><strong>Mi\u00e9rcoles, 06 de mayo de 2020<\/strong><a href=\"http:\/\/www.felipemichlig.com\/\" target=\"_blank\" rel=\"noreferrer noopener\">www.felipemichlig.com<\/a><\/p>\n","protected":false},"excerpt":{"rendered":"<p>El Senador Provincial Felipe Michig inform\u00f3 que a trav\u00e9s del Ministerio de Desarrollo Social de&#8230;<\/p>\n","protected":false},"author":3,"featured_media":8271,"comment_status":"closed","ping_status":"closed","sticky":false,"template":"","format":"standard","meta":{"footnotes":""},"categories":[1,3],"tags":[],"class_list":["post-8270","post","type-post","status-publish","format-standard","has-post-thumbnail","hentry","category-uncategorized","category-noticias"],"featured_image_urls":{"full":["https:\/\/fmamiga909.com.ar\/wp-content\/uploads\/2020\/05\/ALIM.jpeg",1280,980,false],"thumbnail":["https:\/\/fmamiga909.com.ar\/wp-content\/uploads\/2020\/05\/ALIM-150x150.jpeg",150,150,true],"medium":["https:\/\/fmamiga909.com.ar\/wp-content\/uploads\/2020\/05\/ALIM-300x230.jpeg",300,230,true],"medium_large":["https:\/\/fmamiga909.com.ar\/wp-content\/uploads\/2020\/05\/ALIM.jpeg",1280,980,false],"large":["https:\/\/fmamiga909.com.ar\/wp-content\/uploads\/2020\/05\/ALIM-1024x784.jpeg",640,490,true],"1536x1536":["https:\/\/fmamiga909.com.ar\/wp-content\/uploads\/2020\/05\/ALIM.jpeg",1280,980,false],"2048x2048":["https:\/\/fmamiga909.com.ar\/wp-content\/uploads\/2020\/05\/ALIM.jpeg",1280,980,false],"newsium-slider-full":["https:\/\/fmamiga909.com.ar\/wp-content\/uploads\/2020\/05\/ALIM.jpeg",1104,845,false],"newsium-featured":["https:\/\/fmamiga909.com.ar\/wp-content\/uploads\/2020\/05\/ALIM.jpeg",1024,784,false],"newsium-medium":["https:\/\/fmamiga909.com.ar\/wp-content\/uploads\/2020\/05\/ALIM.jpeg",620,475,false]},"author_info":{"display_name":"Fredy Giuliano","author_link":"https:\/\/fmamiga909.com.ar\/?author=3"},"category_info":"<a href=\"https:\/\/fmamiga909.com.ar\/?cat=1\" rel=\"category\">La radio<\/a> <a href=\"https:\/\/fmamiga909.com.ar\/?cat=3\" rel=\"category\">Noticias<\/a>","tag_info":"Noticias","comment_count":"0","_links":{"self":[{"href":"https:\/\/fmamiga909.com.ar\/index.php?rest_route=\/wp\/v2\/posts\/8270","targetHints":{"allow":["GET"]}}],"collection":[{"href":"https:\/\/fmamiga909.com.ar\/index.php?rest_route=\/wp\/v2\/posts"}],"about":[{"href":"https:\/\/fmamiga909.com.ar\/index.php?rest_route=\/wp\/v2\/types\/post"}],"author":[{"embeddable":true,"href":"https:\/\/fmamiga909.com.ar\/index.php?rest_route=\/wp\/v2\/users\/3"}],"replies":[{"embeddable":true,"href":"https:\/\/fmamiga909.com.ar\/index.php?rest_route=%2Fwp%2Fv2%2Fcomments&post=8270"}],"version-history":[{"count":1,"href":"https:\/\/fmamiga909.com.ar\/index.php?rest_route=\/wp\/v2\/posts\/8270\/revisions"}],"predecessor-version":[{"id":8272,"href":"https:\/\/fmamiga909.com.ar\/index.php?rest_route=\/wp\/v2\/posts\/8270\/revisions\/8272"}],"wp:featuredmedia":[{"embeddable":true,"href":"https:\/\/fmamiga909.com.ar\/index.php?rest_route=\/wp\/v2\/media\/8271"}],"wp:attachment":[{"href":"https:\/\/fmamiga909.com.ar\/index.php?rest_route=%2Fwp%2Fv2%2Fmedia&parent=8270"}],"wp:term":[{"taxonomy":"category","embeddable":true,"href":"https:\/\/fmamiga909.com.ar\/index.php?rest_route=%2Fwp%2Fv2%2Fcategories&post=8270"},{"taxonomy":"post_tag","embeddable":true,"href":"https:\/\/fmamiga909.com.ar\/index.php?rest_route=%2Fwp%2Fv2%2Ftags&post=8270"}],"curies":[{"name":"wp","href":"https:\/\/api.w.org\/{rel}","templated":true}]}}