{"id":8276,"date":"2020-05-15T02:11:17","date_gmt":"2020-05-15T02:11:17","guid":{"rendered":"http:\/\/fmamiga909.com.ar\/?p=8276"},"modified":"2020-05-15T02:11:19","modified_gmt":"2020-05-15T02:11:19","slug":"senadores-de-la-ucr-solicitan-financiamiento-a-tasa-subsidiada-para-pequenas-empresas-y-ocupaciones-independientes","status":"publish","type":"post","link":"https:\/\/fmamiga909.com.ar\/?p=8276","title":{"rendered":"Senadores de la UCR solicitan financiamiento a tasa subsidiada para peque\u00f1as empresas y ocupaciones independientes"},"content":{"rendered":"\n<p>En la sesi\u00f3n del d\u00eda de la fecha, la C\u00e1mara de Senadores de la Provincia de Santa Fe,&nbsp;<strong>aprob\u00f3<\/strong>&nbsp;por unanimidad un&nbsp;<strong>proyecto de comunicaci\u00f3n presentado por el Bloque de la UCR<\/strong>, por el cual se solicita al Poder Ejecutivo la posibilidad de&nbsp;<strong>\u201cinstrumentar l\u00edneas de financiamiento a tasa subsidiada&nbsp;<\/strong>no solo en el segmento bancario \u2013para el cual tiene al agente financiero de la Provincia- sino tambi\u00e9n&nbsp;<strong>en el segmento no bancario<\/strong>. En este \u00faltimo caso,&nbsp;<strong>mediante acuerdo con las Federaciones de Mutuales<\/strong>&nbsp;que nuclean a las asociaciones mutualistas de la provincia de Santa Fe\u201d.<\/p>\n\n\n\n<p>\u201cAsimismo, a los fines de&nbsp;<strong>incrementar la potencia y economicidad<\/strong>&nbsp;de dicho financiamiento se procure sinergia con el Gobierno Nacional \u2013incorporando al Instituto Nacional de Asociativismo y Econom\u00eda Social&nbsp;<strong>(INAES)<\/strong>&nbsp;de ser necesario- que permita la concurrencia de subsidios del Estado Nacional y Provincial\u201d, indica la comunicaci\u00f3n.<\/p>\n\n\n\n<p>La referida iniciativa lleva la firma de todos los integrantes del Bloque de la UCR, a saber:&nbsp;<strong>Felipe Michlig<\/strong>&nbsp;(San Crist\u00f3bal),&nbsp;<strong>Lisandro Enrico<\/strong>&nbsp;(General L\u00f3pez),&nbsp;<strong>Rodrigo Borla<\/strong>&nbsp;(San Justo),&nbsp;<strong>Orfilio Marc\u00f3n<\/strong>&nbsp;(General Obligado) y&nbsp;<strong>Germ\u00e1n Giacomino<\/strong>&nbsp;(Constituci\u00f3n).<\/p>\n\n\n\n<p><strong><u>Impacto econ\u00f3mico de la Pandemia<\/u><\/strong><\/p>\n\n\n\n<p>Los senadores radicales sostienen que \u201c<strong>la pandemia<\/strong>&nbsp;de COVID-19 ha generado&nbsp;<strong>m\u00faltiples impactos en el campo econ\u00f3mico<\/strong>&nbsp;tornando cr\u00edtica la situaci\u00f3n de casi la totalidad de los actores productivos. Ocuparnos de evitar que los efectos sean a\u00fan m\u00e1s devastadores y&nbsp;<strong>recomponer los procesos de creaci\u00f3n de riqueza y empleo debe ser una prioridad\u201d.<\/strong><\/p>\n\n\n\n<p>Agregan que \u201cpara lograr la&nbsp;<strong>mayor cobertura posible<\/strong>, resulta necesario recurrir a todos los instrumentos que permitan llegar a la diversidad de agentes productivos que son reflejo de&nbsp;<strong>la distinta escala y sectores en que operan.<\/strong><\/p>\n\n\n\n<p><strong><u>La importancia de las mutuales<\/u><\/strong><\/p>\n\n\n\n<p>\u201cLa cobertura de las empresas de escala mediana y grande, salvo contadas excepciones, resulta atendida razonablemente con la concurrencia del sistema financiero&nbsp;&nbsp;y el mercado de capitales. Sin embargo,&nbsp;<strong>las micro y peque\u00f1as empresas y las ocupaciones independientes muchas veces tienen dificultades para el acceso<\/strong>&nbsp;al financiamiento de agentes del segmento bancario\u201d.<\/p>\n\n\n\n<p>En dicha funci\u00f3n desempe\u00f1an un rol esencial una diversidad de operadores del segmento no bancario entre las que se destacan&nbsp;<strong>las asociaciones mutuales<\/strong>. En este contexto ya estamos viendo como este tipo de entidades&nbsp;<strong>han tomado iniciativas<\/strong>&nbsp;poniendo todo su potencial al servicio de las entidades productivas de su comunidad, en muchos casos&nbsp;<strong>en coordinaci\u00f3n con los propios municipios y comunas.<\/strong><\/p>\n\n\n\n<p><strong><u>Combinaci\u00f3n de actores<\/u><\/strong><\/p>\n\n\n\n<p>\u201cIncluso&nbsp;<strong>ya hay experiencias<\/strong>&nbsp;de operatorias de financiamiento con subsidio p\u00fablico de tasa mediante el aporte de los municipios y comunas&nbsp;<strong>que permiten contar con l\u00edneas de financiamiento a tasas m\u00e1s convenientes.<\/strong><\/p>\n\n\n\n<p>Que estas iniciativas&nbsp;<strong>hayan podido concretarse con la integraci\u00f3n de los actores locales<\/strong>&nbsp;(estado y entidades de la sociedad civil)&nbsp;<strong>hace m\u00e1s visible la ausencia del nivel provincial<\/strong>&nbsp;de Estado. Porque si actores peque\u00f1os lo pueden hacer con menores recursos es obvio que no deber\u00eda ser de mayor complejidad para quien&nbsp;<strong>tiene mayores posibilidades<\/strong>&nbsp;en t\u00e9rminos de recursos.<\/p>\n\n\n\n<p>Y, desde una visi\u00f3n optimista, demuestra cu\u00e1nto podr\u00eda aumentar el potencial de esas iniciativas si&nbsp;<strong>se incorporan las capacidades del Estado Provincial, a trav\u00e9s del Ministerio de la Producci\u00f3n, y del Estado Nacional, a trav\u00e9s del Instituto Nacional de Asociativismo y Econom\u00eda Social (INAES)\u201d<\/strong>, destacan los integrantes del Bloque de Senadores de la UCR.<\/p>\n\n\n\n<p>Jueves 14 de mayo de 2020<\/p>\n\n\n\n<figure class=\"wp-block-audio\"><audio controls src=\"https:\/\/fmamiga909.com.ar\/wp-content\/uploads\/2020\/05\/audio-felipe-michlig.mp3\"><\/audio><\/figure>\n\n\n\n<figure class=\"wp-block-image size-large\"><img loading=\"lazy\" decoding=\"async\" width=\"1024\" height=\"696\" src=\"https:\/\/fmamiga909.com.ar\/wp-content\/uploads\/2020\/05\/pymes-1024x696.jpg\" alt=\"\" class=\"wp-image-8278\" srcset=\"https:\/\/fmamiga909.com.ar\/wp-content\/uploads\/2020\/05\/pymes-1024x696.jpg 1024w, https:\/\/fmamiga909.com.ar\/wp-content\/uploads\/2020\/05\/pymes-300x204.jpg 300w, https:\/\/fmamiga909.com.ar\/wp-content\/uploads\/2020\/05\/pymes-1536x1044.jpg 1536w, https:\/\/fmamiga909.com.ar\/wp-content\/uploads\/2020\/05\/pymes-220x150.jpg 220w, https:\/\/fmamiga909.com.ar\/wp-content\/uploads\/2020\/05\/pymes-310x210.jpg 310w, https:\/\/fmamiga909.com.ar\/wp-content\/uploads\/2020\/05\/pymes-950x646.jpg 950w, https:\/\/fmamiga909.com.ar\/wp-content\/uploads\/2020\/05\/pymes.jpg 2000w\" sizes=\"auto, (max-width: 1024px) 100vw, 1024px\" \/><\/figure>\n","protected":false},"excerpt":{"rendered":"<p>En la sesi\u00f3n del d\u00eda de la fecha, la C\u00e1mara de Senadores de la Provincia&#8230;<\/p>\n","protected":false},"author":3,"featured_media":8278,"comment_status":"closed","ping_status":"closed","sticky":false,"template":"","format":"standard","meta":{"footnotes":""},"categories":[1,3],"tags":[],"class_list":["post-8276","post","type-post","status-publish","format-standard","has-post-thumbnail","hentry","category-uncategorized","category-noticias"],"featured_image_urls":{"full":["https:\/\/fmamiga909.com.ar\/wp-content\/uploads\/2020\/05\/pymes.jpg",2000,1360,false],"thumbnail":["https:\/\/fmamiga909.com.ar\/wp-content\/uploads\/2020\/05\/pymes-150x150.jpg",150,150,true],"medium":["https:\/\/fmamiga909.com.ar\/wp-content\/uploads\/2020\/05\/pymes-300x204.jpg",300,204,true],"medium_large":["https:\/\/fmamiga909.com.ar\/wp-content\/uploads\/2020\/05\/pymes.jpg",2000,1360,false],"large":["https:\/\/fmamiga909.com.ar\/wp-content\/uploads\/2020\/05\/pymes-1024x696.jpg",640,435,true],"1536x1536":["https:\/\/fmamiga909.com.ar\/wp-content\/uploads\/2020\/05\/pymes-1536x1044.jpg",1536,1044,true],"2048x2048":["https:\/\/fmamiga909.com.ar\/wp-content\/uploads\/2020\/05\/pymes.jpg",2000,1360,false],"newsium-slider-full":["https:\/\/fmamiga909.com.ar\/wp-content\/uploads\/2020\/05\/pymes.jpg",1243,845,false],"newsium-featured":["https:\/\/fmamiga909.com.ar\/wp-content\/uploads\/2020\/05\/pymes.jpg",1024,696,false],"newsium-medium":["https:\/\/fmamiga909.com.ar\/wp-content\/uploads\/2020\/05\/pymes.jpg",699,475,false]},"author_info":{"display_name":"Fredy Giuliano","author_link":"https:\/\/fmamiga909.com.ar\/?author=3"},"category_info":"<a href=\"https:\/\/fmamiga909.com.ar\/?cat=1\" rel=\"category\">La radio<\/a> <a href=\"https:\/\/fmamiga909.com.ar\/?cat=3\" rel=\"category\">Noticias<\/a>","tag_info":"Noticias","comment_count":"0","_links":{"self":[{"href":"https:\/\/fmamiga909.com.ar\/index.php?rest_route=\/wp\/v2\/posts\/8276","targetHints":{"allow":["GET"]}}],"collection":[{"href":"https:\/\/fmamiga909.com.ar\/index.php?rest_route=\/wp\/v2\/posts"}],"about":[{"href":"https:\/\/fmamiga909.com.ar\/index.php?rest_route=\/wp\/v2\/types\/post"}],"author":[{"embeddable":true,"href":"https:\/\/fmamiga909.com.ar\/index.php?rest_route=\/wp\/v2\/users\/3"}],"replies":[{"embeddable":true,"href":"https:\/\/fmamiga909.com.ar\/index.php?rest_route=%2Fwp%2Fv2%2Fcomments&post=8276"}],"version-history":[{"count":1,"href":"https:\/\/fmamiga909.com.ar\/index.php?rest_route=\/wp\/v2\/posts\/8276\/revisions"}],"predecessor-version":[{"id":8279,"href":"https:\/\/fmamiga909.com.ar\/index.php?rest_route=\/wp\/v2\/posts\/8276\/revisions\/8279"}],"wp:featuredmedia":[{"embeddable":true,"href":"https:\/\/fmamiga909.com.ar\/index.php?rest_route=\/wp\/v2\/media\/8278"}],"wp:attachment":[{"href":"https:\/\/fmamiga909.com.ar\/index.php?rest_route=%2Fwp%2Fv2%2Fmedia&parent=8276"}],"wp:term":[{"taxonomy":"category","embeddable":true,"href":"https:\/\/fmamiga909.com.ar\/index.php?rest_route=%2Fwp%2Fv2%2Fcategories&post=8276"},{"taxonomy":"post_tag","embeddable":true,"href":"https:\/\/fmamiga909.com.ar\/index.php?rest_route=%2Fwp%2Fv2%2Ftags&post=8276"}],"curies":[{"name":"wp","href":"https:\/\/api.w.org\/{rel}","templated":true}]}}