{"id":8283,"date":"2020-05-22T23:33:17","date_gmt":"2020-05-22T23:33:17","guid":{"rendered":"http:\/\/fmamiga909.com.ar\/?p=8283"},"modified":"2020-05-22T23:33:18","modified_gmt":"2020-05-22T23:33:18","slug":"obras-paralizadas-en-el-departamento-san-cristobal","status":"publish","type":"post","link":"https:\/\/fmamiga909.com.ar\/?p=8283","title":{"rendered":"Obras paralizadas en el departamento San Crist\u00f3bal"},"content":{"rendered":"\n<p><strong><u>El Senador Michlig mantuvo una audiencia con la Ministra de Infraestructura por obras paralizadas en el departamento San Crist\u00f3bal<\/u><\/strong><\/p>\n\n\n\n<p>El Senador Felipe Michlig mantuvo una audiencia con la Ministra&nbsp;de Infraestructura, Servicios P\u00fablicos y H\u00e1bitat, Silvina Frana, oportunidad en la que acerc\u00f3 un listado de obras prioritarias para localidades del departamento San Crist\u00f3bal, \u201cque se encuentran en distintos estados administrativos y\/o de ejecuci\u00f3n\u201d.<\/p>\n\n\n\n<p>Participaron de la reuni\u00f3n junto al Senador Michlig el Secretario del Bloque de la UCR, Dr. Agust\u00edn Lemos y el Sec. Priv, C.P.N. Adri\u00e1n Lucca.<\/p>\n\n\n\n<p><strong><u>\u201cSon todas obras muy importantes que est\u00e1n paradas\u201d<\/u><\/strong><\/p>\n\n\n\n<p>Al t\u00e9rmino del encuentro desarrollado en el despacho ministerial de Casa de Gobierno, el representante departamental, -luego de agradecer \u201cla deferencia de la Ministra de conceder r\u00e1pidamente la audiencia\u201d- se\u00f1al\u00f3 que \u201ctrajimos un listado de obras (ver cuadro abajo) que son muy importantes para cada distrito, todas reclamadas por las autoridades locales y la poblaci\u00f3n de cada lugar desde hace mucho tiempo y que al presente pr\u00e1cticamente todas se encuentran paralizadas o en stand-by desde el inicio de la presente gesti\u00f3n, incluso algunas que ya ten\u00edan significativos grados de avances\u201d.<\/p>\n\n\n\n<p>Entre otros conceptos vertidos, el Senador Michlig agreg\u00f3 que \u201cla reuni\u00f3n fue un primer paso para compartir la agenda de obras que reclamamos reactivar en el departamento San Crist\u00f3bal e imponer a las nuevas autoridades los detalles de cada una de ellas, ya que en algunas casos est\u00e1n&nbsp;&nbsp;licitadas&nbsp;&nbsp;y adjudicadas y\/o con contratos firmados, otras en ejecuci\u00f3n aunque suspendidas por falta pago de certificados, otras prorrogadas y\/o totalmente paralizadas. La cuesti\u00f3n es que no hay ning\u00fan grado de avance desde hace largo meses y eso es lo que nos preocupa profundamente, m\u00e1s all\u00e1 de que entendemos el contexto general, pero tambi\u00e9n sabemos que son obras que tienen asignaci\u00f3n presupuestaria espec\u00edfica para el presente ejercicio anual\u201d.<\/p>\n\n\n\n<p>\u201cLa Ministra comparti\u00f3 nuestra preocupaci\u00f3n y se mostr\u00f3 predispuesta a evaluar cada uno de los expedientes para ir&nbsp;&nbsp;viendo la posibilidad de comenzar a reactivar las obras reclamadas\u201d, agreg\u00f3 el Senador.<\/p>\n\n\n\n<p><strong><u>Obras evaluadas:<\/u><\/strong><\/p>\n\n\n\n<figure class=\"wp-block-table\"><table><tbody><tr><td><strong>LOCALIDAD<\/strong><\/td><td><strong>OBRA<\/strong><\/td><\/tr><tr><td><strong>CERES<\/strong><\/td><td>&nbsp;Centro Educaci\u00f3n F\u00edsica N\u00ba 40&nbsp;&nbsp;<em>(en ejecuci\u00f3n, suspendida)<\/em><\/td><\/tr><tr><td>&nbsp;Plan de 20 viviendas&nbsp;<em>(en ejecuci\u00f3n)<\/em><\/td><\/tr><tr><td>Profesorado E.M.P.A. en instalaciones del Hospital Viejo de la ciudad&nbsp;<em>(Licitado)<\/em><\/td><\/tr><tr><td><strong>SAN CRISTOBAL<\/strong><\/td><td>Pavimento adjudicado en calle Belgrano-Jun\u00edn y La Paz&nbsp;<em>(Licitado, adjudicado y contrato de obra firmado)<\/em><\/td><\/tr><tr><td><strong>SUARDI<\/strong><\/td><td>Segunda Etapa de obra Cord\u00f3n Cuneta y ripio en Boulevard San Martin&nbsp;&nbsp;<em>(Licitado, adjudicado y contrato firmado)<\/em><\/td><\/tr><tr><td><strong>SAN GUILLERMO<\/strong><strong><\/strong><\/td><td>Pavimento Urbano. Proyecto de $ 6.700.000 del cual se pagaron $ 3.500.000 quedando un saldo impago de $3.200.000.&nbsp;&nbsp;<em>(Obra paralizada)<\/em><\/td><\/tr><tr><td><strong>ARRUFO<\/strong><\/td><td>Convenio desag\u00fces por $ 3.000.000.&nbsp;&nbsp;<em>(en ejecuci\u00f3n &#8211; suspendida)<\/em><\/td><\/tr><tr><td><strong>MOISES VILLE<\/strong><\/td><td>Dos cuadras de pavimento aprobado, licitado y adjudicado&nbsp;<em>(<\/em><em>PROMUDI<\/em><em>)&nbsp;&nbsp;(Licitado y adjudicado)<\/em><\/td><\/tr><tr><td><strong>OTRAS<\/strong><\/td><td>Pavimentaci\u00f3n Ruta N\u00ba 39&nbsp;tramo Rio Salado \u2013Ruta 2 San Crist\u00f3bal&nbsp;&nbsp;<em>(Licitaci\u00f3n Prorrogada)<\/em><\/td><\/tr><tr><td>Repavimentaci\u00f3n&nbsp;&nbsp;Ruta&nbsp;&nbsp;N\u00ba 2&nbsp;&nbsp;<em>(licitado y adjudicado)<\/em>&nbsp;tramo Nueva Italia (Dpto.&nbsp;&nbsp;9 Julio) a Huanqueros&nbsp;<em>&nbsp;(Dpto. San Crist\u00f3bal). (Contrato firmado e instalaci\u00f3n parcial del obrador)<\/em><\/td><\/tr><\/tbody><\/table><\/figure>\n\n\n\n<p><em>Viernes, 22 de mayo de 2020<br><a href=\"http:\/\/www.felipemichlig.com\/\" target=\"_blank\" rel=\"noreferrer noopener\">www.felipemichlig.com<\/a><\/em><\/p>\n","protected":false},"excerpt":{"rendered":"<p>El Senador Michlig mantuvo una audiencia con la Ministra de Infraestructura por obras paralizadas en&#8230;<\/p>\n","protected":false},"author":3,"featured_media":8285,"comment_status":"closed","ping_status":"closed","sticky":false,"template":"","format":"standard","meta":{"footnotes":""},"categories":[1,3],"tags":[],"class_list":["post-8283","post","type-post","status-publish","format-standard","has-post-thumbnail","hentry","category-uncategorized","category-noticias"],"featured_image_urls":{"full":["https:\/\/fmamiga909.com.ar\/wp-content\/uploads\/2020\/05\/michlig-frana-1.jpg",768,461,false],"thumbnail":["https:\/\/fmamiga909.com.ar\/wp-content\/uploads\/2020\/05\/michlig-frana-1-150x150.jpg",150,150,true],"medium":["https:\/\/fmamiga909.com.ar\/wp-content\/uploads\/2020\/05\/michlig-frana-1-300x180.jpg",300,180,true],"medium_large":["https:\/\/fmamiga909.com.ar\/wp-content\/uploads\/2020\/05\/michlig-frana-1.jpg",768,461,false],"large":["https:\/\/fmamiga909.com.ar\/wp-content\/uploads\/2020\/05\/michlig-frana-1.jpg",640,384,false],"1536x1536":["https:\/\/fmamiga909.com.ar\/wp-content\/uploads\/2020\/05\/michlig-frana-1.jpg",768,461,false],"2048x2048":["https:\/\/fmamiga909.com.ar\/wp-content\/uploads\/2020\/05\/michlig-frana-1.jpg",768,461,false],"newsium-slider-full":["https:\/\/fmamiga909.com.ar\/wp-content\/uploads\/2020\/05\/michlig-frana-1.jpg",768,461,false],"newsium-featured":["https:\/\/fmamiga909.com.ar\/wp-content\/uploads\/2020\/05\/michlig-frana-1.jpg",768,461,false],"newsium-medium":["https:\/\/fmamiga909.com.ar\/wp-content\/uploads\/2020\/05\/michlig-frana-1.jpg",720,432,false]},"author_info":{"display_name":"Fredy Giuliano","author_link":"https:\/\/fmamiga909.com.ar\/?author=3"},"category_info":"<a href=\"https:\/\/fmamiga909.com.ar\/?cat=1\" rel=\"category\">La radio<\/a> <a href=\"https:\/\/fmamiga909.com.ar\/?cat=3\" rel=\"category\">Noticias<\/a>","tag_info":"Noticias","comment_count":"0","_links":{"self":[{"href":"https:\/\/fmamiga909.com.ar\/index.php?rest_route=\/wp\/v2\/posts\/8283","targetHints":{"allow":["GET"]}}],"collection":[{"href":"https:\/\/fmamiga909.com.ar\/index.php?rest_route=\/wp\/v2\/posts"}],"about":[{"href":"https:\/\/fmamiga909.com.ar\/index.php?rest_route=\/wp\/v2\/types\/post"}],"author":[{"embeddable":true,"href":"https:\/\/fmamiga909.com.ar\/index.php?rest_route=\/wp\/v2\/users\/3"}],"replies":[{"embeddable":true,"href":"https:\/\/fmamiga909.com.ar\/index.php?rest_route=%2Fwp%2Fv2%2Fcomments&post=8283"}],"version-history":[{"count":1,"href":"https:\/\/fmamiga909.com.ar\/index.php?rest_route=\/wp\/v2\/posts\/8283\/revisions"}],"predecessor-version":[{"id":8284,"href":"https:\/\/fmamiga909.com.ar\/index.php?rest_route=\/wp\/v2\/posts\/8283\/revisions\/8284"}],"wp:featuredmedia":[{"embeddable":true,"href":"https:\/\/fmamiga909.com.ar\/index.php?rest_route=\/wp\/v2\/media\/8285"}],"wp:attachment":[{"href":"https:\/\/fmamiga909.com.ar\/index.php?rest_route=%2Fwp%2Fv2%2Fmedia&parent=8283"}],"wp:term":[{"taxonomy":"category","embeddable":true,"href":"https:\/\/fmamiga909.com.ar\/index.php?rest_route=%2Fwp%2Fv2%2Fcategories&post=8283"},{"taxonomy":"post_tag","embeddable":true,"href":"https:\/\/fmamiga909.com.ar\/index.php?rest_route=%2Fwp%2Fv2%2Ftags&post=8283"}],"curies":[{"name":"wp","href":"https:\/\/api.w.org\/{rel}","templated":true}]}}