{"id":8296,"date":"2020-06-05T22:57:55","date_gmt":"2020-06-05T22:57:55","guid":{"rendered":"http:\/\/fmamiga909.com.ar\/?p=8296"},"modified":"2020-06-05T22:57:57","modified_gmt":"2020-06-05T22:57:57","slug":"solicitan-la-utilizacion-de-cajeros-automaticos-moviles","status":"publish","type":"post","link":"https:\/\/fmamiga909.com.ar\/?p=8296","title":{"rendered":"Solicitan la utilizaci\u00f3n de cajeros autom\u00e1ticos m\u00f3viles"},"content":{"rendered":"\n<p><strong><u>Senadores radicales solicitan la implementaci\u00f3n de cajeros autom\u00e1ticos m\u00f3viles en localidades provinciales<\/u><\/strong><\/p>\n\n\n\n<p>El Bloque de Senadores de la UCR solicit\u00f3 al Poder Ejecutivo Provincial que&nbsp;&nbsp;\u201cgestione ante el Agente Financiero -Nuevo Banco de Santa Fe- la utilizaci\u00f3n de cajeros autom\u00e1ticos m\u00f3viles rotativos, a los fines de garantizar la disponibilidad de dinero en efectivo y acceso a la funciones financieras habituales en localidades que no cuentan con el servicio, o que por la demanda poblacional, los cajeros existentes resultan insuficientes\u201d.<\/p>\n\n\n\n<p>El Pte. de la bancada radical, sostuvo que \u201cel Agente Financiero del Estado Provincial\u201d tiene&nbsp;&nbsp;la obligaci\u00f3n -asumida en el respectivo contrato de vinculaci\u00f3n con el Estado Provincial- de ir instalando progresivamente cajeros en las localidades m\u00e1s peque\u00f1as, pero \u2013adem\u00e1s- creemos necesarios que garantice el servicio complement\u00e1ndolo -de acuerdo a la necesidad de cada lugar- con servicios de cajeros m\u00f3viles como se hace en otras provincias, como por ejemplo las de Buenos Aires y Chubut\u201d.<\/p>\n\n\n\n<p><strong><u>Potenciar el circuito econ\u00f3mico local<\/u><\/strong><\/p>\n\n\n\n<p>\u201cEn muchos lugares los ciudadanos se trasladan de una localidad a otra y gastan el dinero en la localidad que est\u00e1n obligados a retirarlo, perdiendo -el distrito de residencia- la posibilidad de potenciar su circuito econ\u00f3mico. Es all\u00ed donde la pol\u00edtica p\u00fablica debe intensificar su atenci\u00f3n recurriendo a intervenciones puntuales que corrijan las soluciones del mercado que no sean socialmente \u00f3ptimas\u201d, sostienen los legisladores.<\/p>\n\n\n\n<p>La iniciativa es suscripta por todos los Senadores que integran el Bloque de la UCR: su Presidente Felipe Michlig (San Crist\u00f3bal), Lisandro Enrico (General L\u00f3pez), Rodrigo Borla (San Justo), Orfilio Marc\u00f3n (General Obligado) y Germ\u00e1n Giacomino (Constituci\u00f3n).<\/p>\n\n\n\n<p>Viernes 05 de junio de 2020<a href=\"http:\/\/www.felipemichlig.com\/\" target=\"_blank\" rel=\"noreferrer noopener\">www.felipemichlig.com<\/a><\/p>\n","protected":false},"excerpt":{"rendered":"<p>Senadores radicales solicitan la implementaci\u00f3n de cajeros autom\u00e1ticos m\u00f3viles en localidades provinciales El Bloque de&#8230;<\/p>\n","protected":false},"author":3,"featured_media":8297,"comment_status":"closed","ping_status":"closed","sticky":false,"template":"","format":"standard","meta":{"footnotes":""},"categories":[1,3],"tags":[],"class_list":["post-8296","post","type-post","status-publish","format-standard","has-post-thumbnail","hentry","category-uncategorized","category-noticias"],"featured_image_urls":{"full":["https:\/\/fmamiga909.com.ar\/wp-content\/uploads\/2020\/06\/227982_cajero.jpg",1024,680,false],"thumbnail":["https:\/\/fmamiga909.com.ar\/wp-content\/uploads\/2020\/06\/227982_cajero-150x150.jpg",150,150,true],"medium":["https:\/\/fmamiga909.com.ar\/wp-content\/uploads\/2020\/06\/227982_cajero-300x199.jpg",300,199,true],"medium_large":["https:\/\/fmamiga909.com.ar\/wp-content\/uploads\/2020\/06\/227982_cajero.jpg",1024,680,false],"large":["https:\/\/fmamiga909.com.ar\/wp-content\/uploads\/2020\/06\/227982_cajero.jpg",640,425,false],"1536x1536":["https:\/\/fmamiga909.com.ar\/wp-content\/uploads\/2020\/06\/227982_cajero.jpg",1024,680,false],"2048x2048":["https:\/\/fmamiga909.com.ar\/wp-content\/uploads\/2020\/06\/227982_cajero.jpg",1024,680,false],"newsium-slider-full":["https:\/\/fmamiga909.com.ar\/wp-content\/uploads\/2020\/06\/227982_cajero.jpg",1024,680,false],"newsium-featured":["https:\/\/fmamiga909.com.ar\/wp-content\/uploads\/2020\/06\/227982_cajero.jpg",1024,680,false],"newsium-medium":["https:\/\/fmamiga909.com.ar\/wp-content\/uploads\/2020\/06\/227982_cajero.jpg",715,475,false]},"author_info":{"display_name":"Fredy Giuliano","author_link":"https:\/\/fmamiga909.com.ar\/?author=3"},"category_info":"<a href=\"https:\/\/fmamiga909.com.ar\/?cat=1\" rel=\"category\">La radio<\/a> <a href=\"https:\/\/fmamiga909.com.ar\/?cat=3\" rel=\"category\">Noticias<\/a>","tag_info":"Noticias","comment_count":"0","_links":{"self":[{"href":"https:\/\/fmamiga909.com.ar\/index.php?rest_route=\/wp\/v2\/posts\/8296","targetHints":{"allow":["GET"]}}],"collection":[{"href":"https:\/\/fmamiga909.com.ar\/index.php?rest_route=\/wp\/v2\/posts"}],"about":[{"href":"https:\/\/fmamiga909.com.ar\/index.php?rest_route=\/wp\/v2\/types\/post"}],"author":[{"embeddable":true,"href":"https:\/\/fmamiga909.com.ar\/index.php?rest_route=\/wp\/v2\/users\/3"}],"replies":[{"embeddable":true,"href":"https:\/\/fmamiga909.com.ar\/index.php?rest_route=%2Fwp%2Fv2%2Fcomments&post=8296"}],"version-history":[{"count":1,"href":"https:\/\/fmamiga909.com.ar\/index.php?rest_route=\/wp\/v2\/posts\/8296\/revisions"}],"predecessor-version":[{"id":8298,"href":"https:\/\/fmamiga909.com.ar\/index.php?rest_route=\/wp\/v2\/posts\/8296\/revisions\/8298"}],"wp:featuredmedia":[{"embeddable":true,"href":"https:\/\/fmamiga909.com.ar\/index.php?rest_route=\/wp\/v2\/media\/8297"}],"wp:attachment":[{"href":"https:\/\/fmamiga909.com.ar\/index.php?rest_route=%2Fwp%2Fv2%2Fmedia&parent=8296"}],"wp:term":[{"taxonomy":"category","embeddable":true,"href":"https:\/\/fmamiga909.com.ar\/index.php?rest_route=%2Fwp%2Fv2%2Fcategories&post=8296"},{"taxonomy":"post_tag","embeddable":true,"href":"https:\/\/fmamiga909.com.ar\/index.php?rest_route=%2Fwp%2Fv2%2Ftags&post=8296"}],"curies":[{"name":"wp","href":"https:\/\/api.w.org\/{rel}","templated":true}]}}