{"id":8299,"date":"2020-06-05T22:59:31","date_gmt":"2020-06-05T22:59:31","guid":{"rendered":"http:\/\/fmamiga909.com.ar\/?p=8299"},"modified":"2020-06-05T22:59:32","modified_gmt":"2020-06-05T22:59:32","slug":"solicitan-respuestas-para-todo-el-personal-de-salud-de-la-provincia","status":"publish","type":"post","link":"https:\/\/fmamiga909.com.ar\/?p=8299","title":{"rendered":"Solicitan respuestas para todo el personal de salud de la provincia"},"content":{"rendered":"\n<p><strong><u>El Senador Michlig solicit\u00f3 que se abonen los 5000 pesos a todos los trabajadores de Salud y se regularicen situaciones laborales<\/u><\/strong><\/p>\n\n\n\n<p>El Senador Provincial Felipe Michlig, a trav\u00e9s de un proyecto de Comunicaci\u00f3n solicit\u00f3 al Poder Ejecutivo que se concrete -en forma urgente- \u00abel pago de la asignaci\u00f3n est\u00edmulo de $ 5000 por la efectiva prestaci\u00f3n de servicios, en forma presencial, a todos los trabajadores del sistema p\u00fablico y privado que cumplen funciones en el marco de la pandemia del COVD-19.<\/p>\n\n\n\n<p>Por otra parte -a trav\u00e9s de un pedido de informes- solicit\u00f3 \u201cconocer las vacantes existentes en el sistema de salud p\u00fablica de la provincia, en vista de regularizar situaciones laborales del personal de todas las \u00e1rea que se encuentran informalizados o bajo modalidades no convencionales\u201d, explic\u00f3 el Senador Michlig.<\/p>\n\n\n\n<p>Las iniciativas tambi\u00e9n fueron acompa\u00f1adas por todos los Senadores que integran el Bloque de la UCR: su Presidente Felipe Michlig (San Crist\u00f3bal), Lisandro Enrico (General L\u00f3pez), Rodrigo Borla (San Justo), Orfilio Marc\u00f3n (General Obligado) y Germ\u00e1n Giacomino (Constituci\u00f3n).<\/p>\n\n\n\n<p><strong><u>\u201cSe haga efectiva en forma inmediata y sin discriminaci\u00f3n\u201d<\/u><\/strong><\/p>\n\n\n\n<p>En los fundamentos del proyecto se sostiene que \u201cen el marco de los Decretos regulatorios, el ministro de Salud de la Naci\u00f3n, Gin\u00e9s Gonz\u00e1lez Garc\u00eda y el ministro de Trabajo, Claudio Moroni formalizaron y reglamentaron una bonificaci\u00f3n de $5.000 para los trabajadores y trabajadoras de la salud que se sumar\u00e1 a sus salarios de abril, mayo, junio y julio en el marco de las medidas tomadas en la emergencia sanitaria.<\/p>\n\n\n\n<p>La medida alcanza a \u00ablos trabajadores\/as, profesionales, t\u00e9cnicos\/as, auxiliares y ayudantes en relaci\u00f3n de dependencia de todo el sistema de salud, en instituciones asistenciales p\u00fablicas, privadas y de la seguridad social, abocados a la pandemia del COVD-19&#8243;, conforme lo dispuesto por el Sr. Presidente de la Naci\u00f3n en el decreto N\u00b0 315\/20\u00bb.<\/p>\n\n\n\n<p>Debido a la limitaci\u00f3n impuesta por el gobierno nacional, el gobierno provincial anunci\u00f3, que pagar\u00e1 los $5.000 pesos, no solo al personal mencionado en la norma nacional, sino que tambi\u00e9n a todo el personal de salud del nivel primario. Ante la situaci\u00f3n generada por los dichos del gobierno santafesino, solicitamos la efectivizaci\u00f3n inmediata y sin discriminaci\u00f3n del bono mencionado para todos los destinatarios del sistema p\u00fablico y privado antes mencionados\u201d.<br><\/p>\n","protected":false},"excerpt":{"rendered":"<p>El Senador Michlig solicit\u00f3 que se abonen los 5000 pesos a todos los trabajadores de&#8230;<\/p>\n","protected":false},"author":3,"featured_media":8300,"comment_status":"closed","ping_status":"closed","sticky":false,"template":"","format":"standard","meta":{"footnotes":""},"categories":[1,3],"tags":[],"class_list":["post-8299","post","type-post","status-publish","format-standard","has-post-thumbnail","hentry","category-uncategorized","category-noticias"],"featured_image_urls":{"full":["https:\/\/fmamiga909.com.ar\/wp-content\/uploads\/2020\/06\/salud.jpg",800,511,false],"thumbnail":["https:\/\/fmamiga909.com.ar\/wp-content\/uploads\/2020\/06\/salud-150x150.jpg",150,150,true],"medium":["https:\/\/fmamiga909.com.ar\/wp-content\/uploads\/2020\/06\/salud-300x192.jpg",300,192,true],"medium_large":["https:\/\/fmamiga909.com.ar\/wp-content\/uploads\/2020\/06\/salud.jpg",800,511,false],"large":["https:\/\/fmamiga909.com.ar\/wp-content\/uploads\/2020\/06\/salud.jpg",640,409,false],"1536x1536":["https:\/\/fmamiga909.com.ar\/wp-content\/uploads\/2020\/06\/salud.jpg",800,511,false],"2048x2048":["https:\/\/fmamiga909.com.ar\/wp-content\/uploads\/2020\/06\/salud.jpg",800,511,false],"newsium-slider-full":["https:\/\/fmamiga909.com.ar\/wp-content\/uploads\/2020\/06\/salud.jpg",800,511,false],"newsium-featured":["https:\/\/fmamiga909.com.ar\/wp-content\/uploads\/2020\/06\/salud.jpg",800,511,false],"newsium-medium":["https:\/\/fmamiga909.com.ar\/wp-content\/uploads\/2020\/06\/salud.jpg",720,460,false]},"author_info":{"display_name":"Fredy Giuliano","author_link":"https:\/\/fmamiga909.com.ar\/?author=3"},"category_info":"<a href=\"https:\/\/fmamiga909.com.ar\/?cat=1\" rel=\"category\">La radio<\/a> <a href=\"https:\/\/fmamiga909.com.ar\/?cat=3\" rel=\"category\">Noticias<\/a>","tag_info":"Noticias","comment_count":"0","_links":{"self":[{"href":"https:\/\/fmamiga909.com.ar\/index.php?rest_route=\/wp\/v2\/posts\/8299","targetHints":{"allow":["GET"]}}],"collection":[{"href":"https:\/\/fmamiga909.com.ar\/index.php?rest_route=\/wp\/v2\/posts"}],"about":[{"href":"https:\/\/fmamiga909.com.ar\/index.php?rest_route=\/wp\/v2\/types\/post"}],"author":[{"embeddable":true,"href":"https:\/\/fmamiga909.com.ar\/index.php?rest_route=\/wp\/v2\/users\/3"}],"replies":[{"embeddable":true,"href":"https:\/\/fmamiga909.com.ar\/index.php?rest_route=%2Fwp%2Fv2%2Fcomments&post=8299"}],"version-history":[{"count":1,"href":"https:\/\/fmamiga909.com.ar\/index.php?rest_route=\/wp\/v2\/posts\/8299\/revisions"}],"predecessor-version":[{"id":8301,"href":"https:\/\/fmamiga909.com.ar\/index.php?rest_route=\/wp\/v2\/posts\/8299\/revisions\/8301"}],"wp:featuredmedia":[{"embeddable":true,"href":"https:\/\/fmamiga909.com.ar\/index.php?rest_route=\/wp\/v2\/media\/8300"}],"wp:attachment":[{"href":"https:\/\/fmamiga909.com.ar\/index.php?rest_route=%2Fwp%2Fv2%2Fmedia&parent=8299"}],"wp:term":[{"taxonomy":"category","embeddable":true,"href":"https:\/\/fmamiga909.com.ar\/index.php?rest_route=%2Fwp%2Fv2%2Fcategories&post=8299"},{"taxonomy":"post_tag","embeddable":true,"href":"https:\/\/fmamiga909.com.ar\/index.php?rest_route=%2Fwp%2Fv2%2Ftags&post=8299"}],"curies":[{"name":"wp","href":"https:\/\/api.w.org\/{rel}","templated":true}]}}