{"id":8311,"date":"2020-06-17T14:24:09","date_gmt":"2020-06-17T14:24:09","guid":{"rendered":"http:\/\/fmamiga909.com.ar\/?p=8311"},"modified":"2020-06-17T14:24:39","modified_gmt":"2020-06-17T14:24:39","slug":"diego-mansilla-comunico-las-ultimas-medidas-y-prestaciones-de-anses","status":"publish","type":"post","link":"https:\/\/fmamiga909.com.ar\/?p=8311","title":{"rendered":"Diego Mansilla comunic\u00f3 las \u00faltimas medidas y prestaciones de ANSES"},"content":{"rendered":"\n<p>Diego Mansilla comunic\u00f3 las \u00faltimas medidas y prestaciones de ANSESEl Jefe Regi\u00f3n Litoral de ANSES (Administraci\u00f3n Nacional de la Seguridad Social), Diego Mansilla, comunic\u00f3 en Radio EME las \u00faltimas medidas y prestaciones tomadas en relaci\u00f3n a los distintos Programas Sociales implementados en el territorio nacional y, principalmente, en territorio santafesino.\u201cEl segundo pago del IFE se concret\u00f3, se seguir\u00e1 analizando cu\u00e1les son los alcances del aislamiento en todo el pa\u00eds\u201d.\u201cEs una realidad din\u00e1mica y cambiante, y se va analizando la situaci\u00f3n d\u00eda a d\u00eda. Hoy el problema esta focalizado en el AMBA, pero hay que ser claros que \u00e9sto no termin\u00f3\u201d.\u201cQueremos darle cierto marco de formalidad a todos los beneficiarios de la prestaci\u00f3n\u201d.\u201cPara aquellas personas que no tienen CBU estamos pidiendo que puedan realizarse una, es gratuita y pueden hacerla en cualquiera de los bancos. De esa manera hacemos el pago del calendario mucho m\u00e1s f\u00e1cil\u201d.\u201cNosotros vamos a trabajar para que todos puedan cobrarlo, incluso los que no tienen el CBU. Queremos dejar en claro que todos los beneficiarios del IFE van a cobrarlo\u201d.\u201cYa no pueden inscribirse para cobrar al pago del bono del IFE\u201d.\u201cEn el segundo pago del IFE tienen que confirmar su CBU\u201d.\u201cLa tarjeta Alimentar est\u00e1 vigente, no tiene fecha de vencimiento, es una pol\u00edtica implementada por el Gobierno Nacional y fue antes de la pandemia. Es una pol\u00edtica que lleg\u00f3 para quedarse\u201d.\u201cSi cobras AUH y tenes hijos hasta 6 a\u00f1os de edad, no hay que hacer ning\u00fan tr\u00e1mite, es autom\u00e1tico\u201d.<a href=\"https:\/\/l.facebook.com\/l.php?u=http%3A%2F%2Fradioeme.com%2F%3Ffbclid%3DIwAR3vVkc7VyzLywdKijf295NlTWS4wawj6IJ5wNvTcuYmjgDb7gvdbiuC724&amp;h=AT02L4Z6Dd7_bciJGlSYbLhzNaDAH6PRImh6IS3xrCXCPgBtVpCzUvnDLFL6eE83t_Rk1xRtsnsc_E2tAi6dcvWNOWRSpjVQG3zoglhH5nF6UcHBe15Nbdnsbx7xsMLNkd0&amp;__tn__=-UK-R\" rel=\"noreferrer noopener\" target=\"_blank\">radioeme.com<\/a><\/p>\n","protected":false},"excerpt":{"rendered":"<p>Diego Mansilla comunic\u00f3 las \u00faltimas medidas y prestaciones de ANSESEl Jefe Regi\u00f3n Litoral de ANSES&#8230;<\/p>\n","protected":false},"author":3,"featured_media":8313,"comment_status":"closed","ping_status":"closed","sticky":false,"template":"","format":"standard","meta":{"footnotes":""},"categories":[1,3],"tags":[],"class_list":["post-8311","post","type-post","status-publish","format-standard","has-post-thumbnail","hentry","category-uncategorized","category-noticias"],"featured_image_urls":{"full":["https:\/\/fmamiga909.com.ar\/wp-content\/uploads\/2020\/06\/descarga.jpg",275,183,false],"thumbnail":["https:\/\/fmamiga909.com.ar\/wp-content\/uploads\/2020\/06\/descarga-150x150.jpg",150,150,true],"medium":["https:\/\/fmamiga909.com.ar\/wp-content\/uploads\/2020\/06\/descarga.jpg",275,183,false],"medium_large":["https:\/\/fmamiga909.com.ar\/wp-content\/uploads\/2020\/06\/descarga.jpg",275,183,false],"large":["https:\/\/fmamiga909.com.ar\/wp-content\/uploads\/2020\/06\/descarga.jpg",275,183,false],"1536x1536":["https:\/\/fmamiga909.com.ar\/wp-content\/uploads\/2020\/06\/descarga.jpg",275,183,false],"2048x2048":["https:\/\/fmamiga909.com.ar\/wp-content\/uploads\/2020\/06\/descarga.jpg",275,183,false],"newsium-slider-full":["https:\/\/fmamiga909.com.ar\/wp-content\/uploads\/2020\/06\/descarga.jpg",275,183,false],"newsium-featured":["https:\/\/fmamiga909.com.ar\/wp-content\/uploads\/2020\/06\/descarga.jpg",275,183,false],"newsium-medium":["https:\/\/fmamiga909.com.ar\/wp-content\/uploads\/2020\/06\/descarga.jpg",275,183,false]},"author_info":{"display_name":"Fredy Giuliano","author_link":"https:\/\/fmamiga909.com.ar\/?author=3"},"category_info":"<a href=\"https:\/\/fmamiga909.com.ar\/?cat=1\" rel=\"category\">La radio<\/a> <a href=\"https:\/\/fmamiga909.com.ar\/?cat=3\" rel=\"category\">Noticias<\/a>","tag_info":"Noticias","comment_count":"0","_links":{"self":[{"href":"https:\/\/fmamiga909.com.ar\/index.php?rest_route=\/wp\/v2\/posts\/8311","targetHints":{"allow":["GET"]}}],"collection":[{"href":"https:\/\/fmamiga909.com.ar\/index.php?rest_route=\/wp\/v2\/posts"}],"about":[{"href":"https:\/\/fmamiga909.com.ar\/index.php?rest_route=\/wp\/v2\/types\/post"}],"author":[{"embeddable":true,"href":"https:\/\/fmamiga909.com.ar\/index.php?rest_route=\/wp\/v2\/users\/3"}],"replies":[{"embeddable":true,"href":"https:\/\/fmamiga909.com.ar\/index.php?rest_route=%2Fwp%2Fv2%2Fcomments&post=8311"}],"version-history":[{"count":1,"href":"https:\/\/fmamiga909.com.ar\/index.php?rest_route=\/wp\/v2\/posts\/8311\/revisions"}],"predecessor-version":[{"id":8312,"href":"https:\/\/fmamiga909.com.ar\/index.php?rest_route=\/wp\/v2\/posts\/8311\/revisions\/8312"}],"wp:featuredmedia":[{"embeddable":true,"href":"https:\/\/fmamiga909.com.ar\/index.php?rest_route=\/wp\/v2\/media\/8313"}],"wp:attachment":[{"href":"https:\/\/fmamiga909.com.ar\/index.php?rest_route=%2Fwp%2Fv2%2Fmedia&parent=8311"}],"wp:term":[{"taxonomy":"category","embeddable":true,"href":"https:\/\/fmamiga909.com.ar\/index.php?rest_route=%2Fwp%2Fv2%2Fcategories&post=8311"},{"taxonomy":"post_tag","embeddable":true,"href":"https:\/\/fmamiga909.com.ar\/index.php?rest_route=%2Fwp%2Fv2%2Ftags&post=8311"}],"curies":[{"name":"wp","href":"https:\/\/api.w.org\/{rel}","templated":true}]}}