{"id":8317,"date":"2020-06-24T02:56:29","date_gmt":"2020-06-24T02:56:29","guid":{"rendered":"http:\/\/fmamiga909.com.ar\/?p=8317"},"modified":"2020-06-24T02:56:30","modified_gmt":"2020-06-24T02:56:30","slug":"teleconferencia-comite-dptal-de-emergencia","status":"publish","type":"post","link":"https:\/\/fmamiga909.com.ar\/?p=8317","title":{"rendered":"Teleconferencia Comit\u00e9 Dptal. de emergencia"},"content":{"rendered":"\n<p><em>Covid-19<\/em><\/p>\n\n\n\n<p><strong><u>El Comit\u00e9 Departamental de Emergencia evalu\u00f3 por teleconferencia la situaci\u00f3n actual de la pandemia<\/u><\/strong><\/p>\n\n\n\n<p>El Senador Felipe Michlig, presidi\u00f3 una nueva reuni\u00f3n del Comit\u00e9 Departamental de Emergencia, en forma virtual -a trav\u00e9s de la plataforma Zoom-, en el marco de la pandemia del Covid-19.<\/p>\n\n\n\n<p>De la misma participaron el Diputado Gonz\u00e1lez, el Senador Suplente Martino, los Intendentes Alejandra Dupouy (Ceres), Romina L\u00f3pez (san Guillermo), Hugo Boscarol (Suardi) y Horacio Rigo (San Crist\u00f3bal), adem\u00e1s de numerosos Ptes. Comunales, dirigentes y colaboradores.<\/p>\n\n\n\n<p><strong><u>Diversos temas<\/u><\/strong><\/p>\n\n\n\n<p>El Senador Michlig, en su calidad de Presidente del Comit\u00e9 de Emergencia Departamental coment\u00f3 que&nbsp;<em>\u201choy estuvimos evaluando todos lo que venimos realizando desde el inicio de la pandemia al presente, particularmente&nbsp;&nbsp;el seguimiento de los casos registrados, asistencia social \u2013con especial atenci\u00f3n en Ceres que volvi\u00f3 a la fase 1-; mecanismos de prevenci\u00f3n y control e intercambio de experiencias con autoridades de los gobiernos locales\u201d.<\/em><\/p>\n\n\n\n<p><em>\u201cSe abord\u00f3 la aplicaci\u00f3n de las nuevas disposiciones normativas para las diferentes actividades seg\u00fan sea la fase de cada lugar y el Decreto del Gobernador sobre el aislamiento obligatorio por 14 d\u00edas para quienes lleguen de lugares donde haya circulaci\u00f3n. Tambi\u00e9n repasamos las gestiones de arreglos de ambulancias y otras para contar con m\u00e1s recursos humanos en el \u00e1rea de Salud\u201d,&nbsp;&nbsp;se\u00f1al\u00f3 el Senador.<\/em><\/p>\n\n\n\n<p><em><strong><u>Gestiones varias<\/u><\/strong><\/em><\/p>\n\n\n\n<p><em>El Senador y el Diputado Gonz\u00e1lez informaron sobre los requisitos a seguir para acceder al segundo desembolso de los fondos del Covid-19 y de Obras Menores y tr\u00e1mites para refuerzos alimentarios ante el Gobierno provincial. Asimismo gestiones para logra refuerzos de la Polic\u00eda de Seguridad Vial para controlar ingresos y egresos en la ciudad de Ceres.<\/em><\/p>\n\n\n\n<p>La intendenta de Ceres explic\u00f3 la evoluci\u00f3n de los distintos casos que&nbsp;&nbsp;dieron positivos en los \u00faltimos d\u00edas, y las medidas urgentes adoptadas para detectar casos sospechosos. En tal sentido indic\u00f3 que \u201cestamos preparados desde lo sanitario para afrontar&nbsp;&nbsp;la situaci\u00f3n con camas m\u00e1s que suficientes desde el municipio, m\u00e1s todo lo existente en el sistema de Salud\u201d.<\/p>\n\n\n\n<p>Sobre los alcances de la decisi\u00f3n adoptada desde la Junta de Defensa Civil de volver a la Fase 1 -con el objetivo de detener los contagios- Dupouy&nbsp;&nbsp;se\u00f1al\u00f3 que \u201cimplica el cierre del ingreso y egreso de personas de la ciudad y el restablecimiento del aislamiento social, preventivo y obligatorio durante los pr\u00f3ximos 14 d\u00edas, en los cuales s\u00f3lo podr\u00e1n realizarse las actividades autorizadas. El horario habilitado para el ejercicio de las mismas ser\u00e1 de Lunes a S\u00e1bado de 8 a 14 hs. Quienes realicen actividades esenciales y deban ingresar y salir de la ciudad deber\u00e1n tramitar el permiso de circulaci\u00f3n nacional en&nbsp;<a href=\"http:\/\/www.argentina.gob.ar\/circular\" target=\"_blank\" rel=\"noreferrer noopener\">www.argentina.gob.ar\/circular<\/a>\u201d, aclar\u00f3.<\/p>\n\n\n\n<p><em>Martes 23 de junio de 2020<\/em><\/p>\n\n\n\n<p><em><a href=\"http:\/\/www.felipemichlig.com\/\" target=\"_blank\" rel=\"noreferrer noopener\">www.felipemichlig.com<\/a><\/em><\/p>\n\n\n\n<p><em>Oficina de Prensa Senador Felipe Michlig<\/em><\/p>\n\n\n","protected":false},"excerpt":{"rendered":"<p>Covid-19 El Comit\u00e9 Departamental de Emergencia evalu\u00f3 por teleconferencia la situaci\u00f3n actual de la pandemia&#8230;<\/p>\n","protected":false},"author":3,"featured_media":8318,"comment_status":"closed","ping_status":"closed","sticky":false,"template":"","format":"standard","meta":{"footnotes":""},"categories":[1,3],"tags":[],"class_list":["post-8317","post","type-post","status-publish","format-standard","has-post-thumbnail","hentry","category-uncategorized","category-noticias"],"featured_image_urls":{"full":["https:\/\/fmamiga909.com.ar\/wp-content\/uploads\/2020\/06\/fusion-PPAL.jpeg",870,522,false],"thumbnail":["https:\/\/fmamiga909.com.ar\/wp-content\/uploads\/2020\/06\/fusion-PPAL-150x150.jpeg",150,150,true],"medium":["https:\/\/fmamiga909.com.ar\/wp-content\/uploads\/2020\/06\/fusion-PPAL-300x180.jpeg",300,180,true],"medium_large":["https:\/\/fmamiga909.com.ar\/wp-content\/uploads\/2020\/06\/fusion-PPAL.jpeg",870,522,false],"large":["https:\/\/fmamiga909.com.ar\/wp-content\/uploads\/2020\/06\/fusion-PPAL.jpeg",640,384,false],"1536x1536":["https:\/\/fmamiga909.com.ar\/wp-content\/uploads\/2020\/06\/fusion-PPAL.jpeg",870,522,false],"2048x2048":["https:\/\/fmamiga909.com.ar\/wp-content\/uploads\/2020\/06\/fusion-PPAL.jpeg",870,522,false],"newsium-slider-full":["https:\/\/fmamiga909.com.ar\/wp-content\/uploads\/2020\/06\/fusion-PPAL.jpeg",870,522,false],"newsium-featured":["https:\/\/fmamiga909.com.ar\/wp-content\/uploads\/2020\/06\/fusion-PPAL.jpeg",870,522,false],"newsium-medium":["https:\/\/fmamiga909.com.ar\/wp-content\/uploads\/2020\/06\/fusion-PPAL.jpeg",720,432,false]},"author_info":{"display_name":"Fredy Giuliano","author_link":"https:\/\/fmamiga909.com.ar\/?author=3"},"category_info":"<a href=\"https:\/\/fmamiga909.com.ar\/?cat=1\" rel=\"category\">La radio<\/a> <a href=\"https:\/\/fmamiga909.com.ar\/?cat=3\" rel=\"category\">Noticias<\/a>","tag_info":"Noticias","comment_count":"0","_links":{"self":[{"href":"https:\/\/fmamiga909.com.ar\/index.php?rest_route=\/wp\/v2\/posts\/8317","targetHints":{"allow":["GET"]}}],"collection":[{"href":"https:\/\/fmamiga909.com.ar\/index.php?rest_route=\/wp\/v2\/posts"}],"about":[{"href":"https:\/\/fmamiga909.com.ar\/index.php?rest_route=\/wp\/v2\/types\/post"}],"author":[{"embeddable":true,"href":"https:\/\/fmamiga909.com.ar\/index.php?rest_route=\/wp\/v2\/users\/3"}],"replies":[{"embeddable":true,"href":"https:\/\/fmamiga909.com.ar\/index.php?rest_route=%2Fwp%2Fv2%2Fcomments&post=8317"}],"version-history":[{"count":1,"href":"https:\/\/fmamiga909.com.ar\/index.php?rest_route=\/wp\/v2\/posts\/8317\/revisions"}],"predecessor-version":[{"id":8319,"href":"https:\/\/fmamiga909.com.ar\/index.php?rest_route=\/wp\/v2\/posts\/8317\/revisions\/8319"}],"wp:featuredmedia":[{"embeddable":true,"href":"https:\/\/fmamiga909.com.ar\/index.php?rest_route=\/wp\/v2\/media\/8318"}],"wp:attachment":[{"href":"https:\/\/fmamiga909.com.ar\/index.php?rest_route=%2Fwp%2Fv2%2Fmedia&parent=8317"}],"wp:term":[{"taxonomy":"category","embeddable":true,"href":"https:\/\/fmamiga909.com.ar\/index.php?rest_route=%2Fwp%2Fv2%2Fcategories&post=8317"},{"taxonomy":"post_tag","embeddable":true,"href":"https:\/\/fmamiga909.com.ar\/index.php?rest_route=%2Fwp%2Fv2%2Ftags&post=8317"}],"curies":[{"name":"wp","href":"https:\/\/api.w.org\/{rel}","templated":true}]}}