{"id":8341,"date":"2020-07-07T14:32:57","date_gmt":"2020-07-07T14:32:57","guid":{"rendered":"http:\/\/fmamiga909.com.ar\/?p=8341"},"modified":"2020-07-07T14:34:31","modified_gmt":"2020-07-07T14:34:31","slug":"ceres-inauguracion-de-luces-led-y-presentacion-de-maquinarias-recuperadas","status":"publish","type":"post","link":"https:\/\/fmamiga909.com.ar\/?p=8341","title":{"rendered":"Ceres: inauguraci\u00f3n de luces LED y presentaci\u00f3n de maquinarias recuperadas"},"content":{"rendered":"\n<p><strong><u>El Senador Michlig acompa\u00f1\u00f3 a la Intendente Dupouy en la inauguraci\u00f3n de luces LED y presentaci\u00f3n de maquinarias recuperadas<\/u><\/strong><\/p>\n\n\n\n<p>En la tarde &#8211; noche de este lunes, el Senador Provincial Felipe\u00a0<strong>Michlig junto a la Intendente Alejandra<\/strong>\u00a0Dupouy encabezaron sendos actos de\u00a0<strong>presentaci\u00f3n de maquinarias municipales recuperadas<\/strong>\u00a0e\u00a0<strong>inauguraci\u00f3n de la nueva iluminaci\u00f3n led de Bv. Espa\u00f1a\u00a0<\/strong>-entre Avenida Belgrano y Ruta Nacional 34 \u2013 (con\u00a0<strong>una inversi\u00f3n de<\/strong>\u00a0<strong>$ 568.000<\/strong>\u00a0proveniente del Fondo de Fortalecimiento Institucional de la\u00a0<strong>C\u00e1mara de Senadores<\/strong>\u00a0de la Provincia).<\/p>\n\n\n\n<p>El representante departamental&nbsp;<strong>elogi\u00f3 la gesti\u00f3n de la Intendente Alejandra Dupouy,<\/strong>&nbsp;enfatizando que \u201c<strong>es un orgullo estar en esta ciudad. Q<\/strong><strong>ue linda que est\u00e1 Ceres<\/strong>, que bien que se trabaja, y eso lo notamos quienes venimos de afuera\u201d. Seguidamente&nbsp;<strong>anunci\u00f3 que \u201ccon recursos del Fondo Covid-19 se finalizar\u00e1 el cerramiento del Predio del Parque de la Vida en el que se encuentra emplazado el Albergue Municipal\u201d.<\/strong><\/p>\n\n\n\n<p><strong><u>Recuperaci\u00f3n de importante maquinarias<\/u><\/strong><\/p>\n\n\n\n<p>El primer acto desarrollado en la explanada del Centenario, las autoridades presentaron maquinarias&nbsp;<strong>reparadas por parte del personal del \u00e1rea de obras y servicios p\u00fablicos.&nbsp;<\/strong>El Senador se\u00f1al\u00f3 en su discurso que \u201cac\u00e1 antes hab\u00eda el nombre de un Intendente, y ahora hay un nombre de la ciudad,&nbsp;<strong>porque este gobierno es de la Ciudad\u201d.<\/strong>&nbsp;Asimismo hizo alusi\u00f3n al inicio de la gesti\u00f3n de&nbsp;<strong>Dupouy al frente del municipio ceresino, que \u201cles tocaron todas<\/strong>, heredar una deuda de m\u00e1s de 50 millones de pesos, le lleg\u00f3 el coronavirus, el dengue, el hantavirus, y&nbsp;<strong>ac\u00e1 est\u00e1n, afront\u00e1ndolo con muchas ganas, poniendo lo mejor de cada uno<\/strong>, de los trabajadores, de todo el equipo para salir adelante\u201d.<\/p>\n\n\n\n<p>Por su parte la Intendenta&nbsp;<strong>Dupouy agradeci\u00f3<\/strong>&nbsp;\u201cal Senador,&nbsp;<strong>el acompa\u00f1amiento<\/strong>&nbsp;<strong>de los ceresinos<\/strong>, de las empresas y de las instituciones de la ciudad ante la complicada situaci\u00f3n socioecon\u00f3mica en la que debi\u00f3 transitar estos primeros meses\u201d. Tambi\u00e9n&nbsp;<strong>recalc\u00f3 \u201cla necesidad de la buena administraci\u00f3n, la transparencia&nbsp;<\/strong>y afirm\u00f3 que seguir\u00e1 gestionando obras y m\u00e1s calidad de servicios para que los ceresinos vivan cada vez mejor\u201d.<\/p>\n\n\n\n<p><strong><u>Inauguraci\u00f3n del nuevo sistema de Iluminaci\u00f3n LED en Bv. Espa\u00f1a<\/u><\/strong><\/p>\n\n\n\n<p>En un segundo acto las autoridades junto a los vecinos de la zona inauguraron el&nbsp;<strong>primer tramo de luminarias LED instaladas sobre Boulevard Espa\u00f1a<\/strong>&nbsp;entre Avenida Belgrano y Ruta Nacional 34. La obra insumi\u00f3 una inversi\u00f3n de 568.000 pesos aportada por el Senador Michlig, con la colocaci\u00f3n de&nbsp;<strong>20 nuevas columnas y un total de 55 nuevas luminarias.<\/strong><\/p>\n\n\n\n<p>Este nuevo sistema de iluminaci\u00f3n&nbsp;<strong>se suma<\/strong>&nbsp;<strong>a los ya instalados<\/strong>&nbsp;en la rotonda de ingreso a la ciudad, en la intersecci\u00f3n de las rutas 17 y 34, la renovaci\u00f3n lum\u00ednica del primer tramo de avenida Italia, Hip\u00f3lito Irigoyen y el comienzo de tareas sobre Bv. Yrigoyen,&nbsp;<strong>lo que totaliza una inversi\u00f3n en LED de 1.7 millones de pesos.<\/strong><\/p>\n\n\n\n<p><strong><u>Mejoras en el predio del Albergue Municipal<\/u><\/strong><\/p>\n\n\n\n<p>Tambi\u00e9n durante su alocuci\u00f3n Michlig inform\u00f3 que \u201ccon recursos del Fondo Covid-19&nbsp;<strong>se finalizar\u00e1 el cerramiento del Predio del Parque de la Vida en el que se encuentra emplazado el Albergue Municipal<\/strong>&nbsp;que actualmente funciona como espacio para aislamiento de pacientes con Covid-19.&nbsp;<strong>La inversi\u00f3n insumir\u00e1 1.5 millones de pesos<\/strong>&nbsp;y prev\u00e9 la reparaci\u00f3n del cerco existente y la finalizaci\u00f3n del cerramiento perimetral para dar mayor seguridad al lugar, especialmente en el sector colindante con Ruta 34.<\/p>\n\n\n\n<p>Durante las ceremonias oficiales consignadas se destac\u00f3 la presencia de los Concejales Nicol\u00e1s Maza e Ignacio Lemos; Jueza de Faltas Jessica Beder; Secretaria de Desarrollo Humano Silvia Garc\u00eda; Secretario de Hacienda Miguel Andrada;&nbsp;&nbsp;Secretario de Obras y Servicios P\u00fablicos Efra\u00edn Rojas; Secretario de Gobierno Carlos Dutto; Directora de Educaci\u00f3n y Cultura Antonela Costamagna;&nbsp;&nbsp;Directora de Inclusi\u00f3n Social Carina Dutto; Director de Deportes Fernando Maletti; Director de Desarrollo Local Ulises Marozzi; Fiscal Municipal Yanina Brondoni; Director de Servicios P\u00fablicos Sebasti\u00e1n Dupouy; Coordinador de Gabinete Guillermo Cravero; Jefe de Servicios P\u00fablicos Daniel Barreto; Director de comunicaci\u00f3n Leandro Nicola; Coordinadora de Medio Ambiente Dianela Bertorello, Asesora de Educaci\u00f3n Rosana Mori; los dirigentes Marcelo Airaldo, Mar\u00eda Paula Salari y Arturo Ferrero; empleados municipales y p\u00fablico en general.<\/p>\n\n\n\n<p>Lunes 06 de julio de 2020<a href=\"http:\/\/www.felipemichlig.com\/\" target=\"_blank\" rel=\"noreferrer noopener\">www.felipemichlig.com<\/a><\/p>\n\n\n\n<figure class=\"wp-block-image size-large\"><img loading=\"lazy\" decoding=\"async\" width=\"1024\" height=\"682\" src=\"https:\/\/fmamiga909.com.ar\/wp-content\/uploads\/2020\/07\/herramientas-ceres-1024x682.jpeg\" alt=\"\" class=\"wp-image-8343\" srcset=\"https:\/\/fmamiga909.com.ar\/wp-content\/uploads\/2020\/07\/herramientas-ceres-1024x682.jpeg 1024w, https:\/\/fmamiga909.com.ar\/wp-content\/uploads\/2020\/07\/herramientas-ceres-300x200.jpeg 300w, https:\/\/fmamiga909.com.ar\/wp-content\/uploads\/2020\/07\/herramientas-ceres-315x210.jpeg 315w, https:\/\/fmamiga909.com.ar\/wp-content\/uploads\/2020\/07\/herramientas-ceres-950x633.jpeg 950w, https:\/\/fmamiga909.com.ar\/wp-content\/uploads\/2020\/07\/herramientas-ceres.jpeg 1280w\" sizes=\"auto, (max-width: 1024px) 100vw, 1024px\" \/><\/figure>\n\n\n\n<figure class=\"wp-block-image size-large\"><img loading=\"lazy\" decoding=\"async\" width=\"640\" height=\"427\" src=\"https:\/\/fmamiga909.com.ar\/wp-content\/uploads\/2020\/07\/ilumina4-1.jpg\" alt=\"\" class=\"wp-image-8348\" srcset=\"https:\/\/fmamiga909.com.ar\/wp-content\/uploads\/2020\/07\/ilumina4-1.jpg 640w, https:\/\/fmamiga909.com.ar\/wp-content\/uploads\/2020\/07\/ilumina4-1-300x200.jpg 300w, https:\/\/fmamiga909.com.ar\/wp-content\/uploads\/2020\/07\/ilumina4-1-315x210.jpg 315w\" sizes=\"auto, (max-width: 640px) 100vw, 640px\" \/><\/figure>\n","protected":false},"excerpt":{"rendered":"<p>El Senador Michlig acompa\u00f1\u00f3 a la Intendente Dupouy en la inauguraci\u00f3n de luces LED y&#8230;<\/p>\n","protected":false},"author":3,"featured_media":8342,"comment_status":"closed","ping_status":"closed","sticky":false,"template":"","format":"standard","meta":{"footnotes":""},"categories":[1,3],"tags":[],"class_list":["post-8341","post","type-post","status-publish","format-standard","has-post-thumbnail","hentry","category-uncategorized","category-noticias"],"featured_image_urls":{"full":["https:\/\/fmamiga909.com.ar\/wp-content\/uploads\/2020\/07\/ilumina5PPAL-scaled.jpg",2560,1730,false],"thumbnail":["https:\/\/fmamiga909.com.ar\/wp-content\/uploads\/2020\/07\/ilumina5PPAL-150x150.jpg",150,150,true],"medium":["https:\/\/fmamiga909.com.ar\/wp-content\/uploads\/2020\/07\/ilumina5PPAL-300x203.jpg",300,203,true],"medium_large":["https:\/\/fmamiga909.com.ar\/wp-content\/uploads\/2020\/07\/ilumina5PPAL-scaled.jpg",2560,1730,false],"large":["https:\/\/fmamiga909.com.ar\/wp-content\/uploads\/2020\/07\/ilumina5PPAL-1024x692.jpg",640,433,true],"1536x1536":["https:\/\/fmamiga909.com.ar\/wp-content\/uploads\/2020\/07\/ilumina5PPAL-1536x1038.jpg",1536,1038,true],"2048x2048":["https:\/\/fmamiga909.com.ar\/wp-content\/uploads\/2020\/07\/ilumina5PPAL-2048x1384.jpg",2048,1384,true],"newsium-slider-full":["https:\/\/fmamiga909.com.ar\/wp-content\/uploads\/2020\/07\/ilumina5PPAL-scaled.jpg",1250,845,false],"newsium-featured":["https:\/\/fmamiga909.com.ar\/wp-content\/uploads\/2020\/07\/ilumina5PPAL-scaled.jpg",1024,692,false],"newsium-medium":["https:\/\/fmamiga909.com.ar\/wp-content\/uploads\/2020\/07\/ilumina5PPAL-scaled.jpg",703,475,false]},"author_info":{"display_name":"Fredy Giuliano","author_link":"https:\/\/fmamiga909.com.ar\/?author=3"},"category_info":"<a href=\"https:\/\/fmamiga909.com.ar\/?cat=1\" rel=\"category\">La radio<\/a> <a href=\"https:\/\/fmamiga909.com.ar\/?cat=3\" rel=\"category\">Noticias<\/a>","tag_info":"Noticias","comment_count":"0","_links":{"self":[{"href":"https:\/\/fmamiga909.com.ar\/index.php?rest_route=\/wp\/v2\/posts\/8341","targetHints":{"allow":["GET"]}}],"collection":[{"href":"https:\/\/fmamiga909.com.ar\/index.php?rest_route=\/wp\/v2\/posts"}],"about":[{"href":"https:\/\/fmamiga909.com.ar\/index.php?rest_route=\/wp\/v2\/types\/post"}],"author":[{"embeddable":true,"href":"https:\/\/fmamiga909.com.ar\/index.php?rest_route=\/wp\/v2\/users\/3"}],"replies":[{"embeddable":true,"href":"https:\/\/fmamiga909.com.ar\/index.php?rest_route=%2Fwp%2Fv2%2Fcomments&post=8341"}],"version-history":[{"count":2,"href":"https:\/\/fmamiga909.com.ar\/index.php?rest_route=\/wp\/v2\/posts\/8341\/revisions"}],"predecessor-version":[{"id":8349,"href":"https:\/\/fmamiga909.com.ar\/index.php?rest_route=\/wp\/v2\/posts\/8341\/revisions\/8349"}],"wp:featuredmedia":[{"embeddable":true,"href":"https:\/\/fmamiga909.com.ar\/index.php?rest_route=\/wp\/v2\/media\/8342"}],"wp:attachment":[{"href":"https:\/\/fmamiga909.com.ar\/index.php?rest_route=%2Fwp%2Fv2%2Fmedia&parent=8341"}],"wp:term":[{"taxonomy":"category","embeddable":true,"href":"https:\/\/fmamiga909.com.ar\/index.php?rest_route=%2Fwp%2Fv2%2Fcategories&post=8341"},{"taxonomy":"post_tag","embeddable":true,"href":"https:\/\/fmamiga909.com.ar\/index.php?rest_route=%2Fwp%2Fv2%2Ftags&post=8341"}],"curies":[{"name":"wp","href":"https:\/\/api.w.org\/{rel}","templated":true}]}}