{"id":8352,"date":"2020-07-17T21:59:30","date_gmt":"2020-07-17T21:59:30","guid":{"rendered":"http:\/\/fmamiga909.com.ar\/?p=8352"},"modified":"2020-07-17T21:59:31","modified_gmt":"2020-07-17T21:59:31","slug":"el-senador-michlig-y-la-ministra-frana-inauguraron-3-viviendas-sociales-en-la-rubia","status":"publish","type":"post","link":"https:\/\/fmamiga909.com.ar\/?p=8352","title":{"rendered":"El Senador Michlig y la Ministra Frana inauguraron 3 viviendas sociales en La Rubia"},"content":{"rendered":"\n<p>En la localidad de La Rubia el Senador Provincial Felipe Michlig,&nbsp; junto a&nbsp;la&nbsp;<em>Ministra<\/em><em>&nbsp;<\/em>de Infraestructura, Servicios P\u00fablicos y H\u00e1bitat de la Provincia de Santa Fe,&nbsp;y el Pte. Comunal Danilo Martinotti, encabezaron un acto de inauguraci\u00f3n de 3 viviendas sociales, ejecutadas durante la gesti\u00f3n anterior, que. \u201cpermitir\u00e1 concretar a otras 3 familias el sue\u00f1o de la casa propia\u201d, dijo el Senador.<\/p>\n\n\n\n<p>Durante el acto oficial tambi\u00e9n se destac\u00f3 la presencia del&nbsp;Secretario de H\u00e1bitat,&nbsp;Vivienda y Urbanismo,&nbsp;Amado Zorz\u00f3n&nbsp;y el&nbsp;director de Vivienda y Urbanismo, Jos\u00e9&nbsp;Kerz<\/p>\n\n\n\n<p>En la oportunidad a Ministra Frana anunci\u00f3 al Pte. Comunal que \u201cla Provincia remitir\u00e1 los fondos de actualizaci\u00f3n de partidas de 2 viviendas del Programa Lote Propio\u201d.<\/p>\n\n\n\n<h6 class=\"wp-block-heading\"><strong><u>Se lograron hacer 40 viviendas Sociales en el Departamento<\/u><\/strong><\/h6>\n\n\n\n<p>En su discurso el Senador Michlig indic\u00f3 que \u201cen la gesti\u00f3n anterior fuimos unos de los primeros departamentos que comenzamos las gestiones para tener este tipo de obras. En poco tiempo,&nbsp;&nbsp;se construyeron y se inauguraron 10 viviendas en San Crist\u00f3bal, 10 en Las Palmeras, 5 en Curupaity, 5 en Mois\u00e9s Ville, est\u00e1s 3 hoy aqu\u00ed en La Rubia y&nbsp;&nbsp;est\u00e1n lista para ser inauguradas 4 en Soledad y 3 en Constanza\u201d.<\/p>\n\n\n\n<p>\u201cEsto es muy importante para familias que no ten\u00edan una vivienda digna,&nbsp; con agua corriente, cloacas, pisos de hormig\u00f3n, abertura de aluminios y esto le cambia la vida\u201d rese\u00f1\u00f3 el Senador Michlig.<\/p>\n\n\n\n<p>Viernes, 17 de Julio de 2020<a href=\"http:\/\/www.felipemichlig.com\/\" target=\"_blank\" rel=\"noreferrer noopener\">www.felipemichlig.com<\/a><\/p>\n","protected":false},"excerpt":{"rendered":"<p>En la localidad de La Rubia el Senador Provincial Felipe Michlig,&nbsp; junto a&nbsp;la&nbsp;Ministra&nbsp;de Infraestructura, Servicios&#8230;<\/p>\n","protected":false},"author":3,"featured_media":8353,"comment_status":"closed","ping_status":"closed","sticky":false,"template":"","format":"standard","meta":{"footnotes":""},"categories":[1,3],"tags":[],"class_list":["post-8352","post","type-post","status-publish","format-standard","has-post-thumbnail","hentry","category-uncategorized","category-noticias"],"featured_image_urls":{"full":["https:\/\/fmamiga909.com.ar\/wp-content\/uploads\/2020\/07\/viv-la-rubia.jpeg",1280,960,false],"thumbnail":["https:\/\/fmamiga909.com.ar\/wp-content\/uploads\/2020\/07\/viv-la-rubia-150x150.jpeg",150,150,true],"medium":["https:\/\/fmamiga909.com.ar\/wp-content\/uploads\/2020\/07\/viv-la-rubia-300x225.jpeg",300,225,true],"medium_large":["https:\/\/fmamiga909.com.ar\/wp-content\/uploads\/2020\/07\/viv-la-rubia.jpeg",1280,960,false],"large":["https:\/\/fmamiga909.com.ar\/wp-content\/uploads\/2020\/07\/viv-la-rubia-1024x768.jpeg",640,480,true],"1536x1536":["https:\/\/fmamiga909.com.ar\/wp-content\/uploads\/2020\/07\/viv-la-rubia.jpeg",1280,960,false],"2048x2048":["https:\/\/fmamiga909.com.ar\/wp-content\/uploads\/2020\/07\/viv-la-rubia.jpeg",1280,960,false],"newsium-slider-full":["https:\/\/fmamiga909.com.ar\/wp-content\/uploads\/2020\/07\/viv-la-rubia.jpeg",1127,845,false],"newsium-featured":["https:\/\/fmamiga909.com.ar\/wp-content\/uploads\/2020\/07\/viv-la-rubia.jpeg",1024,768,false],"newsium-medium":["https:\/\/fmamiga909.com.ar\/wp-content\/uploads\/2020\/07\/viv-la-rubia.jpeg",633,475,false]},"author_info":{"display_name":"Fredy Giuliano","author_link":"https:\/\/fmamiga909.com.ar\/?author=3"},"category_info":"<a href=\"https:\/\/fmamiga909.com.ar\/?cat=1\" rel=\"category\">La radio<\/a> <a href=\"https:\/\/fmamiga909.com.ar\/?cat=3\" rel=\"category\">Noticias<\/a>","tag_info":"Noticias","comment_count":"0","_links":{"self":[{"href":"https:\/\/fmamiga909.com.ar\/index.php?rest_route=\/wp\/v2\/posts\/8352","targetHints":{"allow":["GET"]}}],"collection":[{"href":"https:\/\/fmamiga909.com.ar\/index.php?rest_route=\/wp\/v2\/posts"}],"about":[{"href":"https:\/\/fmamiga909.com.ar\/index.php?rest_route=\/wp\/v2\/types\/post"}],"author":[{"embeddable":true,"href":"https:\/\/fmamiga909.com.ar\/index.php?rest_route=\/wp\/v2\/users\/3"}],"replies":[{"embeddable":true,"href":"https:\/\/fmamiga909.com.ar\/index.php?rest_route=%2Fwp%2Fv2%2Fcomments&post=8352"}],"version-history":[{"count":1,"href":"https:\/\/fmamiga909.com.ar\/index.php?rest_route=\/wp\/v2\/posts\/8352\/revisions"}],"predecessor-version":[{"id":8354,"href":"https:\/\/fmamiga909.com.ar\/index.php?rest_route=\/wp\/v2\/posts\/8352\/revisions\/8354"}],"wp:featuredmedia":[{"embeddable":true,"href":"https:\/\/fmamiga909.com.ar\/index.php?rest_route=\/wp\/v2\/media\/8353"}],"wp:attachment":[{"href":"https:\/\/fmamiga909.com.ar\/index.php?rest_route=%2Fwp%2Fv2%2Fmedia&parent=8352"}],"wp:term":[{"taxonomy":"category","embeddable":true,"href":"https:\/\/fmamiga909.com.ar\/index.php?rest_route=%2Fwp%2Fv2%2Fcategories&post=8352"},{"taxonomy":"post_tag","embeddable":true,"href":"https:\/\/fmamiga909.com.ar\/index.php?rest_route=%2Fwp%2Fv2%2Ftags&post=8352"}],"curies":[{"name":"wp","href":"https:\/\/api.w.org\/{rel}","templated":true}]}}