{"id":8355,"date":"2020-07-17T22:11:08","date_gmt":"2020-07-17T22:11:08","guid":{"rendered":"http:\/\/fmamiga909.com.ar\/?p=8355"},"modified":"2020-07-17T22:11:08","modified_gmt":"2020-07-17T22:11:08","slug":"el-senado-declaro-su-preocupacion-por-el-incremento-de-la-inseguridad-en-la-provincia-tanto-en-areas-urbanas-como-rurales","status":"publish","type":"post","link":"https:\/\/fmamiga909.com.ar\/?p=8355","title":{"rendered":"El Senado declar\u00f3 su preocupaci\u00f3n por el incremento de la inseguridad en la Provincia, tanto en \u00e1reas urbanas como rurales"},"content":{"rendered":"\n<p>En la ordinaria N\u00b0 138 realizada en forma virtual -en el d\u00eda de la fecha- la C\u00e1mara de Senadores de la Provincia de Santa Fe aprob\u00f3 por unanimidad un Pedido de Informe presentado por el Senador Felipe Michlig, el cual \u201csolicita al Poder Ejecutivo informe la cantidad de denuncias recibidas en el Ministerio de Seguridad por roturas y destrucci\u00f3n de silo bolsa desde enero de 2020 a la fecha que se elabore la respuesta a dicha solicitud\u201d.<\/p>\n\n\n\n<p>Tambi\u00e9n sobre el tema de la inseguridad, el cuerpo aprob\u00f3 un proyecto de Comunicaci\u00f3n impulsado por el Presidente y Vicepresidente del Bloque de la UCR, Felipe Michlig y Lisandro Enrico, respectivamente, por el cual \u201cel Senado declara su preocupaci\u00f3n por el incremento de la inseguridad en el territorio santafesino, tanto en la reiteraci\u00f3n de hechos de vandalismo rural por roturas de silobolsas y hurto de ganado, como as\u00ed tambi\u00e9n en el creciente n\u00famero de homicidios, -como por ejemplo- el del ex concejal Rosarino, Pastor y referente social, Eduardo Trasante\u201d.<\/p>\n\n\n\n<p>Asimismo el integrante del interbloque radical record\u00f3 que \u201cen \u00e9pocas de pandemia no se puede perder de vista que la Organizaci\u00f3n Mundial de la Salud (OMS) habla de epidemia cuando las muertes superan las 10 cada 100.000 habitantes por a\u00f1o. El a\u00f1o pasado el departamento La Capital (del cual la ciudad de Santa Fe es cabecera) alcanz\u00f3 una tasa de 17,6 muertes, mientras que el departamento Rosario lleg\u00f3 a 13,1. La media nacional fue de 5 muertes. Si la tendencia en 2020 se mantiene, los resultados para los santafesinos pueden ser a\u00fan m\u00e1s catastr\u00f3ficos\u00bb<\/p>\n\n\n\n<p><strong><u>Vandalismo Rural<\/u><\/strong><\/p>\n\n\n\n<p>Al momento de fundamentar el pedido de informes elevado al Ministerio de Seguridad, el Senador Felipe Michlig sintetiz\u00f3 que \u201cel malestar de todos aquellos productores vinculados al sector agropecuario es notorio por el incremento en los delitos propios del sector rural, como el hurto de hacienda, los ataques a los silobolsa, entre otros, que se vienen dando en otros distintos puntos del territorio provincial y ahora le toc\u00f3 el turno al departamentos San Crist\u00f3bal, con dos casos concretos de ataques a silo bolsa en las localidades de Constanza y Mois\u00e9s Ville\u201d.&nbsp;&nbsp;&nbsp;&nbsp;&nbsp;&nbsp;&nbsp;&nbsp;&nbsp;&nbsp;&nbsp;&nbsp;&nbsp;&nbsp;&nbsp;&nbsp;&nbsp;&nbsp;&nbsp;<\/p>\n\n\n\n<p>Por su parte el Senador Enrico manifest\u00f3 que \u201cla reiteraci\u00f3n de actos de vandalismo sobre explotaciones rurales, en particular con ensa\u00f1amiento en la rotura de los silos donde se almacena el cereal, con el s\u00f3lo objetivo de causar un da\u00f1o, es necesario determinar pol\u00edticas concretas de prevenci\u00f3n y seguridad que pongan fin al flagelo que nos ocupa, o que, eventualmente, tiendan a minimizar sus efectos sobre el sector productivo\u201d, dijo al respecto el legislador.<\/p>\n\n\n\n<p><strong><u>C<\/u><\/strong><strong><u>reciente n\u00famero de homicidios en \u00e1reas urbanas<\/u><\/strong><\/p>\n\n\n\n<p>Por otra parte al momento de aprobarse -por el pleno del cuerpo- el proyecto que declara \u201cla profunda preocupaci\u00f3n por el incremento de la inseguridad en el territorio Santafesino\u201d el Pte. del Bloque de la UCR indic\u00f3 que \u201ca la fecha, se han producido en la provincia m\u00e1s de 200 homicidios de ciudadanos Santafesinos por quienes el Estado deber\u00eda velar, pues detr\u00e1s de ellos existen familiares y amigos afectados por el dolor\u201d.<\/p>\n\n\n\n<p>Los legisladores tambi\u00e9n se\u00f1alan en los considerandos que \u201cla creciente ola de inseguridad que viene siendo advertida institucionalmente por un conjunto de Entidades e Instituciones que representan a distintos estamentos productivos, comerciales y sociales, entre otros, quienes han requerido acciones concretas a las autoridades Provinciales. Por eso insistimos nuevamente en que se intensifiquen y ampl\u00eden las actividades de prevenci\u00f3n y control del delito por parte de las diferentes fuerzas de Seguridad, en orden a contener la ola de violencia que afecta a los ciudadanos Santafesinos y esclarecer los hechos delictivos\u201d coincidieron.<\/p>\n\n\n\n<p><strong><u>\u201cSiempre estamos dispuestos a colaborar\u201d<\/u><\/strong><\/p>\n\n\n\n<p>El Senador Michlig manifest\u00f3 que \u201cpor ello nuevamente le digo al Ministro Sain (que muchas veces es proclive a declaraciones altisonantes y se niega a trabajar con los Senadores, Intendentes y con los Ptes. Comunales)&nbsp; que est\u00e1 visto que la seguridad la tenemos que hacer entre todos, nosotros tambi\u00e9n estamos dispuestos a colaborar y participar para que podamos interactuar en beneficio de las personas que han confiado en nosotros para que los representemos. Pero bueno, lo cierto es que al presente nos seguimos encontrando con un Ministerio con las puertas cerradas\u201d.<\/p>\n\n\n\n<p>\u201cNo podemos permitir que esto siga ocurriendo, necesitamos que el ministerio de seguridad que conduce el Dr. Sain,&nbsp; con el jefe Sarnaglia y todo el equipo de conducci\u00f3n, brinden m\u00e1s seguridad a la ciudadan\u00eda de toda la Provincia\u201d.<\/p>\n\n\n\n<p>Jueves, 16 de Julio de 2020<\/p>\n\n\n\n<p><a href=\"http:\/\/www.felipemichlig.com\/\" target=\"_blank\" rel=\"noreferrer noopener\">www.felipemichlig.com<\/a><\/p>\n","protected":false},"excerpt":{"rendered":"<p>En la ordinaria N\u00b0 138 realizada en forma virtual -en el d\u00eda de la fecha-&#8230;<\/p>\n","protected":false},"author":3,"featured_media":8356,"comment_status":"closed","ping_status":"closed","sticky":false,"template":"","format":"standard","meta":{"footnotes":""},"categories":[1,3],"tags":[],"class_list":["post-8355","post","type-post","status-publish","format-standard","has-post-thumbnail","hentry","category-uncategorized","category-noticias"],"featured_image_urls":{"full":["https:\/\/fmamiga909.com.ar\/wp-content\/uploads\/2020\/07\/sesion16-julio.jpeg",1280,960,false],"thumbnail":["https:\/\/fmamiga909.com.ar\/wp-content\/uploads\/2020\/07\/sesion16-julio-150x150.jpeg",150,150,true],"medium":["https:\/\/fmamiga909.com.ar\/wp-content\/uploads\/2020\/07\/sesion16-julio-300x225.jpeg",300,225,true],"medium_large":["https:\/\/fmamiga909.com.ar\/wp-content\/uploads\/2020\/07\/sesion16-julio.jpeg",1280,960,false],"large":["https:\/\/fmamiga909.com.ar\/wp-content\/uploads\/2020\/07\/sesion16-julio-1024x768.jpeg",640,480,true],"1536x1536":["https:\/\/fmamiga909.com.ar\/wp-content\/uploads\/2020\/07\/sesion16-julio.jpeg",1280,960,false],"2048x2048":["https:\/\/fmamiga909.com.ar\/wp-content\/uploads\/2020\/07\/sesion16-julio.jpeg",1280,960,false],"newsium-slider-full":["https:\/\/fmamiga909.com.ar\/wp-content\/uploads\/2020\/07\/sesion16-julio.jpeg",1127,845,false],"newsium-featured":["https:\/\/fmamiga909.com.ar\/wp-content\/uploads\/2020\/07\/sesion16-julio.jpeg",1024,768,false],"newsium-medium":["https:\/\/fmamiga909.com.ar\/wp-content\/uploads\/2020\/07\/sesion16-julio.jpeg",633,475,false]},"author_info":{"display_name":"Fredy Giuliano","author_link":"https:\/\/fmamiga909.com.ar\/?author=3"},"category_info":"<a href=\"https:\/\/fmamiga909.com.ar\/?cat=1\" rel=\"category\">La radio<\/a> <a href=\"https:\/\/fmamiga909.com.ar\/?cat=3\" rel=\"category\">Noticias<\/a>","tag_info":"Noticias","comment_count":"0","_links":{"self":[{"href":"https:\/\/fmamiga909.com.ar\/index.php?rest_route=\/wp\/v2\/posts\/8355","targetHints":{"allow":["GET"]}}],"collection":[{"href":"https:\/\/fmamiga909.com.ar\/index.php?rest_route=\/wp\/v2\/posts"}],"about":[{"href":"https:\/\/fmamiga909.com.ar\/index.php?rest_route=\/wp\/v2\/types\/post"}],"author":[{"embeddable":true,"href":"https:\/\/fmamiga909.com.ar\/index.php?rest_route=\/wp\/v2\/users\/3"}],"replies":[{"embeddable":true,"href":"https:\/\/fmamiga909.com.ar\/index.php?rest_route=%2Fwp%2Fv2%2Fcomments&post=8355"}],"version-history":[{"count":1,"href":"https:\/\/fmamiga909.com.ar\/index.php?rest_route=\/wp\/v2\/posts\/8355\/revisions"}],"predecessor-version":[{"id":8357,"href":"https:\/\/fmamiga909.com.ar\/index.php?rest_route=\/wp\/v2\/posts\/8355\/revisions\/8357"}],"wp:featuredmedia":[{"embeddable":true,"href":"https:\/\/fmamiga909.com.ar\/index.php?rest_route=\/wp\/v2\/media\/8356"}],"wp:attachment":[{"href":"https:\/\/fmamiga909.com.ar\/index.php?rest_route=%2Fwp%2Fv2%2Fmedia&parent=8355"}],"wp:term":[{"taxonomy":"category","embeddable":true,"href":"https:\/\/fmamiga909.com.ar\/index.php?rest_route=%2Fwp%2Fv2%2Fcategories&post=8355"},{"taxonomy":"post_tag","embeddable":true,"href":"https:\/\/fmamiga909.com.ar\/index.php?rest_route=%2Fwp%2Fv2%2Ftags&post=8355"}],"curies":[{"name":"wp","href":"https:\/\/api.w.org\/{rel}","templated":true}]}}