{"id":8443,"date":"2020-10-07T21:33:51","date_gmt":"2020-10-07T21:33:51","guid":{"rendered":"http:\/\/fmamiga909.com.ar\/?p=8443"},"modified":"2020-10-07T21:33:52","modified_gmt":"2020-10-07T21:33:52","slug":"michlig-el-balneario-laguna-la-verde-contara-con-iluminacion-led-en-su-costanera-y-calle-lateral","status":"publish","type":"post","link":"https:\/\/fmamiga909.com.ar\/?p=8443","title":{"rendered":"Michlig: \u201cEl Balneario Laguna La Verde contar\u00e1 con iluminaci\u00f3n led en su costanera y calle lateral\u201d"},"content":{"rendered":"\n<p>El Senador Felipe Michlig concurri\u00f3 en la fecha al Balneario \u201cLaguna La Verde\u201d, en el Distrito de Huanqueros, en donde junto al Presidente Comunal Roque Ferreyra y el Diputado Marcelo Gonz\u00e1lez, procedieron a la firma del convenio para la colocaci\u00f3n de 18 columnas dobles y 36 luminarias led de 180 Watts sobre la Costa este, para lo que entreg\u00f3 el correspondiente anticipo financiero, en el marco del Programa Departamental de Iluminaci\u00f3n Led (Pro.Di.Led.).<\/p>\n\n\n\n<p>Durante el sencillo acto desarrollado en el Club Caza y Pesca tambi\u00e9n estuvieron presentes el Senador Suplente, Edgardo Martino; el Coord. de Pro.Di.Led, Marcelo Airaldo; la tesorera comunal, Liliana Paz; el Presidente del Club Caza y Pesca, Edgardo Taramelli, el Vice, Hugo Soltermann y el Director de la planta campamentil, Pablo Andr\u00e9s, entre otros.<\/p>\n\n\n\n<p><strong><u>Centro Tur\u00edstico Regional<\/u><\/strong><\/p>\n\n\n\n<p>El Senador Michlig al momento de hacer uso de la palabra manifest\u00f3 que \u201ces un momento muy grato estar compartiendo este momento, en donde se ve el trabajo mancomunado en un espacio \u00fanico como el que tenemos aqu\u00ed con un importante nivel de desarrollo, aunque queremos seguir poni\u00e9ndolo en valor para brindar mejores servicios para gente de tantos otros lugares. En tal sentido insistiremos para que la Provincia se sensibilice con los objetivos tur\u00edsticos en relaci\u00f3n con este lugar y sepan de la importancia productiva, recreativa y social\u201d.<\/p>\n\n\n\n<p>\u201cHoy estamos firmando este convenio en donde vamos a hacer una importante inversi\u00f3n, superior a los $ 650 mil (de las C\u00e1maras de Senadores y Diputados), para dotar de iluminaci\u00f3n led y nuevas columnas a lo largo de 500 metros de esta hermosa costanera, en donde la Comuna y las instituciones locales tambi\u00e9n van haciendo lo suyo. Tambi\u00e9n ya hemos decidido que aportaremos otras 15 columnas y luminarias para toda la calle lateral hasta la bajada de lanchas. Tambi\u00e9n a pedido del Club Caza y Pesca vamos a sumar $50 mil para el recambio del tejido perimetral. Nosotros seguiremos apoyando con el compromiso de siempre\u201d.<\/p>\n\n\n\n<p><strong><u>\u201cLa Provincia deber\u00eda acompa\u00f1ar\u201d<\/u><\/strong><\/p>\n\n\n\n<p>El Pte. Comunal Roque Ferreyra destac\u00f3 \u201cel esfuerzo y dedicaci\u00f3n que le pone nuestro Senador para que la Laguna La Verde se fortalezca como un centro tur\u00edstico regional. Nosotros desde la Comuna hemos presentado varios proyectos para poner en valor este lugar, por lo que estamos esperando respuestas de la Provincia y que se contin\u00fae con muchas acciones muy positivas que se hab\u00edan iniciadas durante la gesti\u00f3n del exgobernador Lifschitz, aunque hasta el momento solo recibimos negativas del actual Gobierno. La Provincia deber\u00eda acompa\u00f1ar\u201d.<\/p>\n\n\n\n<p>El Diputado Gonz\u00e1lez se\u00f1al\u00f3 que \u201ces un placer poder estar en este lugar, en donde me es muy cercano y familiar. Lamentamos que el actual Gobierno Provincial no le d\u00e9 continuidad a los distintos proyectos estrat\u00e9gicos que se hab\u00edan planteado en el marco de una pol\u00edtica tur\u00edstica provincial. Pero no vamos a bajar los brazos y ejemplo de ello es lo que estamos haciendo ahora con la incorporaci\u00f3n de iluminaci\u00f3n led\u201d.<\/p>\n\n\n\n<p>Por su parte Martino indic\u00f3 que \u201cpara los habitantes del departamento la Laguna es parte de nuestros afectos, y nos esmeramos en que este espacio natural siga creciendo\u201d.<\/p>\n\n\n\n<p>Mi\u00e9rcoles, 07 de octubre de 2020<\/p>\n\n\n\n<figure class=\"wp-block-gallery columns-3 is-cropped wp-block-gallery-1 is-layout-flex wp-block-gallery-is-layout-flex\"><ul class=\"blocks-gallery-grid\"><li class=\"blocks-gallery-item\"><figure><img loading=\"lazy\" decoding=\"async\" width=\"1024\" height=\"768\" src=\"https:\/\/fmamiga909.com.ar\/wp-content\/uploads\/2020\/10\/huanqueros-conv-2-1024x768.jpeg\" alt=\"\" data-id=\"8444\" data-full-url=\"https:\/\/fmamiga909.com.ar\/wp-content\/uploads\/2020\/10\/huanqueros-conv-2.jpeg\" data-link=\"https:\/\/fmamiga909.com.ar\/?attachment_id=8444\" class=\"wp-image-8444\" srcset=\"https:\/\/fmamiga909.com.ar\/wp-content\/uploads\/2020\/10\/huanqueros-conv-2-1024x768.jpeg 1024w, https:\/\/fmamiga909.com.ar\/wp-content\/uploads\/2020\/10\/huanqueros-conv-2-300x225.jpeg 300w, https:\/\/fmamiga909.com.ar\/wp-content\/uploads\/2020\/10\/huanqueros-conv-2-259x194.jpeg 259w, https:\/\/fmamiga909.com.ar\/wp-content\/uploads\/2020\/10\/huanqueros-conv-2-950x713.jpeg 950w, https:\/\/fmamiga909.com.ar\/wp-content\/uploads\/2020\/10\/huanqueros-conv-2.jpeg 1280w\" sizes=\"auto, (max-width: 1024px) 100vw, 1024px\" \/><\/figure><\/li><li class=\"blocks-gallery-item\"><figure><img loading=\"lazy\" decoding=\"async\" width=\"1024\" height=\"666\" src=\"https:\/\/fmamiga909.com.ar\/wp-content\/uploads\/2020\/10\/huanqueros-PPAL-1024x666.jpeg\" alt=\"\" data-id=\"8445\" data-full-url=\"https:\/\/fmamiga909.com.ar\/wp-content\/uploads\/2020\/10\/huanqueros-PPAL.jpeg\" data-link=\"https:\/\/fmamiga909.com.ar\/?attachment_id=8445\" class=\"wp-image-8445\" srcset=\"https:\/\/fmamiga909.com.ar\/wp-content\/uploads\/2020\/10\/huanqueros-PPAL-1024x666.jpeg 1024w, https:\/\/fmamiga909.com.ar\/wp-content\/uploads\/2020\/10\/huanqueros-PPAL-300x195.jpeg 300w, https:\/\/fmamiga909.com.ar\/wp-content\/uploads\/2020\/10\/huanqueros-PPAL-950x618.jpeg 950w, https:\/\/fmamiga909.com.ar\/wp-content\/uploads\/2020\/10\/huanqueros-PPAL.jpeg 1280w\" sizes=\"auto, (max-width: 1024px) 100vw, 1024px\" \/><\/figure><\/li><li class=\"blocks-gallery-item\"><figure><img loading=\"lazy\" decoding=\"async\" width=\"1024\" height=\"768\" src=\"https:\/\/fmamiga909.com.ar\/wp-content\/uploads\/2020\/10\/huanquerso-conven-1024x768.jpeg\" alt=\"\" data-id=\"8446\" data-full-url=\"https:\/\/fmamiga909.com.ar\/wp-content\/uploads\/2020\/10\/huanquerso-conven.jpeg\" data-link=\"https:\/\/fmamiga909.com.ar\/?attachment_id=8446\" class=\"wp-image-8446\" srcset=\"https:\/\/fmamiga909.com.ar\/wp-content\/uploads\/2020\/10\/huanquerso-conven-1024x768.jpeg 1024w, https:\/\/fmamiga909.com.ar\/wp-content\/uploads\/2020\/10\/huanquerso-conven-300x225.jpeg 300w, https:\/\/fmamiga909.com.ar\/wp-content\/uploads\/2020\/10\/huanquerso-conven-259x194.jpeg 259w, https:\/\/fmamiga909.com.ar\/wp-content\/uploads\/2020\/10\/huanquerso-conven-950x713.jpeg 950w, https:\/\/fmamiga909.com.ar\/wp-content\/uploads\/2020\/10\/huanquerso-conven.jpeg 1280w\" sizes=\"auto, (max-width: 1024px) 100vw, 1024px\" \/><\/figure><\/li><\/ul><\/figure>\n","protected":false},"excerpt":{"rendered":"<p>El Senador Felipe Michlig concurri\u00f3 en la fecha al Balneario \u201cLaguna La Verde\u201d, en el&#8230;<\/p>\n","protected":false},"author":3,"featured_media":8445,"comment_status":"closed","ping_status":"closed","sticky":false,"template":"","format":"standard","meta":{"footnotes":""},"categories":[1,3],"tags":[],"class_list":["post-8443","post","type-post","status-publish","format-standard","has-post-thumbnail","hentry","category-uncategorized","category-noticias"],"featured_image_urls":{"full":["https:\/\/fmamiga909.com.ar\/wp-content\/uploads\/2020\/10\/huanqueros-PPAL.jpeg",1280,832,false],"thumbnail":["https:\/\/fmamiga909.com.ar\/wp-content\/uploads\/2020\/10\/huanqueros-PPAL-150x150.jpeg",150,150,true],"medium":["https:\/\/fmamiga909.com.ar\/wp-content\/uploads\/2020\/10\/huanqueros-PPAL-300x195.jpeg",300,195,true],"medium_large":["https:\/\/fmamiga909.com.ar\/wp-content\/uploads\/2020\/10\/huanqueros-PPAL.jpeg",1280,832,false],"large":["https:\/\/fmamiga909.com.ar\/wp-content\/uploads\/2020\/10\/huanqueros-PPAL-1024x666.jpeg",640,416,true],"1536x1536":["https:\/\/fmamiga909.com.ar\/wp-content\/uploads\/2020\/10\/huanqueros-PPAL.jpeg",1280,832,false],"2048x2048":["https:\/\/fmamiga909.com.ar\/wp-content\/uploads\/2020\/10\/huanqueros-PPAL.jpeg",1280,832,false],"newsium-slider-full":["https:\/\/fmamiga909.com.ar\/wp-content\/uploads\/2020\/10\/huanqueros-PPAL.jpeg",1280,832,false],"newsium-featured":["https:\/\/fmamiga909.com.ar\/wp-content\/uploads\/2020\/10\/huanqueros-PPAL.jpeg",1024,666,false],"newsium-medium":["https:\/\/fmamiga909.com.ar\/wp-content\/uploads\/2020\/10\/huanqueros-PPAL.jpeg",720,468,false]},"author_info":{"display_name":"Fredy Giuliano","author_link":"https:\/\/fmamiga909.com.ar\/?author=3"},"category_info":"<a href=\"https:\/\/fmamiga909.com.ar\/?cat=1\" rel=\"category\">La radio<\/a> <a href=\"https:\/\/fmamiga909.com.ar\/?cat=3\" rel=\"category\">Noticias<\/a>","tag_info":"Noticias","comment_count":"0","_links":{"self":[{"href":"https:\/\/fmamiga909.com.ar\/index.php?rest_route=\/wp\/v2\/posts\/8443","targetHints":{"allow":["GET"]}}],"collection":[{"href":"https:\/\/fmamiga909.com.ar\/index.php?rest_route=\/wp\/v2\/posts"}],"about":[{"href":"https:\/\/fmamiga909.com.ar\/index.php?rest_route=\/wp\/v2\/types\/post"}],"author":[{"embeddable":true,"href":"https:\/\/fmamiga909.com.ar\/index.php?rest_route=\/wp\/v2\/users\/3"}],"replies":[{"embeddable":true,"href":"https:\/\/fmamiga909.com.ar\/index.php?rest_route=%2Fwp%2Fv2%2Fcomments&post=8443"}],"version-history":[{"count":1,"href":"https:\/\/fmamiga909.com.ar\/index.php?rest_route=\/wp\/v2\/posts\/8443\/revisions"}],"predecessor-version":[{"id":8447,"href":"https:\/\/fmamiga909.com.ar\/index.php?rest_route=\/wp\/v2\/posts\/8443\/revisions\/8447"}],"wp:featuredmedia":[{"embeddable":true,"href":"https:\/\/fmamiga909.com.ar\/index.php?rest_route=\/wp\/v2\/media\/8445"}],"wp:attachment":[{"href":"https:\/\/fmamiga909.com.ar\/index.php?rest_route=%2Fwp%2Fv2%2Fmedia&parent=8443"}],"wp:term":[{"taxonomy":"category","embeddable":true,"href":"https:\/\/fmamiga909.com.ar\/index.php?rest_route=%2Fwp%2Fv2%2Fcategories&post=8443"},{"taxonomy":"post_tag","embeddable":true,"href":"https:\/\/fmamiga909.com.ar\/index.php?rest_route=%2Fwp%2Fv2%2Ftags&post=8443"}],"curies":[{"name":"wp","href":"https:\/\/api.w.org\/{rel}","templated":true}]}}