{"id":8449,"date":"2020-10-26T14:07:32","date_gmt":"2020-10-26T14:07:32","guid":{"rendered":"http:\/\/fmamiga909.com.ar\/?p=8449"},"modified":"2020-10-26T14:10:49","modified_gmt":"2020-10-26T14:10:49","slug":"gasistas-repudiaron-las-amenazas-recibidas-por-marcelo-gonzalez","status":"publish","type":"post","link":"https:\/\/fmamiga909.com.ar\/?p=8449","title":{"rendered":"Gasistas repudiaron las amenazas recibidas por Marcelo Gonz\u00e1lez"},"content":{"rendered":"\n<p>Gonz\u00e1lez, explic\u00f3 que el esp\u00edritu de la letra buscar\u00eda crear reglas claras, con la conformaci\u00f3n de una mesa de negociaci\u00f3n entre los profesionales y Litoral Gas,<strong>&nbsp;a fin de crear protocolos, cursos, capacitaciones, acreditaci\u00f3n de t\u00edtulos y distintos contenidos de especialidad<\/strong>&nbsp;para brindar identidad a los trabajadores.<br><br><strong>EL COMUNICADO DE REPUDIO A LAS AMENAZAS RECIBIDAS POR EL DIPUTADO<\/strong><br><br>Quienes suscriben, las asociaciones de gasistas firmantes, Asoc. Civil C\u00e1mara de Gasistas y Sanitaristas de Santo Tome y sus delegaciones de las ciudades de Ceres Y San Crist\u00f3bal, Asoc. Gasistas y Sanitaristas de Santa Fe Capital y Asociaci\u00f3n Empresa instaladores Gasistas de la ciudad de Rosario.<\/p>\n\n\n\n<p>Manifiestan su total repudio y rechazo a lo manifestado por el&nbsp;<strong>Sr. H\u00e9ctor Balbastro (presidente de la Asoc. Civil UPROGASSF),<\/strong>&nbsp;hacia el Diputado Provincial Marcelo Gonz\u00e1lez, manifestaciones emitidas en nuestra p\u00e1gina de la red social Facebook (c\u00e1mara de gasistas Santo Tome), y a su vez<strong>&nbsp;nos solidarizamos y estamos a total disposici\u00f3n del Diputado.<\/strong><\/p>\n\n\n\n<p>Creemos firmemente que este accionar de parte de un \u201cDIRIGENTE\u201d social\u00a0<strong>no condice con los tiempos que estamos viviendo, incitando a la violencia, en el marco de la discusi\u00f3n por la ley de colegiaci\u00f3n de los gasistas matriculados de 2da y 3era categor\u00eda,<\/strong>\u00a0ley consensuada y trabajada desde setiembre del a\u00f1o 2019, en momentos donde debe reinar la paz social, paz que se ve convulsionada por los tiempos de cuarentena que estamos cursando (se adjuntan capturas de pantalla con manifestaciones amenazantes hacia el Diputado Marcelo Gonz\u00e1lez).<\/p>\n\n\n\n<figure class=\"wp-block-image size-large\"><img loading=\"lazy\" decoding=\"async\" width=\"809\" height=\"554\" src=\"https:\/\/fmamiga909.com.ar\/wp-content\/uploads\/2020\/10\/gonzalezmarcelo-amenazas.jpg\" alt=\"\" class=\"wp-image-8450\" srcset=\"https:\/\/fmamiga909.com.ar\/wp-content\/uploads\/2020\/10\/gonzalezmarcelo-amenazas.jpg 809w, https:\/\/fmamiga909.com.ar\/wp-content\/uploads\/2020\/10\/gonzalezmarcelo-amenazas-300x205.jpg 300w, https:\/\/fmamiga909.com.ar\/wp-content\/uploads\/2020\/10\/gonzalezmarcelo-amenazas-620x425.jpg 620w, https:\/\/fmamiga909.com.ar\/wp-content\/uploads\/2020\/10\/gonzalezmarcelo-amenazas-220x150.jpg 220w\" sizes=\"auto, (max-width: 809px) 100vw, 809px\" \/><\/figure>\n","protected":false},"excerpt":{"rendered":"<p>Gonz\u00e1lez, explic\u00f3 que el esp\u00edritu de la letra buscar\u00eda crear reglas claras, con la conformaci\u00f3n&#8230;<\/p>\n","protected":false},"author":3,"featured_media":8451,"comment_status":"closed","ping_status":"closed","sticky":false,"template":"","format":"standard","meta":{"footnotes":""},"categories":[1,3],"tags":[],"class_list":["post-8449","post","type-post","status-publish","format-standard","has-post-thumbnail","hentry","category-uncategorized","category-noticias"],"featured_image_urls":{"full":["https:\/\/fmamiga909.com.ar\/wp-content\/uploads\/2020\/10\/14369-gonzalezmarcelo1.jpg",688,544,false],"thumbnail":["https:\/\/fmamiga909.com.ar\/wp-content\/uploads\/2020\/10\/14369-gonzalezmarcelo1-150x150.jpg",150,150,true],"medium":["https:\/\/fmamiga909.com.ar\/wp-content\/uploads\/2020\/10\/14369-gonzalezmarcelo1-300x237.jpg",300,237,true],"medium_large":["https:\/\/fmamiga909.com.ar\/wp-content\/uploads\/2020\/10\/14369-gonzalezmarcelo1.jpg",688,544,false],"large":["https:\/\/fmamiga909.com.ar\/wp-content\/uploads\/2020\/10\/14369-gonzalezmarcelo1.jpg",640,506,false],"1536x1536":["https:\/\/fmamiga909.com.ar\/wp-content\/uploads\/2020\/10\/14369-gonzalezmarcelo1.jpg",688,544,false],"2048x2048":["https:\/\/fmamiga909.com.ar\/wp-content\/uploads\/2020\/10\/14369-gonzalezmarcelo1.jpg",688,544,false],"newsium-slider-full":["https:\/\/fmamiga909.com.ar\/wp-content\/uploads\/2020\/10\/14369-gonzalezmarcelo1.jpg",688,544,false],"newsium-featured":["https:\/\/fmamiga909.com.ar\/wp-content\/uploads\/2020\/10\/14369-gonzalezmarcelo1.jpg",688,544,false],"newsium-medium":["https:\/\/fmamiga909.com.ar\/wp-content\/uploads\/2020\/10\/14369-gonzalezmarcelo1.jpg",601,475,false]},"author_info":{"display_name":"Fredy Giuliano","author_link":"https:\/\/fmamiga909.com.ar\/?author=3"},"category_info":"<a href=\"https:\/\/fmamiga909.com.ar\/?cat=1\" rel=\"category\">La radio<\/a> <a href=\"https:\/\/fmamiga909.com.ar\/?cat=3\" rel=\"category\">Noticias<\/a>","tag_info":"Noticias","comment_count":"0","_links":{"self":[{"href":"https:\/\/fmamiga909.com.ar\/index.php?rest_route=\/wp\/v2\/posts\/8449","targetHints":{"allow":["GET"]}}],"collection":[{"href":"https:\/\/fmamiga909.com.ar\/index.php?rest_route=\/wp\/v2\/posts"}],"about":[{"href":"https:\/\/fmamiga909.com.ar\/index.php?rest_route=\/wp\/v2\/types\/post"}],"author":[{"embeddable":true,"href":"https:\/\/fmamiga909.com.ar\/index.php?rest_route=\/wp\/v2\/users\/3"}],"replies":[{"embeddable":true,"href":"https:\/\/fmamiga909.com.ar\/index.php?rest_route=%2Fwp%2Fv2%2Fcomments&post=8449"}],"version-history":[{"count":1,"href":"https:\/\/fmamiga909.com.ar\/index.php?rest_route=\/wp\/v2\/posts\/8449\/revisions"}],"predecessor-version":[{"id":8452,"href":"https:\/\/fmamiga909.com.ar\/index.php?rest_route=\/wp\/v2\/posts\/8449\/revisions\/8452"}],"wp:featuredmedia":[{"embeddable":true,"href":"https:\/\/fmamiga909.com.ar\/index.php?rest_route=\/wp\/v2\/media\/8451"}],"wp:attachment":[{"href":"https:\/\/fmamiga909.com.ar\/index.php?rest_route=%2Fwp%2Fv2%2Fmedia&parent=8449"}],"wp:term":[{"taxonomy":"category","embeddable":true,"href":"https:\/\/fmamiga909.com.ar\/index.php?rest_route=%2Fwp%2Fv2%2Fcategories&post=8449"},{"taxonomy":"post_tag","embeddable":true,"href":"https:\/\/fmamiga909.com.ar\/index.php?rest_route=%2Fwp%2Fv2%2Ftags&post=8449"}],"curies":[{"name":"wp","href":"https:\/\/api.w.org\/{rel}","templated":true}]}}