{"id":8529,"date":"2021-05-06T13:33:12","date_gmt":"2021-05-06T13:33:12","guid":{"rendered":"http:\/\/fmamiga909.com.ar\/?p=8529"},"modified":"2021-05-06T13:33:14","modified_gmt":"2021-05-06T13:33:14","slug":"iapos-vacuna-antigripal","status":"publish","type":"post","link":"https:\/\/fmamiga909.com.ar\/?p=8529","title":{"rendered":"IAPOS Vacuna antigripal"},"content":{"rendered":"\n<p>Con el oto\u00f1o avanzado, y en medio de la pandemia por coronavirus, crecen las consultas por la aplicaci\u00f3n de la vacuna antigripal, en especial por parte de la poblaci\u00f3n de riesgo.<\/p>\n\n\n\n<p>En este contexto, el Instituto Aut\u00e1rquico Provincial de Obra Social informa que a partir de este jueves 6 de mayo comienza la inscripci\u00f3n para la vacunaci\u00f3n antigripal de los afiliados a la obra social mayores de 65 a\u00f1os y menores de esa edad que se encuentren comprendidos en grupos de riesgo.<\/p>\n\n\n\n<p>El turno podr\u00e1 ser solicitado a trav\u00e9s de la farmacia de afinidad del afiliado, de forma presencial o telef\u00f3nica;&nbsp;por la web iapos.dsalud.com.ar; o por la aplicaci\u00f3n para celulares \u201cFarma Iapos\u201d, dispuesta especialmente para esta circunstancia.<\/p>\n\n\n\n<p>La asignaci\u00f3n de turnos depender\u00e1 de la disponibilidad de dosis en funci\u00f3n de&nbsp; las vacunas que se vayan recibiendo del Ministerio de Salud de la Naci\u00f3n.<\/p>\n\n\n\n<p>Se recuerda que la vacunaci\u00f3n antigripal debe respetar un intervalo de al menos 15 d\u00edas con la aplicaci\u00f3n de la vacuna contra el Covid-19.\u00a0<\/p>\n\n\n\n<p>Grupos de riesgo<\/p>\n\n\n\n<p>De acuerdo a lo resuelto por la Cartera Sanitaria Nacional, los beneficiarios incluidos en los grupos de riesgo son: personal de salud; embarazadas y pu\u00e9rperas y afiliados menores de&nbsp; 65 a\u00f1os que tengan enfermedades respiratorias o card\u00edacas, inmunodeficiencias cong\u00e9nitas o adquiridas, pacientes oncol\u00f3gicos\/oncohematol\u00f3gicos y trasplantados, obesos m\u00f3rbidos, diab\u00e9ticos, insuficiencia renal cr\u00f3nica avanzada, retraso madurativo grave en menores de 18 a\u00f1os de edad, s\u00edndromes gen\u00e9ticos, enfermedades neuromusculares con compromiso respiratorio y malformaciones cong\u00e9nitas graves y convivientes de enfermos oncol\u00f3gicos\/oncohematol\u00f3gicos y de prematuros menores de 1.500 g., entre otras patolog\u00edas determinadas por la resoluci\u00f3n ministerial.<\/p>\n\n\n\n<p>El Ministerio de Salud de la Provincia se encuentra llevando adelante la vacunaci\u00f3n en geri\u00e1tricos, lo que incluye tambi\u00e9n a los afiliados de la obra social provincial que se encuentren en dichas instituciones. Adem\u00e1s, desde el instituto se est\u00e1 organizando la log\u00edstica para la inoculaci\u00f3n&nbsp; de los beneficiarios con internaci\u00f3n domiciliaria.<\/p>\n\n\n\n<p>La vacunaci\u00f3n de menores entre 6 y 24 meses se realizar\u00e1 en los efectores p\u00fablicos de salud.<\/p>\n\n\n\n<p>Para consultas, los afiliados podr\u00e1n contactarse a trav\u00e9s del mail iapos_consultas@santafe.gov.ar o llamando al 0800 444 4276, los d\u00edas h\u00e1biles de 8 a 16 hs<\/p>\n\n\n\n<p><\/p>\n\n\n\n<p><\/p>\n","protected":false},"excerpt":{"rendered":"<p>Con el oto\u00f1o avanzado, y en medio de la pandemia por coronavirus, crecen las consultas&#8230;<\/p>\n","protected":false},"author":3,"featured_media":8530,"comment_status":"closed","ping_status":"closed","sticky":false,"template":"","format":"standard","meta":{"footnotes":""},"categories":[1,3],"tags":[],"class_list":["post-8529","post","type-post","status-publish","format-standard","has-post-thumbnail","hentry","category-uncategorized","category-noticias"],"featured_image_urls":{"full":["https:\/\/fmamiga909.com.ar\/wp-content\/uploads\/2021\/05\/374479_jay.jpg",1024,680,false],"thumbnail":["https:\/\/fmamiga909.com.ar\/wp-content\/uploads\/2021\/05\/374479_jay-150x150.jpg",150,150,true],"medium":["https:\/\/fmamiga909.com.ar\/wp-content\/uploads\/2021\/05\/374479_jay-300x199.jpg",300,199,true],"medium_large":["https:\/\/fmamiga909.com.ar\/wp-content\/uploads\/2021\/05\/374479_jay.jpg",1024,680,false],"large":["https:\/\/fmamiga909.com.ar\/wp-content\/uploads\/2021\/05\/374479_jay.jpg",640,425,false],"1536x1536":["https:\/\/fmamiga909.com.ar\/wp-content\/uploads\/2021\/05\/374479_jay.jpg",1024,680,false],"2048x2048":["https:\/\/fmamiga909.com.ar\/wp-content\/uploads\/2021\/05\/374479_jay.jpg",1024,680,false],"newsium-slider-full":["https:\/\/fmamiga909.com.ar\/wp-content\/uploads\/2021\/05\/374479_jay.jpg",1024,680,false],"newsium-featured":["https:\/\/fmamiga909.com.ar\/wp-content\/uploads\/2021\/05\/374479_jay.jpg",1024,680,false],"newsium-medium":["https:\/\/fmamiga909.com.ar\/wp-content\/uploads\/2021\/05\/374479_jay.jpg",715,475,false]},"author_info":{"display_name":"Fredy Giuliano","author_link":"https:\/\/fmamiga909.com.ar\/?author=3"},"category_info":"<a href=\"https:\/\/fmamiga909.com.ar\/?cat=1\" rel=\"category\">La radio<\/a> <a href=\"https:\/\/fmamiga909.com.ar\/?cat=3\" rel=\"category\">Noticias<\/a>","tag_info":"Noticias","comment_count":"0","_links":{"self":[{"href":"https:\/\/fmamiga909.com.ar\/index.php?rest_route=\/wp\/v2\/posts\/8529","targetHints":{"allow":["GET"]}}],"collection":[{"href":"https:\/\/fmamiga909.com.ar\/index.php?rest_route=\/wp\/v2\/posts"}],"about":[{"href":"https:\/\/fmamiga909.com.ar\/index.php?rest_route=\/wp\/v2\/types\/post"}],"author":[{"embeddable":true,"href":"https:\/\/fmamiga909.com.ar\/index.php?rest_route=\/wp\/v2\/users\/3"}],"replies":[{"embeddable":true,"href":"https:\/\/fmamiga909.com.ar\/index.php?rest_route=%2Fwp%2Fv2%2Fcomments&post=8529"}],"version-history":[{"count":1,"href":"https:\/\/fmamiga909.com.ar\/index.php?rest_route=\/wp\/v2\/posts\/8529\/revisions"}],"predecessor-version":[{"id":8531,"href":"https:\/\/fmamiga909.com.ar\/index.php?rest_route=\/wp\/v2\/posts\/8529\/revisions\/8531"}],"wp:featuredmedia":[{"embeddable":true,"href":"https:\/\/fmamiga909.com.ar\/index.php?rest_route=\/wp\/v2\/media\/8530"}],"wp:attachment":[{"href":"https:\/\/fmamiga909.com.ar\/index.php?rest_route=%2Fwp%2Fv2%2Fmedia&parent=8529"}],"wp:term":[{"taxonomy":"category","embeddable":true,"href":"https:\/\/fmamiga909.com.ar\/index.php?rest_route=%2Fwp%2Fv2%2Fcategories&post=8529"},{"taxonomy":"post_tag","embeddable":true,"href":"https:\/\/fmamiga909.com.ar\/index.php?rest_route=%2Fwp%2Fv2%2Ftags&post=8529"}],"curies":[{"name":"wp","href":"https:\/\/api.w.org\/{rel}","templated":true}]}}