{"id":8539,"date":"2021-05-29T13:38:59","date_gmt":"2021-05-29T13:38:59","guid":{"rendered":"http:\/\/fmamiga909.com.ar\/?p=8539"},"modified":"2021-05-29T13:38:59","modified_gmt":"2021-05-29T13:38:59","slug":"el-gobernador-cuenta-con-una-ley-para-comprar-vacunas","status":"publish","type":"post","link":"https:\/\/fmamiga909.com.ar\/?p=8539","title":{"rendered":"EL GOBERNADOR CUENTA CON UNA LEY PARA COMPRAR VACUNAS"},"content":{"rendered":"\n<p>Senador Felipe Michlig manifest\u00f3 su satisfacci\u00f3n por la Ley sancionada por la C\u00e1mara de Diputados -proyecto de su autor\u00eda- que \u201cautoriza al Poder Ejecutivo Provincial a comprar vacunas contra el Covid-19, durante la vigencia de la emergencia sanitaria declarada mediante Decreto N\u00b0 270\/2020\u201d.<\/p>\n\n\n\n<p>\u201cAmbas C\u00e1maras aprobaron con celeridad y por unanimidad esta norma que otorga al Gobernador una valiosa herramienta para la lucha contra la pandemia, a fines de poder adoptar diversas medidas para la adquisici\u00f3n de vacunas destinadas a generar inmunidad adquirida contra la COVID-19, conforme el procedimiento previsto en la Ley Nacional N\u00b0 27.573, lo cual es muy importante por la situaci\u00f3n en la que estamos inmerso\u201d, dijo.<\/p>\n\n\n\n<p>\u201cHubo un trabajo coordinado del interbloque de la UCR (diputados y senadores) y un acompa\u00f1amiento de todos los dem\u00e1s bloques para que r\u00e1pidamente se sancionar\u00e1 la Ley, lo que pone de manifiesto el firme compromiso de la legislatura para lograr los mejores resultados en la administraci\u00f3n de la pandemia\u201d, Se\u00f1al\u00f3 Michlig.<\/p>\n\n\n\n<h6 class=\"wp-block-heading\">\u201cClara necesidad de la ciudadan\u00eda santafesina\u201d<\/h6>\n\n\n\n<p>\u201cLa mencionada propuesta responde a una clara necesidad de la ciudadan\u00eda santafesina con el objetivo de prevenir y limitar las consecuencias sanitarias y econ\u00f3micas derivadas de la pandemia. Esperamos que el Gobierno pueda aprovechar el nuevo marco legal para lograr resultados m\u00e1s beneficiosos para todos los santafesinos\u201d, afirm\u00f3.<\/p>\n\n\n\n<p>En tal sentido el Pte. del Bloque de Senadores de la UCR agreg\u00f3 que \u201cal presente en el pa\u00eds a instancia del Ministerio de Salud de la Naci\u00f3n y la Administraci\u00f3n Nacional de Medicamentos, Alimentos y Tecnolog\u00eda M\u00e9dica (A.N.M.A.T.), est\u00e1n autorizadas 4 vacunas:&nbsp; Sputnik V (Rusia); Covishield (India); Sinopharm (Rep\u00fablica Popular China) y AstraZeneca-Oxford (Reino Unido). Las 4 marcas requieren de la aplicaci\u00f3n de dos dosis\u201d, se\u00f1al\u00f3.<\/p>\n\n\n\n<h6 class=\"wp-block-heading\">Procedimientos establecidos<\/h6>\n\n\n\n<p>La flamante Ley establece distintas pautas que deber\u00e1 seguir el P.E. para su aplicaci\u00f3n, a saber:<\/p>\n\n\n\n<p>\u00ab<strong>1.<\/strong>&nbsp;Iniciar negociaciones y celebrar los contratos -incluso en moneda extranjera previo informe fundado de la autoridad sanitaria provincial necesario para la adquisici\u00f3n de vacunas destinadas a generar inmunidad adquirida contra el COVID-19, en los t\u00e9rminos y condiciones previstos por la Ley Nacional N\u00b0 27.573 pudi\u00e9ndose omitir la exigencia de garant\u00edas, fianzas y\/o cauciones, mediante un procedimiento exceptuado de lo establecido en el T\u00edtulo III Cap\u00edtulo I de la ley 12.510 de Administraci\u00f3n, Eficiencia y Control del Estado\u00bb.<\/p>\n\n\n\n<p>\u00ab<strong>2.<\/strong>&nbsp;Disponer que, en el ejercicio de las funciones encomendadas, con el objeto de efectuar la adquisici\u00f3n de las vacunas, podr\u00e1n incluirse en los contratos respectivos: (I) cl\u00e1usulas o acuerdos de confidencialidad; (II) prescripciones que establezcan condiciones de indemnidad patrimonial respecto de indemnizaciones y otras reclamaciones pecuniarias relacionadas con y en favor de quienes participen de la investigaci\u00f3n, desarrollo, fabricaci\u00f3n, provisi\u00f3n y suministro de las vacunas, con excepci\u00f3n de aquellas originadas en maniobras fraudulentas, conductas maliciosas o negligencia por parte de los sujetos aludidos, (III) cl\u00e1usulas que establezcan la pr\u00f3rroga de jurisdicci\u00f3n a favor de los tribunales arbitrales y judiciales con sede en el extranjero y la aceptaci\u00f3n de ley extranjera aplicable; (IV) incluir otras cl\u00e1usulas acordes al mercado internacional de la vacuna para la prevenci\u00f3n de la enfermedad COVID-19, debiendo contar con la opini\u00f3n favorable de los organismos de asesoramiento y control\u00bb.<\/p>\n\n\n\n<p>\u00ab<strong>3.<\/strong>&nbsp;En ning\u00fan caso la pr\u00f3rroga de jurisdicci\u00f3n podr\u00e1 extenderse o comprender a terceros residentes en la Rep\u00fablica Argentina, sean personas humanas o jur\u00eddicas, quienes en todos los casos conservan su derecho de acudir a las tribunales locales o federales del pa\u00eds por cuestiones que se susciten o deriven de la aplicaci\u00f3n de estos contratos\u00bb.<\/p>\n\n\n\n<p>\u00ab<strong>4.<\/strong>&nbsp;Establecer que los contratos de adquisici\u00f3n de vacunas destinadas a generar inmunidad adquirida contra la COVID-19, como as\u00ed tambi\u00e9n la documentaci\u00f3n complementaria y contratos vinculados a su eventual financiamiento, deber\u00e1n contar con la intervenci\u00f3n previa del Ministerio de Salud, Ministerio de Econom\u00eda y Fiscal\u00eda de Estado\u00bb.<\/p>\n\n\n\n<p>\u00ab<strong>5.<\/strong>&nbsp;Los acuerdos aprobados en virtud de la presente ley deber\u00e1n ser informados y comunicados a Ambas c\u00e1maras Legislativa de la Honorable Legislatura, con los recaudos correspondientes a los fines de respetar las cl\u00e1usulas de confidencialidad que pudieran incluirse. El Poder Ejecutivo deber\u00e1 informar cada sesenta (d\u00edas) y por escrito a ambas C\u00e1maras sobre toda adquisici\u00f3n, entrega, distribuci\u00f3n territorial y aplicaci\u00f3n de las vacunas destinadas a generar inmunidad adquirida contra la COVID-19 obtenidas en el marco de las autorizaciones formuladas por la presente\u00bb.<\/p>\n\n\n\n<p>\u00ab<strong>6.<\/strong>&nbsp;El Poder Ejecutivo, a trav\u00e9s del Ministerio de Econom\u00eda, efectuar\u00e1 las adecuaciones presupuestarias y ejecutar\u00e1 las dem\u00e1s acciones necesarias a los fines de dar cumplimiento a lo dispuesto en la presente ley\u00bb.<\/p>\n\n\n\n<p><em>Jueves, 27 de mayo de 2021<\/em><br><em>Oficina de Prensa Senador Felipe Michlig<\/em><\/p>\n","protected":false},"excerpt":{"rendered":"<p>Senador Felipe Michlig manifest\u00f3 su satisfacci\u00f3n por la Ley sancionada por la C\u00e1mara de Diputados&#8230;<\/p>\n","protected":false},"author":3,"featured_media":8540,"comment_status":"closed","ping_status":"closed","sticky":false,"template":"","format":"standard","meta":{"footnotes":""},"categories":[1,3],"tags":[],"class_list":["post-8539","post","type-post","status-publish","format-standard","has-post-thumbnail","hentry","category-uncategorized","category-noticias"],"featured_image_urls":{"full":["https:\/\/fmamiga909.com.ar\/wp-content\/uploads\/2021\/05\/189868048_6256084571182_2489426036560259423_n.jpg",526,274,false],"thumbnail":["https:\/\/fmamiga909.com.ar\/wp-content\/uploads\/2021\/05\/189868048_6256084571182_2489426036560259423_n-150x150.jpg",150,150,true],"medium":["https:\/\/fmamiga909.com.ar\/wp-content\/uploads\/2021\/05\/189868048_6256084571182_2489426036560259423_n-300x156.jpg",300,156,true],"medium_large":["https:\/\/fmamiga909.com.ar\/wp-content\/uploads\/2021\/05\/189868048_6256084571182_2489426036560259423_n.jpg",526,274,false],"large":["https:\/\/fmamiga909.com.ar\/wp-content\/uploads\/2021\/05\/189868048_6256084571182_2489426036560259423_n.jpg",526,274,false],"1536x1536":["https:\/\/fmamiga909.com.ar\/wp-content\/uploads\/2021\/05\/189868048_6256084571182_2489426036560259423_n.jpg",526,274,false],"2048x2048":["https:\/\/fmamiga909.com.ar\/wp-content\/uploads\/2021\/05\/189868048_6256084571182_2489426036560259423_n.jpg",526,274,false],"newsium-slider-full":["https:\/\/fmamiga909.com.ar\/wp-content\/uploads\/2021\/05\/189868048_6256084571182_2489426036560259423_n.jpg",526,274,false],"newsium-featured":["https:\/\/fmamiga909.com.ar\/wp-content\/uploads\/2021\/05\/189868048_6256084571182_2489426036560259423_n.jpg",526,274,false],"newsium-medium":["https:\/\/fmamiga909.com.ar\/wp-content\/uploads\/2021\/05\/189868048_6256084571182_2489426036560259423_n.jpg",526,274,false]},"author_info":{"display_name":"Fredy Giuliano","author_link":"https:\/\/fmamiga909.com.ar\/?author=3"},"category_info":"<a href=\"https:\/\/fmamiga909.com.ar\/?cat=1\" rel=\"category\">La radio<\/a> <a href=\"https:\/\/fmamiga909.com.ar\/?cat=3\" rel=\"category\">Noticias<\/a>","tag_info":"Noticias","comment_count":"0","_links":{"self":[{"href":"https:\/\/fmamiga909.com.ar\/index.php?rest_route=\/wp\/v2\/posts\/8539","targetHints":{"allow":["GET"]}}],"collection":[{"href":"https:\/\/fmamiga909.com.ar\/index.php?rest_route=\/wp\/v2\/posts"}],"about":[{"href":"https:\/\/fmamiga909.com.ar\/index.php?rest_route=\/wp\/v2\/types\/post"}],"author":[{"embeddable":true,"href":"https:\/\/fmamiga909.com.ar\/index.php?rest_route=\/wp\/v2\/users\/3"}],"replies":[{"embeddable":true,"href":"https:\/\/fmamiga909.com.ar\/index.php?rest_route=%2Fwp%2Fv2%2Fcomments&post=8539"}],"version-history":[{"count":1,"href":"https:\/\/fmamiga909.com.ar\/index.php?rest_route=\/wp\/v2\/posts\/8539\/revisions"}],"predecessor-version":[{"id":8541,"href":"https:\/\/fmamiga909.com.ar\/index.php?rest_route=\/wp\/v2\/posts\/8539\/revisions\/8541"}],"wp:featuredmedia":[{"embeddable":true,"href":"https:\/\/fmamiga909.com.ar\/index.php?rest_route=\/wp\/v2\/media\/8540"}],"wp:attachment":[{"href":"https:\/\/fmamiga909.com.ar\/index.php?rest_route=%2Fwp%2Fv2%2Fmedia&parent=8539"}],"wp:term":[{"taxonomy":"category","embeddable":true,"href":"https:\/\/fmamiga909.com.ar\/index.php?rest_route=%2Fwp%2Fv2%2Fcategories&post=8539"},{"taxonomy":"post_tag","embeddable":true,"href":"https:\/\/fmamiga909.com.ar\/index.php?rest_route=%2Fwp%2Fv2%2Ftags&post=8539"}],"curies":[{"name":"wp","href":"https:\/\/api.w.org\/{rel}","templated":true}]}}