{"id":8553,"date":"2021-06-10T14:15:26","date_gmt":"2021-06-10T14:15:26","guid":{"rendered":"http:\/\/fmamiga909.com.ar\/?p=8553"},"modified":"2021-06-10T14:15:27","modified_gmt":"2021-06-10T14:15:27","slug":"sostienen-que-todas-las-vacunas-son-seguras","status":"publish","type":"post","link":"https:\/\/fmamiga909.com.ar\/?p=8553","title":{"rendered":"Sostienen que todas las vacunas son seguras"},"content":{"rendered":"\n<p>As\u00ed lo manifest\u00f3  el infect\u00f3logo cordob\u00e9s, Oscar Atienza. No obstante explic\u00f3 que la inmunizaci\u00f3n no es total, por lo que se pueden dar casos aislados de muertes en personas que no generaron anticuerpos<\/p>\n\n\n\n<p>Ante algunos casos de personas que se contagiaron y hasta murieron por coronavirus a pesar de estar vacunados,\u00a0<strong>el infect\u00f3logo cordob\u00e9s Oscar Atienza dijo por Radio Belgrano que las vacunas son seguras,<\/strong>\u00a0aunque la eficacia no es del 100% sino del 92, 94, 85%, es decir que\u00a0<strong>hay un porcentaje que no genera anticuerpos por lo que la inmunizaci\u00f3n no es total.\u00a0<\/strong><br><br>Pero otra de las causas, sobre todo en el personal de salud,<strong>\u00a0es la carga viral.<\/strong>\u00a0Esta gente que trabaja en \u00e1reas covid, terapias, guardias, est\u00e1n expuestos a una carga viral m\u00e1s alta que el resto porque<strong>\u00a0se encuentran en permanente contacto con el virus,<\/strong>\u00a0lo que en alg\u00fan momento puede provocar incapacidad para frenarlo con los anticuerpos.\u00a0<br><br>No es lo mismo respirar\u00a0el virus un d\u00eda que estar todo el d\u00eda aspirando virus.\u00a0<strong>Atienza recomend\u00f3 que el personal de salud se haga el test serol\u00f3gico<\/strong>\u00a0para detectar la cantidad de anticuerpos que se generaron para tener certeza de su protecci\u00f3n.\u00a0<br><br>Cuando las vacunas se prueban, se arman grupos de unas 100 personas y\u00a0<strong>aquellas que se terminan enfermando son las que no generan anticuerpos<\/strong>\u00a0y es el porcentaje que no logra cobertura.<\/p>\n\n\n\n<p>Atienza explic\u00f3 que cuando se detectan los\u00a0anticuerpos, cualquiera sea la cantidad,\u00a0<strong>la persona ya\u00a0est\u00e1 protegida\u00a0porque as\u00ed parezca que el n\u00famero es bajo, igual reaccionar\u00e1n ante el virus y nos proteger\u00e1n.\u00a0<\/strong><\/p>\n\n\n\n<p>Fuente: Radiobelgrano Suardi<\/p>\n","protected":false},"excerpt":{"rendered":"<p>As\u00ed lo manifest\u00f3 el infect\u00f3logo cordob\u00e9s, Oscar Atienza. No obstante explic\u00f3 que la inmunizaci\u00f3n no&#8230;<\/p>\n","protected":false},"author":3,"featured_media":8554,"comment_status":"closed","ping_status":"closed","sticky":false,"template":"","format":"standard","meta":{"footnotes":""},"categories":[1,3],"tags":[],"class_list":["post-8553","post","type-post","status-publish","format-standard","has-post-thumbnail","hentry","category-uncategorized","category-noticias"],"featured_image_urls":{"full":["https:\/\/fmamiga909.com.ar\/wp-content\/uploads\/2021\/06\/16386-atienzaoscar1.jpg",711,525,false],"thumbnail":["https:\/\/fmamiga909.com.ar\/wp-content\/uploads\/2021\/06\/16386-atienzaoscar1-150x150.jpg",150,150,true],"medium":["https:\/\/fmamiga909.com.ar\/wp-content\/uploads\/2021\/06\/16386-atienzaoscar1-300x222.jpg",300,222,true],"medium_large":["https:\/\/fmamiga909.com.ar\/wp-content\/uploads\/2021\/06\/16386-atienzaoscar1.jpg",711,525,false],"large":["https:\/\/fmamiga909.com.ar\/wp-content\/uploads\/2021\/06\/16386-atienzaoscar1.jpg",640,473,false],"1536x1536":["https:\/\/fmamiga909.com.ar\/wp-content\/uploads\/2021\/06\/16386-atienzaoscar1.jpg",711,525,false],"2048x2048":["https:\/\/fmamiga909.com.ar\/wp-content\/uploads\/2021\/06\/16386-atienzaoscar1.jpg",711,525,false],"newsium-slider-full":["https:\/\/fmamiga909.com.ar\/wp-content\/uploads\/2021\/06\/16386-atienzaoscar1.jpg",711,525,false],"newsium-featured":["https:\/\/fmamiga909.com.ar\/wp-content\/uploads\/2021\/06\/16386-atienzaoscar1.jpg",711,525,false],"newsium-medium":["https:\/\/fmamiga909.com.ar\/wp-content\/uploads\/2021\/06\/16386-atienzaoscar1.jpg",643,475,false]},"author_info":{"display_name":"Fredy Giuliano","author_link":"https:\/\/fmamiga909.com.ar\/?author=3"},"category_info":"<a href=\"https:\/\/fmamiga909.com.ar\/?cat=1\" rel=\"category\">La radio<\/a> <a href=\"https:\/\/fmamiga909.com.ar\/?cat=3\" rel=\"category\">Noticias<\/a>","tag_info":"Noticias","comment_count":"0","_links":{"self":[{"href":"https:\/\/fmamiga909.com.ar\/index.php?rest_route=\/wp\/v2\/posts\/8553","targetHints":{"allow":["GET"]}}],"collection":[{"href":"https:\/\/fmamiga909.com.ar\/index.php?rest_route=\/wp\/v2\/posts"}],"about":[{"href":"https:\/\/fmamiga909.com.ar\/index.php?rest_route=\/wp\/v2\/types\/post"}],"author":[{"embeddable":true,"href":"https:\/\/fmamiga909.com.ar\/index.php?rest_route=\/wp\/v2\/users\/3"}],"replies":[{"embeddable":true,"href":"https:\/\/fmamiga909.com.ar\/index.php?rest_route=%2Fwp%2Fv2%2Fcomments&post=8553"}],"version-history":[{"count":1,"href":"https:\/\/fmamiga909.com.ar\/index.php?rest_route=\/wp\/v2\/posts\/8553\/revisions"}],"predecessor-version":[{"id":8555,"href":"https:\/\/fmamiga909.com.ar\/index.php?rest_route=\/wp\/v2\/posts\/8553\/revisions\/8555"}],"wp:featuredmedia":[{"embeddable":true,"href":"https:\/\/fmamiga909.com.ar\/index.php?rest_route=\/wp\/v2\/media\/8554"}],"wp:attachment":[{"href":"https:\/\/fmamiga909.com.ar\/index.php?rest_route=%2Fwp%2Fv2%2Fmedia&parent=8553"}],"wp:term":[{"taxonomy":"category","embeddable":true,"href":"https:\/\/fmamiga909.com.ar\/index.php?rest_route=%2Fwp%2Fv2%2Fcategories&post=8553"},{"taxonomy":"post_tag","embeddable":true,"href":"https:\/\/fmamiga909.com.ar\/index.php?rest_route=%2Fwp%2Fv2%2Ftags&post=8553"}],"curies":[{"name":"wp","href":"https:\/\/api.w.org\/{rel}","templated":true}]}}