{"id":8574,"date":"2021-06-12T20:19:59","date_gmt":"2021-06-12T20:19:59","guid":{"rendered":"http:\/\/fmamiga909.com.ar\/?p=8574"},"modified":"2021-06-12T20:19:59","modified_gmt":"2021-06-12T20:19:59","slug":"senadores-de-la-ucr-alientan-a-profundizar-el-operativo-de-vacunacion-en-la-provincia-de-santa-fe","status":"publish","type":"post","link":"https:\/\/fmamiga909.com.ar\/?p=8574","title":{"rendered":"Senadores de la UCR alientan a profundizar el operativo de vacunaci\u00f3n en la Provincia de Santa Fe"},"content":{"rendered":"\n<p><strong>La C\u00e1mara de Senadores de la Provincia aprob\u00f3 una iniciativa del Senador Felipe Michlig, acompa\u00f1ado por sus pares del Bloque de la Uni\u00f3n C\u00edvica Radical, por el cual se pide informes al Poder Ejecutivo acerca del operativo de vacunaci\u00f3n COVID-19, sobre la infraestructura y costos de atenci\u00f3n de pacientes, desde el inicio del operativo -en diciembre de 2020- al presente.<\/strong><\/p>\n\n\n\n<p>Michlig reflej\u00f3 su m\u00e1xima preocupaci\u00f3n al se\u00f1alar que \u201cseg\u00fan los datos del Monitor P\u00fablico de Vacunaci\u00f3n de Ministerio de Salud de la Naci\u00f3n indican que considerando la poblaci\u00f3n de 18 o m\u00e1s a\u00f1os de edad y las 2 dosis que necesita cada persona y las dosis que reci\u00e9n se han aplicado (al 9 de junio 2021), se observa que a\u00fan resta aplicar unos 50 millones de dosis en todo el pa\u00eds y 4 millones de dosis en Santa Fe\u201d.<\/p>\n\n\n\n<p>El pedido de informes fue suscripto todos los senadores del Bloque de la UCR: el Pte. Felipe Michlig, el Vicepte. Lisandro Enrico, Germ\u00e1n Giacomino, Orfilio Marc\u00f3n, Rodrigo Borla y Leonardo Diana, y recibi\u00f3 el apoyo del cuerpo para su aprobaci\u00f3n durante la \u00faltima sesi\u00f3n de la presente semana.<\/p>\n\n\n\n<h6 class=\"wp-block-heading\">Operativo de vacunaci\u00f3n<\/h6>\n\n\n\n<p>Al respecto los Senadores radicales requieren informaci\u00f3n sobre los siguientes puntos:<\/p>\n\n\n\n<p>\u2022&nbsp;&nbsp;&nbsp;&nbsp;&nbsp;&nbsp;&nbsp; Capacidad de vacunaci\u00f3n diaria que tiene disponible el Estado Provincial.<br>\u2022&nbsp;&nbsp;&nbsp;&nbsp;&nbsp;&nbsp;&nbsp; Cantidad de vacunatorios COVID19 en todo el territorio provincial.<br>\u2022&nbsp;&nbsp;&nbsp;&nbsp;&nbsp;&nbsp;&nbsp; Promedio diario de aplicaciones realizadas en toda la provincia desde el comienzo del operativo de vacunaci\u00f3n.<br>\u2022&nbsp;&nbsp;&nbsp;&nbsp;&nbsp;&nbsp;&nbsp; Cantidad de dosis que hab\u00edan sido distribuidas al 31\/05\/2021 por el Estado Nacional a la Provincia de Santa Fe y que se encontraban pendientes de aplicaci\u00f3n, especificando la causa.<br>\u2022&nbsp;&nbsp;&nbsp;&nbsp;&nbsp;&nbsp;&nbsp; Gestiones realizadas para la compra de vacunas desde el Estado Provincial y su estado de avance.<\/p>\n\n\n\n<h6 class=\"wp-block-heading\">Infraestructura y costos de atenci\u00f3n<\/h6>\n\n\n\n<p>Al respecto los legisladores requieren detallada informaci\u00f3n sobre:<\/p>\n\n\n\n<p>\u2022&nbsp;&nbsp;&nbsp;&nbsp;&nbsp;&nbsp;&nbsp; Cantidad de camas en Unidades de Terapia Intensiva (UTI) disponibles en el sistema de salud provincial, desagregando entre subsistema p\u00fablico y privado.<br>\u2022&nbsp;&nbsp;&nbsp;&nbsp;&nbsp;&nbsp;&nbsp;&nbsp; Incremento de camas en UTI en el subsistema de salud p\u00fablico desde el mes de marzo de 2020 hasta la fecha, desagregando dicho incremento entre el aumento neto de camas y la conversi\u00f3n de camas de sala general en camas UTI.<br>\u2022&nbsp;&nbsp;&nbsp;&nbsp;&nbsp;&nbsp;&nbsp; Costos por d\u00eda de atenci\u00f3n en cama de sala general y costo por d\u00eda de atenci\u00f3n en cama UTI. Asimismo, an\u00e1lisis que se hayan realizado en el \u00e1rea que entiende en materia de costos de salud sobre los costos evitados resultantes de la vacunaci\u00f3n contra el COVID19.<\/p>\n\n\n\n<h6 class=\"wp-block-heading\">Gesti\u00f3n de la pandemia<\/h6>\n\n\n\n<p>En los considerandos del pedido de informes los legisladores radicales sostienen que \u201clo que comenz\u00f3 hace 14 meses como una asunci\u00f3n temprana de la pandemia fue decayendo r\u00e1pidamente en su efectividad y calidad de respuesta. Hubo&nbsp;&nbsp; errores&nbsp;&nbsp; en&nbsp;&nbsp; la&nbsp;&nbsp; comprensi\u00f3n&nbsp;&nbsp; de&nbsp;&nbsp; la&nbsp;&nbsp; din\u00e1mica poblacional y una subestimaci\u00f3n de la intensidad de la segunda ola de Covid que nos pone en un punto muy cercano al colapso del sistema de salud en camas COVID.<\/p>\n\n\n\n<p>En el pasado, las camas UTI fueron siempre proyectadas en base a estad\u00edsticas y con previsi\u00f3n de m\u00e1rgenes de error. El Covid cambi\u00f3 totalmente esos patrones. El problema no radica en la infraestructura \u00abheredada\u00bb sino en la capacidad de prever que el Covid cambiaba esos patrones y hab\u00eda que incrementar la dotaci\u00f3n de camas Covid en UTIs. Algunos&nbsp;&nbsp; lo&nbsp;&nbsp; entendieron&nbsp;&nbsp; y&nbsp;&nbsp; aprovecharon&nbsp;&nbsp; el&nbsp;&nbsp; 2020&nbsp;&nbsp; para mejorar su infraestructura, como por ejemplo la vecina Provincia de C\u00f3rdoba que invirti\u00f3 lo que hac\u00eda falta y triplic\u00f3 la cantidad de camas Covid en UTI.<\/p>\n\n\n\n<p>Hoy Santa Fe tiene 1.200 camas de terapia intensiva, mientras que C\u00f3rdoba tiene 3.753.&nbsp; Santa Fe tiene 33 camas en UTI cada 100.000 habitantes mientras que C\u00f3rdoba tiene 99 camas en UTI cada 100.000 habitantes.<\/p>\n\n\n\n<p>Por otra parte, existe una insuficiente asistencia a los sectores productivos mientras que, por otro lado, hay fondos ociosos depositados en el agente financiero de la Provincia por m\u00e1s de $50.000 millones.<\/p>\n\n\n\n<p>En el pa\u00eds se han perdido 150.000 puestos de trabajo registrado, un n\u00famero mayor de p\u00e9rdidas de trabajos independientes e informales, cierres de decenas de miles de empresas y llegaron vacunas para apenas una cuarta parte de la poblaci\u00f3n.<\/p>\n\n\n\n<h6 class=\"wp-block-heading\">Necesidad de agilizar la vacunaci\u00f3n<\/h6>\n\n\n\n<p>\u201cA fines de diciembre de 2020 comenz\u00f3 el operativo de vacunaci\u00f3n contra el COVID en nuestro pa\u00eds y en nuestra Provincia. Si tenemos presente lo declarado por el Gobernador que se vacuna s\u00e1bados y domingo, tenemos 160 d\u00edas desde que comenz\u00f3 el operativo de vacunaci\u00f3n COVID en el pa\u00eds. Esto&nbsp;&nbsp; nos&nbsp;&nbsp; arroja&nbsp;&nbsp; que&nbsp;&nbsp; en&nbsp;&nbsp; la&nbsp;&nbsp; Provincia&nbsp;&nbsp; se&nbsp;&nbsp; observ\u00f3 efectivamente un promedio efectivo de 7.053 dosis aplicadas por d\u00eda en toda la Provincia. Un promedio de 21 dosis diarias por vacunatorio covid. \u00bfQu\u00e9 significa esta realidad comparada con el discurso? Que&nbsp;&nbsp; por&nbsp;&nbsp; la&nbsp;&nbsp; discordinada&nbsp;&nbsp; gesti\u00f3n&nbsp;&nbsp; conjunta&nbsp;&nbsp; de ambos gobiernos se estuvo utilizando apenas un 28% de la capacidad de vacunaci\u00f3n. Sea porque el suministro de dosis no fue continuo o por mal funcionamiento de la log\u00edstica. Ambos factores son claras cuestiones de gesti\u00f3n\u201d.<\/p>\n\n\n\n<h6 class=\"wp-block-heading\">La Provincia necesita inocular 4 millones de dosis<\/h6>\n\n\n\n<p>Finalmente agregan que \u201cla poblaci\u00f3n argentina de 18 o m\u00e1s a\u00f1os de edad es de unas 32.626.849 personas, mientras que la poblaci\u00f3n santafesina de la misma franja etaria es de 2.616.765 personas, seg\u00fan el INDEC. Los datos del Monitor P\u00fablico de Vacunaci\u00f3n de Ministerio de Salud de la Naci\u00f3n -al 9 de junio- indican que, a dicha fecha, se hab\u00edan aplicado 15.012.734 dosis en todo el pa\u00eds y 1.114.306 dosis en Santa Fe. Un simple c\u00e1lculo considerando la poblaci\u00f3n de 18 o m\u00e1s a\u00f1os de edad, las 2 dosis que necesita cada persona y las dosis que reci\u00e9n se han aplicado, se observa que a\u00fan resta aplicar unos 50 millones de dosis en todo el pa\u00eds y 4 millones<\/p>\n","protected":false},"excerpt":{"rendered":"<p>La C\u00e1mara de Senadores de la Provincia aprob\u00f3 una iniciativa del Senador Felipe Michlig, acompa\u00f1ado&#8230;<\/p>\n","protected":false},"author":3,"featured_media":8540,"comment_status":"closed","ping_status":"closed","sticky":false,"template":"","format":"standard","meta":{"footnotes":""},"categories":[1,3],"tags":[],"class_list":["post-8574","post","type-post","status-publish","format-standard","has-post-thumbnail","hentry","category-uncategorized","category-noticias"],"featured_image_urls":{"full":["https:\/\/fmamiga909.com.ar\/wp-content\/uploads\/2021\/05\/189868048_6256084571182_2489426036560259423_n.jpg",526,274,false],"thumbnail":["https:\/\/fmamiga909.com.ar\/wp-content\/uploads\/2021\/05\/189868048_6256084571182_2489426036560259423_n-150x150.jpg",150,150,true],"medium":["https:\/\/fmamiga909.com.ar\/wp-content\/uploads\/2021\/05\/189868048_6256084571182_2489426036560259423_n-300x156.jpg",300,156,true],"medium_large":["https:\/\/fmamiga909.com.ar\/wp-content\/uploads\/2021\/05\/189868048_6256084571182_2489426036560259423_n.jpg",526,274,false],"large":["https:\/\/fmamiga909.com.ar\/wp-content\/uploads\/2021\/05\/189868048_6256084571182_2489426036560259423_n.jpg",526,274,false],"1536x1536":["https:\/\/fmamiga909.com.ar\/wp-content\/uploads\/2021\/05\/189868048_6256084571182_2489426036560259423_n.jpg",526,274,false],"2048x2048":["https:\/\/fmamiga909.com.ar\/wp-content\/uploads\/2021\/05\/189868048_6256084571182_2489426036560259423_n.jpg",526,274,false],"newsium-slider-full":["https:\/\/fmamiga909.com.ar\/wp-content\/uploads\/2021\/05\/189868048_6256084571182_2489426036560259423_n.jpg",526,274,false],"newsium-featured":["https:\/\/fmamiga909.com.ar\/wp-content\/uploads\/2021\/05\/189868048_6256084571182_2489426036560259423_n.jpg",526,274,false],"newsium-medium":["https:\/\/fmamiga909.com.ar\/wp-content\/uploads\/2021\/05\/189868048_6256084571182_2489426036560259423_n.jpg",526,274,false]},"author_info":{"display_name":"Fredy Giuliano","author_link":"https:\/\/fmamiga909.com.ar\/?author=3"},"category_info":"<a href=\"https:\/\/fmamiga909.com.ar\/?cat=1\" rel=\"category\">La radio<\/a> <a href=\"https:\/\/fmamiga909.com.ar\/?cat=3\" rel=\"category\">Noticias<\/a>","tag_info":"Noticias","comment_count":"0","_links":{"self":[{"href":"https:\/\/fmamiga909.com.ar\/index.php?rest_route=\/wp\/v2\/posts\/8574","targetHints":{"allow":["GET"]}}],"collection":[{"href":"https:\/\/fmamiga909.com.ar\/index.php?rest_route=\/wp\/v2\/posts"}],"about":[{"href":"https:\/\/fmamiga909.com.ar\/index.php?rest_route=\/wp\/v2\/types\/post"}],"author":[{"embeddable":true,"href":"https:\/\/fmamiga909.com.ar\/index.php?rest_route=\/wp\/v2\/users\/3"}],"replies":[{"embeddable":true,"href":"https:\/\/fmamiga909.com.ar\/index.php?rest_route=%2Fwp%2Fv2%2Fcomments&post=8574"}],"version-history":[{"count":1,"href":"https:\/\/fmamiga909.com.ar\/index.php?rest_route=\/wp\/v2\/posts\/8574\/revisions"}],"predecessor-version":[{"id":8575,"href":"https:\/\/fmamiga909.com.ar\/index.php?rest_route=\/wp\/v2\/posts\/8574\/revisions\/8575"}],"wp:featuredmedia":[{"embeddable":true,"href":"https:\/\/fmamiga909.com.ar\/index.php?rest_route=\/wp\/v2\/media\/8540"}],"wp:attachment":[{"href":"https:\/\/fmamiga909.com.ar\/index.php?rest_route=%2Fwp%2Fv2%2Fmedia&parent=8574"}],"wp:term":[{"taxonomy":"category","embeddable":true,"href":"https:\/\/fmamiga909.com.ar\/index.php?rest_route=%2Fwp%2Fv2%2Fcategories&post=8574"},{"taxonomy":"post_tag","embeddable":true,"href":"https:\/\/fmamiga909.com.ar\/index.php?rest_route=%2Fwp%2Fv2%2Ftags&post=8574"}],"curies":[{"name":"wp","href":"https:\/\/api.w.org\/{rel}","templated":true}]}}