{"id":8586,"date":"2021-06-17T02:52:37","date_gmt":"2021-06-17T02:52:37","guid":{"rendered":"http:\/\/fmamiga909.com.ar\/?p=8586"},"modified":"2021-06-17T02:52:37","modified_gmt":"2021-06-17T02:52:37","slug":"las-empleadas-domesticas-acordaron-42-de-aumento-y-el-reconocimiento-de-la-antiguedad","status":"publish","type":"post","link":"https:\/\/fmamiga909.com.ar\/?p=8586","title":{"rendered":"Las empleadas dom\u00e9sticas acordaron 42% de aumento y el reconocimiento de la antig\u00fcedad"},"content":{"rendered":"\n<p>Los incrementos se dar\u00e1n en cuatro tramos con un 13% que impactar\u00e1 en el salario y aguinaldo de junio, 12% en septiembre, 5% en diciembre y 12% en marzo del 2022. El gremio logr\u00f3 el reconocimiento de la antig\u00fcedad de las trabajadoras, concepto que se aplicar\u00eda a partir de septiembre.<\/p>\n\n\n\n<p>La Comisi\u00f3n Nacional de Trabajo en Casas particulares y las c\u00e1maras empresarias acordaron hoy en paritarias un aumento salarial del 42% que se abonar\u00e1 en cuatro cuotas, a la vez que convinieron el pago del uno por ciento anual en concepto de antig\u00fcedad.<\/p>\n\n\n\n<p>\u00abDespu\u00e9s de m\u00e1s de siete horas de negociaci\u00f3n que comenz\u00f3 el 11 de junio, llevarle a todas las trabajadoras esta gran noticia, si bien el piso era mayor terminamos con un&nbsp;42% de aumento pero lo m\u00e1s importante es el reconocimiento a las trabajadoras porque logramos la antig\u00fcedad en estas paritarias\u00bb, destac\u00f3 Valeria Protti, representante de la delegaci\u00f3n&nbsp;<strong>Santa Fe del Sindicato de&nbsp;<a href=\"https:\/\/www.airedesantafe.com.ar\/empleadas-domesticas-a4005\">Empleadas Dom\u00e9sticas<\/a>.<\/strong><\/p>\n\n\n\n<p>A partir del primer tramo de incremento el valor de la hora de trabajo pasar\u00e1 de $185 pesos a $209,05 pesos. Mientras que el sueldo de la quinta categor\u00eda que en la actualidad ronda los&nbsp;$22.765,50 pesos pasar\u00eda a $25.725,01 en el primer tramo del aumento. Las cifras podr\u00e1n variar en relaci\u00f3n a los redondeos que aplique el&nbsp;<a href=\"https:\/\/www.airedesantafe.com.ar\/ministerio-trabajo-a22\">Ministerio de Trabajo<\/a>.<\/p>\n\n\n\n<p>A partir de este acuerdo se&nbsp;reconocer\u00e1 al personal de la actividad un 1% por antig\u00fcedad a partir de septiembre, y un incremento por zona desfavorable del 2%&nbsp;. Protti aclar\u00f3 que quedar\u00e1 en manos de la Afip aplicarlo para que los empleadores realicen los aportes correspondientes.<\/p>\n","protected":false},"excerpt":{"rendered":"<p>Los incrementos se dar\u00e1n en cuatro tramos con un 13% que impactar\u00e1 en el salario&#8230;<\/p>\n","protected":false},"author":3,"featured_media":8587,"comment_status":"closed","ping_status":"closed","sticky":false,"template":"","format":"standard","meta":{"footnotes":""},"categories":[1,3],"tags":[],"class_list":["post-8586","post","type-post","status-publish","format-standard","has-post-thumbnail","hentry","category-uncategorized","category-noticias"],"featured_image_urls":{"full":["https:\/\/fmamiga909.com.ar\/wp-content\/uploads\/2021\/06\/trabajadoras_domxsticas.jpg_1756841869.jpg",800,450,false],"thumbnail":["https:\/\/fmamiga909.com.ar\/wp-content\/uploads\/2021\/06\/trabajadoras_domxsticas.jpg_1756841869-150x150.jpg",150,150,true],"medium":["https:\/\/fmamiga909.com.ar\/wp-content\/uploads\/2021\/06\/trabajadoras_domxsticas.jpg_1756841869-300x169.jpg",300,169,true],"medium_large":["https:\/\/fmamiga909.com.ar\/wp-content\/uploads\/2021\/06\/trabajadoras_domxsticas.jpg_1756841869.jpg",800,450,false],"large":["https:\/\/fmamiga909.com.ar\/wp-content\/uploads\/2021\/06\/trabajadoras_domxsticas.jpg_1756841869.jpg",640,360,false],"1536x1536":["https:\/\/fmamiga909.com.ar\/wp-content\/uploads\/2021\/06\/trabajadoras_domxsticas.jpg_1756841869.jpg",800,450,false],"2048x2048":["https:\/\/fmamiga909.com.ar\/wp-content\/uploads\/2021\/06\/trabajadoras_domxsticas.jpg_1756841869.jpg",800,450,false],"newsium-slider-full":["https:\/\/fmamiga909.com.ar\/wp-content\/uploads\/2021\/06\/trabajadoras_domxsticas.jpg_1756841869.jpg",800,450,false],"newsium-featured":["https:\/\/fmamiga909.com.ar\/wp-content\/uploads\/2021\/06\/trabajadoras_domxsticas.jpg_1756841869.jpg",800,450,false],"newsium-medium":["https:\/\/fmamiga909.com.ar\/wp-content\/uploads\/2021\/06\/trabajadoras_domxsticas.jpg_1756841869.jpg",720,405,false]},"author_info":{"display_name":"Fredy Giuliano","author_link":"https:\/\/fmamiga909.com.ar\/?author=3"},"category_info":"<a href=\"https:\/\/fmamiga909.com.ar\/?cat=1\" rel=\"category\">La radio<\/a> <a href=\"https:\/\/fmamiga909.com.ar\/?cat=3\" rel=\"category\">Noticias<\/a>","tag_info":"Noticias","comment_count":"0","_links":{"self":[{"href":"https:\/\/fmamiga909.com.ar\/index.php?rest_route=\/wp\/v2\/posts\/8586","targetHints":{"allow":["GET"]}}],"collection":[{"href":"https:\/\/fmamiga909.com.ar\/index.php?rest_route=\/wp\/v2\/posts"}],"about":[{"href":"https:\/\/fmamiga909.com.ar\/index.php?rest_route=\/wp\/v2\/types\/post"}],"author":[{"embeddable":true,"href":"https:\/\/fmamiga909.com.ar\/index.php?rest_route=\/wp\/v2\/users\/3"}],"replies":[{"embeddable":true,"href":"https:\/\/fmamiga909.com.ar\/index.php?rest_route=%2Fwp%2Fv2%2Fcomments&post=8586"}],"version-history":[{"count":1,"href":"https:\/\/fmamiga909.com.ar\/index.php?rest_route=\/wp\/v2\/posts\/8586\/revisions"}],"predecessor-version":[{"id":8588,"href":"https:\/\/fmamiga909.com.ar\/index.php?rest_route=\/wp\/v2\/posts\/8586\/revisions\/8588"}],"wp:featuredmedia":[{"embeddable":true,"href":"https:\/\/fmamiga909.com.ar\/index.php?rest_route=\/wp\/v2\/media\/8587"}],"wp:attachment":[{"href":"https:\/\/fmamiga909.com.ar\/index.php?rest_route=%2Fwp%2Fv2%2Fmedia&parent=8586"}],"wp:term":[{"taxonomy":"category","embeddable":true,"href":"https:\/\/fmamiga909.com.ar\/index.php?rest_route=%2Fwp%2Fv2%2Fcategories&post=8586"},{"taxonomy":"post_tag","embeddable":true,"href":"https:\/\/fmamiga909.com.ar\/index.php?rest_route=%2Fwp%2Fv2%2Ftags&post=8586"}],"curies":[{"name":"wp","href":"https:\/\/api.w.org\/{rel}","templated":true}]}}