{"id":8589,"date":"2021-06-17T02:59:47","date_gmt":"2021-06-17T02:59:47","guid":{"rendered":"http:\/\/fmamiga909.com.ar\/?p=8589"},"modified":"2021-06-17T02:59:47","modified_gmt":"2021-06-17T02:59:47","slug":"proponen-flexibilizar-restricciones-con-motivo-del-dia-del-padre","status":"publish","type":"post","link":"https:\/\/fmamiga909.com.ar\/?p=8589","title":{"rendered":"Proponen flexibilizar restricciones con motivo del \u201cd\u00eda del padre\u201d"},"content":{"rendered":"\n<p>El Bloque de Senadores de la UCR solicit\u00f3 a trav\u00e9s de un Proyecto de Comunicaci\u00f3n al Poder Ejecutivo Provincial que, por intermedio del organismo que corresponda, eval\u00fae y realice los an\u00e1lisis correspondientes, a los efectos de habilitar de manera \u00fanica y excepcional para el d\u00eda 20 de junio, las reuniones familiares con motivo de celebrarse el \u201cD\u00eda del Padre\u201d.<\/p>\n\n\n\n<p>\u201cLa raz\u00f3n de este pedido radica en la necesidad de compatibilizar la situaci\u00f3n epidemiol\u00f3gica, que sigue siendo grave, con la de permitir a la poblaci\u00f3n, -que viene cumpliendo con todas las reglamentaciones y disposiciones- de un encuentro con sus familiares m\u00e1s cercanos, generando las condiciones propicias para tal fin\u201d .<\/p>\n\n\n\n<h6 class=\"wp-block-heading\">Razones cient\u00edficas<\/h6>\n\n\n\n<p>En los considerandos del proyecto se aduce que \u201cnumerosos estudios cient\u00edficos acerca de los impactos psicol\u00f3gicos de la cuarentena o la prolongaci\u00f3n de la misma, han dado cuenta de un aumento de temores de infecci\u00f3n, frustraci\u00f3n, fastidio, fobia, cansancio, irritabilidad, falta de concentraci\u00f3n, miedos por la cantidad de informaci\u00f3n acerca de la enfermedad, miedo a la p\u00e9rdida financiera y estigma por parte de las personas que se encuentran atravesando este per\u00edodo\u201d.<\/p>\n\n\n\n<p>\u201cAlgunos investigadores han sugerido que estos efectos pueden prolongarse m\u00e1s all\u00e1 del tiempo que dure la cuarentena. En situaciones donde la cuarentena se considera necesaria para toda la poblaci\u00f3n; pero por un tiempo no mayor al requerido.<\/p>\n\n\n\n<p>\u201cCreemos oportuno que el gobierno -luego del pertinente an\u00e1lisis- brinde un respiro en esta instancia a la poblaci\u00f3n santafesina, permitiendo un reencuentro con sus familiares, siempre y cuando la situaci\u00f3n epidemiol\u00f3gica de cada lugar en particular lo permita\u201d.<\/p>\n\n\n\n<h6 class=\"wp-block-heading\">&nbsp;Medidas en otras Provincias<\/h6>\n\n\n\n<p>\u201cTambi\u00e9n puede ser conveniente evaluar la posibilidad de extender la atenci\u00f3n nocturna del jueves en los locales gastron\u00f3micos con todos los protocolos correspondientes al efecto\u201d.<\/p>\n\n\n\n<p>Similar iniciativa ha tomado la Provincia de Mendoza, donde el poder ejecutivo mendocino mediante decreto 760\/2021 ha tomado la determinaci\u00f3n de flexibilizar las medidas para el d\u00eda 20 de junio, retornando todas las restricciones el lunes 21.<\/p>\n\n\n\n<p>Mi\u00e9rcoles, 16 de junio de 2021<\/p>\n","protected":false},"excerpt":{"rendered":"<p>El Bloque de Senadores de la UCR solicit\u00f3 a trav\u00e9s de un Proyecto de Comunicaci\u00f3n&#8230;<\/p>\n","protected":false},"author":3,"featured_media":8590,"comment_status":"closed","ping_status":"closed","sticky":false,"template":"","format":"standard","meta":{"footnotes":""},"categories":[1,3],"tags":[],"class_list":["post-8589","post","type-post","status-publish","format-standard","has-post-thumbnail","hentry","category-uncategorized","category-noticias"],"featured_image_urls":{"full":["https:\/\/fmamiga909.com.ar\/wp-content\/uploads\/2021\/06\/1594894811019.jpg",1920,1080,false],"thumbnail":["https:\/\/fmamiga909.com.ar\/wp-content\/uploads\/2021\/06\/1594894811019-150x150.jpg",150,150,true],"medium":["https:\/\/fmamiga909.com.ar\/wp-content\/uploads\/2021\/06\/1594894811019-300x169.jpg",300,169,true],"medium_large":["https:\/\/fmamiga909.com.ar\/wp-content\/uploads\/2021\/06\/1594894811019.jpg",1920,1080,false],"large":["https:\/\/fmamiga909.com.ar\/wp-content\/uploads\/2021\/06\/1594894811019-1024x576.jpg",640,360,true],"1536x1536":["https:\/\/fmamiga909.com.ar\/wp-content\/uploads\/2021\/06\/1594894811019-1536x864.jpg",1536,864,true],"2048x2048":["https:\/\/fmamiga909.com.ar\/wp-content\/uploads\/2021\/06\/1594894811019.jpg",1920,1080,false],"newsium-slider-full":["https:\/\/fmamiga909.com.ar\/wp-content\/uploads\/2021\/06\/1594894811019.jpg",1280,720,false],"newsium-featured":["https:\/\/fmamiga909.com.ar\/wp-content\/uploads\/2021\/06\/1594894811019.jpg",1024,576,false],"newsium-medium":["https:\/\/fmamiga909.com.ar\/wp-content\/uploads\/2021\/06\/1594894811019.jpg",720,405,false]},"author_info":{"display_name":"Fredy Giuliano","author_link":"https:\/\/fmamiga909.com.ar\/?author=3"},"category_info":"<a href=\"https:\/\/fmamiga909.com.ar\/?cat=1\" rel=\"category\">La radio<\/a> <a href=\"https:\/\/fmamiga909.com.ar\/?cat=3\" rel=\"category\">Noticias<\/a>","tag_info":"Noticias","comment_count":"0","_links":{"self":[{"href":"https:\/\/fmamiga909.com.ar\/index.php?rest_route=\/wp\/v2\/posts\/8589","targetHints":{"allow":["GET"]}}],"collection":[{"href":"https:\/\/fmamiga909.com.ar\/index.php?rest_route=\/wp\/v2\/posts"}],"about":[{"href":"https:\/\/fmamiga909.com.ar\/index.php?rest_route=\/wp\/v2\/types\/post"}],"author":[{"embeddable":true,"href":"https:\/\/fmamiga909.com.ar\/index.php?rest_route=\/wp\/v2\/users\/3"}],"replies":[{"embeddable":true,"href":"https:\/\/fmamiga909.com.ar\/index.php?rest_route=%2Fwp%2Fv2%2Fcomments&post=8589"}],"version-history":[{"count":1,"href":"https:\/\/fmamiga909.com.ar\/index.php?rest_route=\/wp\/v2\/posts\/8589\/revisions"}],"predecessor-version":[{"id":8591,"href":"https:\/\/fmamiga909.com.ar\/index.php?rest_route=\/wp\/v2\/posts\/8589\/revisions\/8591"}],"wp:featuredmedia":[{"embeddable":true,"href":"https:\/\/fmamiga909.com.ar\/index.php?rest_route=\/wp\/v2\/media\/8590"}],"wp:attachment":[{"href":"https:\/\/fmamiga909.com.ar\/index.php?rest_route=%2Fwp%2Fv2%2Fmedia&parent=8589"}],"wp:term":[{"taxonomy":"category","embeddable":true,"href":"https:\/\/fmamiga909.com.ar\/index.php?rest_route=%2Fwp%2Fv2%2Fcategories&post=8589"},{"taxonomy":"post_tag","embeddable":true,"href":"https:\/\/fmamiga909.com.ar\/index.php?rest_route=%2Fwp%2Fv2%2Ftags&post=8589"}],"curies":[{"name":"wp","href":"https:\/\/api.w.org\/{rel}","templated":true}]}}