{"id":8984,"date":"2021-12-20T15:06:12","date_gmt":"2021-12-20T15:06:12","guid":{"rendered":"http:\/\/fmamiga909.com.ar\/?p=8984"},"modified":"2021-12-20T15:06:13","modified_gmt":"2021-12-20T15:06:13","slug":"colonia-de-verano-2022","status":"publish","type":"post","link":"https:\/\/fmamiga909.com.ar\/?p=8984","title":{"rendered":"COLONIA DE VERANO 2022"},"content":{"rendered":"\n<p>La Direcci\u00f3n de la Escuela N\u00ba 6125 informa que se encuentran abiertas las inscripciones para participar de la Colonia Verano Activo 2022, los alumnos interesados deber\u00e1n retirar la ficha m\u00e9dica en el local escolar en el turno de ma\u00f1ana de 8,30 a 11.30 hs. Y en el Natatorio Comunal de 17 a 19 hs.<\/p>\n","protected":false},"excerpt":{"rendered":"<p>La Direcci\u00f3n de la Escuela N\u00ba 6125 informa que se encuentran abiertas las inscripciones para&#8230;<\/p>\n","protected":false},"author":3,"featured_media":8985,"comment_status":"closed","ping_status":"closed","sticky":false,"template":"","format":"standard","meta":{"footnotes":""},"categories":[1,3],"tags":[],"class_list":["post-8984","post","type-post","status-publish","format-standard","has-post-thumbnail","hentry","category-uncategorized","category-noticias"],"featured_image_urls":{"full":["https:\/\/fmamiga909.com.ar\/wp-content\/uploads\/2021\/12\/descarga.jpg",275,183,false],"thumbnail":["https:\/\/fmamiga909.com.ar\/wp-content\/uploads\/2021\/12\/descarga-150x150.jpg",150,150,true],"medium":["https:\/\/fmamiga909.com.ar\/wp-content\/uploads\/2021\/12\/descarga.jpg",275,183,false],"medium_large":["https:\/\/fmamiga909.com.ar\/wp-content\/uploads\/2021\/12\/descarga.jpg",275,183,false],"large":["https:\/\/fmamiga909.com.ar\/wp-content\/uploads\/2021\/12\/descarga.jpg",275,183,false],"1536x1536":["https:\/\/fmamiga909.com.ar\/wp-content\/uploads\/2021\/12\/descarga.jpg",275,183,false],"2048x2048":["https:\/\/fmamiga909.com.ar\/wp-content\/uploads\/2021\/12\/descarga.jpg",275,183,false],"newsium-slider-full":["https:\/\/fmamiga909.com.ar\/wp-content\/uploads\/2021\/12\/descarga.jpg",275,183,false],"newsium-featured":["https:\/\/fmamiga909.com.ar\/wp-content\/uploads\/2021\/12\/descarga.jpg",275,183,false],"newsium-medium":["https:\/\/fmamiga909.com.ar\/wp-content\/uploads\/2021\/12\/descarga.jpg",275,183,false]},"author_info":{"display_name":"Fredy Giuliano","author_link":"https:\/\/fmamiga909.com.ar\/?author=3"},"category_info":"<a href=\"https:\/\/fmamiga909.com.ar\/?cat=1\" rel=\"category\">La radio<\/a> <a href=\"https:\/\/fmamiga909.com.ar\/?cat=3\" rel=\"category\">Noticias<\/a>","tag_info":"Noticias","comment_count":"0","_links":{"self":[{"href":"https:\/\/fmamiga909.com.ar\/index.php?rest_route=\/wp\/v2\/posts\/8984","targetHints":{"allow":["GET"]}}],"collection":[{"href":"https:\/\/fmamiga909.com.ar\/index.php?rest_route=\/wp\/v2\/posts"}],"about":[{"href":"https:\/\/fmamiga909.com.ar\/index.php?rest_route=\/wp\/v2\/types\/post"}],"author":[{"embeddable":true,"href":"https:\/\/fmamiga909.com.ar\/index.php?rest_route=\/wp\/v2\/users\/3"}],"replies":[{"embeddable":true,"href":"https:\/\/fmamiga909.com.ar\/index.php?rest_route=%2Fwp%2Fv2%2Fcomments&post=8984"}],"version-history":[{"count":1,"href":"https:\/\/fmamiga909.com.ar\/index.php?rest_route=\/wp\/v2\/posts\/8984\/revisions"}],"predecessor-version":[{"id":8986,"href":"https:\/\/fmamiga909.com.ar\/index.php?rest_route=\/wp\/v2\/posts\/8984\/revisions\/8986"}],"wp:featuredmedia":[{"embeddable":true,"href":"https:\/\/fmamiga909.com.ar\/index.php?rest_route=\/wp\/v2\/media\/8985"}],"wp:attachment":[{"href":"https:\/\/fmamiga909.com.ar\/index.php?rest_route=%2Fwp%2Fv2%2Fmedia&parent=8984"}],"wp:term":[{"taxonomy":"category","embeddable":true,"href":"https:\/\/fmamiga909.com.ar\/index.php?rest_route=%2Fwp%2Fv2%2Fcategories&post=8984"},{"taxonomy":"post_tag","embeddable":true,"href":"https:\/\/fmamiga909.com.ar\/index.php?rest_route=%2Fwp%2Fv2%2Ftags&post=8984"}],"curies":[{"name":"wp","href":"https:\/\/api.w.org\/{rel}","templated":true}]}}