{"id":9108,"date":"2022-04-20T15:04:45","date_gmt":"2022-04-20T15:04:45","guid":{"rendered":"http:\/\/fmamiga909.com.ar\/?p=9108"},"modified":"2022-04-20T15:04:45","modified_gmt":"2022-04-20T15:04:45","slug":"el-barbijo-deja-de-ser-obligatorio","status":"publish","type":"post","link":"https:\/\/fmamiga909.com.ar\/?p=9108","title":{"rendered":"El barbijo deja de ser obligatorio"},"content":{"rendered":"\n<p>El gobernador de&nbsp;<a href=\"https:\/\/www.santafe.gob.ar\/index.php\/web\">Santa Fe<\/a>,&nbsp;<a href=\"https:\/\/es-la.facebook.com\/omarperotti\/\">Omar Perotti<\/a>, encabez\u00f3 este martes un nuevo encuentro del Comit\u00e9 de Expertos que se cre\u00f3 en el marco de la pandemia contra el&nbsp;<a href=\"https:\/\/www.who.int\/es\/emergencies\/diseases\/novel-coronavirus-2019\/question-and-answers-hub\/q-a-detail\/coronavirus-disease-covid-19\">COVID<\/a>-19.<\/p>\n\n\n\n<p>En la oportunidad, Perotti destac\u00f3 el comportamiento de la poblaci\u00f3n frente a la pandemia y recomend\u00f3 \u201cseguir el proceso de vacunaci\u00f3n y completarlo\u201d, as\u00ed como tambi\u00e9n hizo hincapi\u00e9 en \u201cel uso del barbijo en determinados lugares cerrados: teatros, cine, escuelas y, particularmente, las personas con factores de riesgo\u201d.<\/p>\n\n\n\n<p>Adem\u00e1s, el gobernador solicit\u00f3 que \u201cnadie deje de cumplir con las otras&nbsp;<a href=\"https:\/\/www.argentina.gob.ar\/coronavirus\/vacuna\/aplicadas\">vacunas<\/a>, m\u00e1s all\u00e1 de las propias del&nbsp;<a href=\"https:\/\/www.who.int\/es\/emergencies\/diseases\/novel-coronavirus-2019\/question-and-answers-hub\/q-a-detail\/coronavirus-disease-covid-19\">Covid<\/a>. Hoy tenemos 40 casos positivos por semana y una positividad del 7 por ciento. Esta es la secuencia que se est\u00e1 dando. Si la situaci\u00f3n vuelve a dispararse, volveremos a solicitar el compromiso de la poblaci\u00f3n nuevamente\u201d.<\/p>\n\n\n\n<p>Por \u00faltimo, Perotti agradeci\u00f3 a todos los miembros del Comit\u00e9 de Expertos \u00abpor el valor que siempre han tenido sus aportes y las recomendaciones de cada uno de ustedes\u201d.<\/p>\n\n\n\n<p>Por su parte, la ministra de Salud, Sonia Martorano, detall\u00f3 la situaci\u00f3n sanitaria actual y se refiri\u00f3 al uso del barbijo: \u201cNuestra recomendaci\u00f3n, desde la Provincia, es usarlo en los lugares cerrados, es decir, laborales, educativos, recreativos. Al aire libre es opcional, en general no es necesario\u201d.<\/p>\n\n\n\n<p>Respecto de la tercera dosis de la&nbsp;<a href=\"https:\/\/www.argentina.gob.ar\/coronavirus\/vacuna\/aplicadas\">vacuna<\/a>, la ministra inform\u00f3 que el porcentaje aplicado en la provincia es del 54% y que \u201ctodos los santafesinos y santafesinas ya fueron turnados. Por tanto, insistamos que se acerquen a colocarse su refuerzo&nbsp;<a href=\"https:\/\/www.who.int\/es\/emergencies\/diseases\/novel-coronavirus-2019\/question-and-answers-hub\/q-a-detail\/coronavirus-disease-covid-19\">Covid<\/a>. Las dosis est\u00e1n\u201d, puntualiz\u00f3 Martorano.<\/p>\n\n\n\n<p>Por otro lado, el secretario de Salud, Jorge Prieto, destac\u00f3 que el encuentro \u201cfue un balance positivo en virtud de la situaci\u00f3n epidemiol\u00f3gica que estamos transitando, con un n\u00famero de casos semanales que no supera los 40, una positividad que ronda el 7 por ciento. La poblaci\u00f3n nos ha acompa\u00f1ado en todas las medidas que se han determinado en la cartera sanitaria. Entonces como alta recomendaci\u00f3n y sugerencia, contin\u00faa el uso del barbijo, no obligatorio\u201d.<\/p>\n\n\n\n<p>\u201cActualmente no tenemos pacientes internados en terapia intensiva por Covid, la ocupaci\u00f3n de camas es la habitual a nivel&nbsp;<a href=\"https:\/\/ceresciudad.com\/provinciales\/\">provincial<\/a>&nbsp;por patolog\u00edas no Covid. Las medidas de prevenci\u00f3n, junto con el alto porcentaje de vacunacion que tenemos hoy (el 94 por ciento de primeras dosis, el 87 de esquemas completos y el 54 por ciento de vacunaci\u00f3n de refuerzo) han sido las herramientas para lograr la situaci\u00f3n actual\u201d, concluy\u00f3 Prieto.<\/p>\n\n\n\n<p>En tanto, los expertos coincidieron en retirar la indicaci\u00f3n de obligatoriedad del uso del barbijo, pero s\u00ed continuar con la recomendaci\u00f3n de su uso, principalmente en espacios cerrados sin ventilaci\u00f3n cruzada, sobre todo en los grupos de riesgo y con aquellas personas expuestas a enfermar gravemente.<\/p>\n\n\n\n<p>Adem\u00e1s, recomendaron continuar con los cuidados preventivos: lavado de manos, ventilaci\u00f3n cruzada, evitar las aglomeraciones. Las cifras actuales, indicaron, est\u00e1n ampliamente justificadas en el logro de un porcentaje alt\u00edsimo de vacunaci\u00f3n, tanto en adultos como en ni\u00f1os. Por eso, sostienen, hay que continuar con las ofertas de&nbsp;<a href=\"https:\/\/www.argentina.gob.ar\/coronavirus\/vacuna\/aplicadas\">vacunas<\/a>&nbsp;y discutir el segundo refuerzo.<\/p>\n","protected":false},"excerpt":{"rendered":"<p>El gobernador de&nbsp;Santa Fe,&nbsp;Omar Perotti, encabez\u00f3 este martes un nuevo encuentro del Comit\u00e9 de Expertos&#8230;<\/p>\n","protected":false},"author":3,"featured_media":9109,"comment_status":"closed","ping_status":"closed","sticky":false,"template":"","format":"standard","meta":{"footnotes":""},"categories":[1,3],"tags":[],"class_list":["post-9108","post","type-post","status-publish","format-standard","has-post-thumbnail","hentry","category-uncategorized","category-noticias"],"featured_image_urls":{"full":["https:\/\/fmamiga909.com.ar\/wp-content\/uploads\/2022\/04\/perotti-y-salud-ministerio.jpg",1140,640,false],"thumbnail":["https:\/\/fmamiga909.com.ar\/wp-content\/uploads\/2022\/04\/perotti-y-salud-ministerio-150x150.jpg",150,150,true],"medium":["https:\/\/fmamiga909.com.ar\/wp-content\/uploads\/2022\/04\/perotti-y-salud-ministerio-300x168.jpg",300,168,true],"medium_large":["https:\/\/fmamiga909.com.ar\/wp-content\/uploads\/2022\/04\/perotti-y-salud-ministerio.jpg",1140,640,false],"large":["https:\/\/fmamiga909.com.ar\/wp-content\/uploads\/2022\/04\/perotti-y-salud-ministerio-1024x575.jpg",640,359,true],"1536x1536":["https:\/\/fmamiga909.com.ar\/wp-content\/uploads\/2022\/04\/perotti-y-salud-ministerio.jpg",1140,640,false],"2048x2048":["https:\/\/fmamiga909.com.ar\/wp-content\/uploads\/2022\/04\/perotti-y-salud-ministerio.jpg",1140,640,false],"newsium-slider-full":["https:\/\/fmamiga909.com.ar\/wp-content\/uploads\/2022\/04\/perotti-y-salud-ministerio.jpg",1140,640,false],"newsium-featured":["https:\/\/fmamiga909.com.ar\/wp-content\/uploads\/2022\/04\/perotti-y-salud-ministerio.jpg",1024,575,false],"newsium-medium":["https:\/\/fmamiga909.com.ar\/wp-content\/uploads\/2022\/04\/perotti-y-salud-ministerio.jpg",720,404,false]},"author_info":{"display_name":"Fredy Giuliano","author_link":"https:\/\/fmamiga909.com.ar\/?author=3"},"category_info":"<a href=\"https:\/\/fmamiga909.com.ar\/?cat=1\" rel=\"category\">La radio<\/a> <a href=\"https:\/\/fmamiga909.com.ar\/?cat=3\" rel=\"category\">Noticias<\/a>","tag_info":"Noticias","comment_count":"0","_links":{"self":[{"href":"https:\/\/fmamiga909.com.ar\/index.php?rest_route=\/wp\/v2\/posts\/9108","targetHints":{"allow":["GET"]}}],"collection":[{"href":"https:\/\/fmamiga909.com.ar\/index.php?rest_route=\/wp\/v2\/posts"}],"about":[{"href":"https:\/\/fmamiga909.com.ar\/index.php?rest_route=\/wp\/v2\/types\/post"}],"author":[{"embeddable":true,"href":"https:\/\/fmamiga909.com.ar\/index.php?rest_route=\/wp\/v2\/users\/3"}],"replies":[{"embeddable":true,"href":"https:\/\/fmamiga909.com.ar\/index.php?rest_route=%2Fwp%2Fv2%2Fcomments&post=9108"}],"version-history":[{"count":1,"href":"https:\/\/fmamiga909.com.ar\/index.php?rest_route=\/wp\/v2\/posts\/9108\/revisions"}],"predecessor-version":[{"id":9110,"href":"https:\/\/fmamiga909.com.ar\/index.php?rest_route=\/wp\/v2\/posts\/9108\/revisions\/9110"}],"wp:featuredmedia":[{"embeddable":true,"href":"https:\/\/fmamiga909.com.ar\/index.php?rest_route=\/wp\/v2\/media\/9109"}],"wp:attachment":[{"href":"https:\/\/fmamiga909.com.ar\/index.php?rest_route=%2Fwp%2Fv2%2Fmedia&parent=9108"}],"wp:term":[{"taxonomy":"category","embeddable":true,"href":"https:\/\/fmamiga909.com.ar\/index.php?rest_route=%2Fwp%2Fv2%2Fcategories&post=9108"},{"taxonomy":"post_tag","embeddable":true,"href":"https:\/\/fmamiga909.com.ar\/index.php?rest_route=%2Fwp%2Fv2%2Ftags&post=9108"}],"curies":[{"name":"wp","href":"https:\/\/api.w.org\/{rel}","templated":true}]}}