{"id":9126,"date":"2022-05-10T15:19:31","date_gmt":"2022-05-10T15:19:31","guid":{"rendered":"http:\/\/fmamiga909.com.ar\/?p=9126"},"modified":"2022-05-17T15:12:54","modified_gmt":"2022-05-17T15:12:54","slug":"jorge-duarte-nuevo-integrante-por-la-minoria","status":"publish","type":"post","link":"https:\/\/fmamiga909.com.ar\/?p=9126","title":{"rendered":"Jorge Duarte nuevo integrante por la minoria."},"content":{"rendered":"\n<p>NOVEDADES EN LA MINOR\u00cdA<\/p>\n\n\n\n<p>El ex Presidente Celestino Nicolau, la ex Vice Presidente Mirta Font, el ex Tesorero Ram\u00f3n Gim\u00e9nez, Sergio Martinez y Valeria Pirola renunciaron a la minor\u00eda y lo hicieron saber en la Administraci\u00f3n Comunal.<\/p>\n\n\n\n<p>Por lo tanto Jorge Duarte ser\u00e1 el nuevo integrante por la minor\u00eda en la Comuna local.<\/p>\n\n\n\n<figure class=\"wp-block-gallery columns-2 is-cropped wp-block-gallery-1 is-layout-flex wp-block-gallery-is-layout-flex\"><ul class=\"blocks-gallery-grid\"><li class=\"blocks-gallery-item\"><figure><img loading=\"lazy\" decoding=\"async\" width=\"642\" height=\"958\" src=\"https:\/\/fmamiga909.com.ar\/wp-content\/uploads\/2022\/05\/280070097_5196980943682960_5973419099251383691_n.jpg\" alt=\"\" data-id=\"9127\" data-full-url=\"https:\/\/fmamiga909.com.ar\/wp-content\/uploads\/2022\/05\/280070097_5196980943682960_5973419099251383691_n.jpg\" data-link=\"https:\/\/fmamiga909.com.ar\/?attachment_id=9127\" class=\"wp-image-9127\" srcset=\"https:\/\/fmamiga909.com.ar\/wp-content\/uploads\/2022\/05\/280070097_5196980943682960_5973419099251383691_n.jpg 642w, https:\/\/fmamiga909.com.ar\/wp-content\/uploads\/2022\/05\/280070097_5196980943682960_5973419099251383691_n-201x300.jpg 201w\" sizes=\"auto, (max-width: 642px) 100vw, 642px\" \/><\/figure><\/li><li class=\"blocks-gallery-item\"><figure><img loading=\"lazy\" decoding=\"async\" width=\"768\" height=\"1024\" src=\"https:\/\/fmamiga909.com.ar\/wp-content\/uploads\/2022\/05\/280463047_5196981160349605_493586148590558397_n-768x1024.jpg\" alt=\"\" data-id=\"9128\" data-full-url=\"https:\/\/fmamiga909.com.ar\/wp-content\/uploads\/2022\/05\/280463047_5196981160349605_493586148590558397_n.jpg\" data-link=\"https:\/\/fmamiga909.com.ar\/?attachment_id=9128\" class=\"wp-image-9128\" srcset=\"https:\/\/fmamiga909.com.ar\/wp-content\/uploads\/2022\/05\/280463047_5196981160349605_493586148590558397_n-768x1024.jpg 768w, https:\/\/fmamiga909.com.ar\/wp-content\/uploads\/2022\/05\/280463047_5196981160349605_493586148590558397_n-225x300.jpg 225w, https:\/\/fmamiga909.com.ar\/wp-content\/uploads\/2022\/05\/280463047_5196981160349605_493586148590558397_n-1152x1536.jpg 1152w, https:\/\/fmamiga909.com.ar\/wp-content\/uploads\/2022\/05\/280463047_5196981160349605_493586148590558397_n-950x1267.jpg 950w, https:\/\/fmamiga909.com.ar\/wp-content\/uploads\/2022\/05\/280463047_5196981160349605_493586148590558397_n.jpg 1200w\" sizes=\"auto, (max-width: 768px) 100vw, 768px\" \/><\/figure><\/li><\/ul><\/figure>\n","protected":false},"excerpt":{"rendered":"<p>NOVEDADES EN LA MINOR\u00cdA El ex Presidente Celestino Nicolau, la ex Vice Presidente Mirta Font,&#8230;<\/p>\n","protected":false},"author":3,"featured_media":8981,"comment_status":"closed","ping_status":"closed","sticky":false,"template":"","format":"standard","meta":{"footnotes":""},"categories":[1,3],"tags":[],"class_list":["post-9126","post","type-post","status-publish","format-standard","has-post-thumbnail","hentry","category-uncategorized","category-noticias"],"featured_image_urls":{"full":["https:\/\/fmamiga909.com.ar\/wp-content\/uploads\/2021\/12\/90084195_2928523897195354_2308292145594761216_n.jpg",477,350,false],"thumbnail":["https:\/\/fmamiga909.com.ar\/wp-content\/uploads\/2021\/12\/90084195_2928523897195354_2308292145594761216_n-150x150.jpg",150,150,true],"medium":["https:\/\/fmamiga909.com.ar\/wp-content\/uploads\/2021\/12\/90084195_2928523897195354_2308292145594761216_n-300x220.jpg",300,220,true],"medium_large":["https:\/\/fmamiga909.com.ar\/wp-content\/uploads\/2021\/12\/90084195_2928523897195354_2308292145594761216_n.jpg",477,350,false],"large":["https:\/\/fmamiga909.com.ar\/wp-content\/uploads\/2021\/12\/90084195_2928523897195354_2308292145594761216_n.jpg",477,350,false],"1536x1536":["https:\/\/fmamiga909.com.ar\/wp-content\/uploads\/2021\/12\/90084195_2928523897195354_2308292145594761216_n.jpg",477,350,false],"2048x2048":["https:\/\/fmamiga909.com.ar\/wp-content\/uploads\/2021\/12\/90084195_2928523897195354_2308292145594761216_n.jpg",477,350,false],"newsium-slider-full":["https:\/\/fmamiga909.com.ar\/wp-content\/uploads\/2021\/12\/90084195_2928523897195354_2308292145594761216_n.jpg",477,350,false],"newsium-featured":["https:\/\/fmamiga909.com.ar\/wp-content\/uploads\/2021\/12\/90084195_2928523897195354_2308292145594761216_n.jpg",477,350,false],"newsium-medium":["https:\/\/fmamiga909.com.ar\/wp-content\/uploads\/2021\/12\/90084195_2928523897195354_2308292145594761216_n.jpg",477,350,false]},"author_info":{"display_name":"Fredy Giuliano","author_link":"https:\/\/fmamiga909.com.ar\/?author=3"},"category_info":"<a href=\"https:\/\/fmamiga909.com.ar\/?cat=1\" rel=\"category\">La radio<\/a> <a href=\"https:\/\/fmamiga909.com.ar\/?cat=3\" rel=\"category\">Noticias<\/a>","tag_info":"Noticias","comment_count":"0","_links":{"self":[{"href":"https:\/\/fmamiga909.com.ar\/index.php?rest_route=\/wp\/v2\/posts\/9126","targetHints":{"allow":["GET"]}}],"collection":[{"href":"https:\/\/fmamiga909.com.ar\/index.php?rest_route=\/wp\/v2\/posts"}],"about":[{"href":"https:\/\/fmamiga909.com.ar\/index.php?rest_route=\/wp\/v2\/types\/post"}],"author":[{"embeddable":true,"href":"https:\/\/fmamiga909.com.ar\/index.php?rest_route=\/wp\/v2\/users\/3"}],"replies":[{"embeddable":true,"href":"https:\/\/fmamiga909.com.ar\/index.php?rest_route=%2Fwp%2Fv2%2Fcomments&post=9126"}],"version-history":[{"count":1,"href":"https:\/\/fmamiga909.com.ar\/index.php?rest_route=\/wp\/v2\/posts\/9126\/revisions"}],"predecessor-version":[{"id":9129,"href":"https:\/\/fmamiga909.com.ar\/index.php?rest_route=\/wp\/v2\/posts\/9126\/revisions\/9129"}],"wp:featuredmedia":[{"embeddable":true,"href":"https:\/\/fmamiga909.com.ar\/index.php?rest_route=\/wp\/v2\/media\/8981"}],"wp:attachment":[{"href":"https:\/\/fmamiga909.com.ar\/index.php?rest_route=%2Fwp%2Fv2%2Fmedia&parent=9126"}],"wp:term":[{"taxonomy":"category","embeddable":true,"href":"https:\/\/fmamiga909.com.ar\/index.php?rest_route=%2Fwp%2Fv2%2Fcategories&post=9126"},{"taxonomy":"post_tag","embeddable":true,"href":"https:\/\/fmamiga909.com.ar\/index.php?rest_route=%2Fwp%2Fv2%2Ftags&post=9126"}],"curies":[{"name":"wp","href":"https:\/\/api.w.org\/{rel}","templated":true}]}}