{"id":9150,"date":"2022-05-19T10:07:42","date_gmt":"2022-05-19T10:07:42","guid":{"rendered":"http:\/\/fmamiga909.com.ar\/?p=9150"},"modified":"2022-05-19T10:07:44","modified_gmt":"2022-05-19T10:07:44","slug":"finalizo-el-censo-2022que-debo-hacer-si-el-censista-no-paso-por-mi-casa","status":"publish","type":"post","link":"https:\/\/fmamiga909.com.ar\/?p=9150","title":{"rendered":"Finaliz\u00f3 el Censo 2022:\u00bfQu\u00e9 debo hacer si el censista no pas\u00f3 por mi casa?"},"content":{"rendered":"\n<p><a rel=\"noreferrer noopener\" href=\"https:\/\/www.airedesantafe.com.ar\/santa-fe\/censo-nacional-2022-exitoso\" target=\"_blank\">El Operativo Censo Nacional 2022, que arrojar\u00e1 datos estad\u00edsticos sobre el n\u00famero de habitantes de la Argentina,<\/a>\u00a0las condiciones de infraestructura de sus viviendas, sus niveles educativos, la identidad de g\u00e9nero autopercibida y la cantidad descendientes de pueblos originarios o afrodescendientes, entre otras informaciones sustanciales, tuvo una jornada a pleno en la provincia de\u00a0<a href=\"https:\/\/www.airedesantafe.com.ar\/santa-fe-a246\">Santa Fe<\/a>. <\/p>\n\n\n\n<p><a href=\"https:\/\/www.airedesantafe.com.ar\/sociedad\/censo-nacional-2022-habra-una-semana-relevar-los-datos-viviendas-pendientes-n313703\" target=\"_blank\" rel=\"noreferrer noopener\">Este jueves 19 y hasta el 24 de mayo comienza la etapa de supervisi\u00f3n para que toda la poblaci\u00f3n quede correctamente contabilizada.<\/a>&nbsp;De esta manera, quienes no recibieron la visita de la persona censista durante la jornada del 18 de mayo y no completaron el&nbsp;<a href=\"https:\/\/www.airedesantafe.com.ar\/censo-a7480\">Censo<\/a>&nbsp;digital, deben enviar un correo a&nbsp;<a href=\"mailto:censo@indec.gob.ar\" target=\"_blank\" rel=\"noreferrer noopener\">censo@indec.gob.ar<\/a>&nbsp;o comunicarse al 0800-345-2022 con la siguiente informaci\u00f3n completa:<\/p>\n\n\n\n<ul class=\"wp-block-list\"><li>Asunto: No fui censado\/a<\/li><li>Nombre:<\/li><li>Provincia:<\/li><li>Partido\/Departamento:<\/li><li>Localidad:<\/li><li>Calle:<\/li><li>N\u00famero:<\/li><li>Piso y departamento (si es propiedad horizontal):<\/li><li>Correo electr\u00f3nico:<\/li><li>Tel\u00e9fono de contacto (c\u00f3digo de \u00e1rea, fijo\/celular):<\/li><\/ul>\n\n\n\n<p>En Santa Fe, tambi\u00e9n pueden comunicarse al tel\u00e9fono: 342 4574792 o al correo:&nbsp;<a href=\"mailto:censo2020@santafe.gov.ar\" target=\"_blank\" rel=\"noreferrer noopener\">censo2020@santafe.gov.ar<\/a>.<\/p>\n\n\n\n<h2 class=\"wp-block-heading\">C\u00f3mo se desarroll\u00f3 el operativo en Santa Fe<\/h2>\n\n\n\n<p>En el barrido territorial de viviendas particulares, en la provincia de Santa Fe, particip\u00f3 una estructura censal de m\u00e1s de 55 mil personas, m\u00e1s el personal de fuerzas de seguridad que custodiaron sedes y realizaron rondas. Adem\u00e1s, en los d\u00edas previos se realiz\u00f3 el Censo en zonas rurales, en viviendas colectivas y de personas en situaci\u00f3n de calle con el objetivo de garantizar que cada habitante sea censado.<\/p>\n\n\n\n<p>El Censo Nacional 2022 permitir\u00e1 relevar a todas las personas, hogares y viviendas en el lugar correcto, para conocer, cuantificar y analizar la estructura demogr\u00e1fica y socioecon\u00f3mica y la distribuci\u00f3n espacial de la poblaci\u00f3n. Brindar\u00e1 datos precisos y actualizados sobre la distribuci\u00f3n de la poblaci\u00f3n en el territorio, la composici\u00f3n por sexo y edad, el nivel educativo, la cobertura de salud, los rasgos de la vivienda y la situaci\u00f3n laboral, entre otros importantes aspectos.<\/p>\n\n\n\n<p>En ese sentido, Frontons explic\u00f3: \u201cdel trabajo de hoy depende los datos de los pr\u00f3ximos diez a\u00f1os, la foto exacta que brinda el censo permite formular pol\u00edticas p\u00fablicas, determinar por ejemplo qu\u00e9 zonas necesitan ciertos servicios, escuelas, centros de salud; y al sector privado le provee de informaci\u00f3n estrat\u00e9gica para la toma de decisiones, el desarrollo de proyectos, la concreci\u00f3n de inversiones y la investigaci\u00f3n cient\u00edfica\u201d, puntualiz\u00f3 Frontons.<\/p>\n\n\n\n<p>Por \u00faltimo, Frontons enfatiz\u00f3 el trabajo conjunto y la colaboraci\u00f3n de los organismos, instituciones y poblaci\u00f3n en general: \u201cDesde el IPEC queremos agradecer a todos los que trabajaron para que este Censo sea posible. El acompa\u00f1amiento del gobierno provincial, especialmente del presidente del Comit\u00e9 Censal, CPN Walter Agosto, de Rosa Ana Cencha y Leonardo Di Paolo -ambos funcionarios del Ministerio de Educaci\u00f3n-, de la estructura docente y de los censistas voluntarios, result\u00f3 clave en este operativo\u201d.<\/p>\n\n\n\n<p>A todos los Municipios y Comunas; a las \u00e1reas de Acci\u00f3n Social de las municipalidades de Santa Fe, Santo Tom\u00e9, Rosario y Villa Gobernador G\u00e1lvez que colaboraron con el Censo de personas en situaci\u00f3n de Calle; las fuerzas de seguridad y en particular a Prefectura Naval Argentina que form\u00f3 parte del operativo en la zona de islas; a todas las instituciones y organizaciones sociales que colaboraron con la difusi\u00f3n, a los medios de comunicaci\u00f3n, pero por sobre todas las cosas a la poblaci\u00f3n que recibi\u00f3 muy bien predispuesta a los censistas\u201d.<\/p>\n\n\n\n<h2 class=\"wp-block-heading\"><strong>Tareas pre censales<\/strong><\/h2>\n\n\n\n<p>El trabajo del IPEC, bajo la coordinaci\u00f3n del Instituto Nacional de Estad\u00edstica y Censos comenz\u00f3 en 2019 con el operativo de ADRA (Actualizaci\u00f3n Archivo de domicilios de la Rep\u00fablica Argentina) en todas las localidades con m\u00e1s de 2.000 habitantes. Para ese operativo de listado y conteo de viviendas se conformaron diferentes equipos, integrados por actualizadores y supervisores funci\u00f3n de recorrer las diferentes \u00e1reas para observar, listar y actualizar todas las viviendas mediante el uso de dispositivos m\u00f3viles y planillas en soporte papel.<\/p>\n\n\n\n<p>En julio de 2021, el gobierno provincial cre\u00f3 el Comit\u00e9 Censal provincial, del mismo participaron representantes de todos los ministerios del gabinete provincial, manteniendo reuniones peri\u00f3dicas y llevando adelante las tareas necesarias la realizaci\u00f3n del Censo.<\/p>\n\n\n\n<p>M\u00e1s tarde, el 12 de diciembre de 2021, por primera vez en el pa\u00eds, el censo experimental se realiz\u00f3 en una ciudad del interior. La localidad elegida fue G\u00e1lvez junto a las comunas 2 y 5 de la Ciudad Aut\u00f3noma de Buenos Aires.<\/p>\n\n\n\n<p>Esa instancia permiti\u00f3 poner a prueba los instrumentos, entre ellos el Censo Digital y as\u00ed realizar los ajustes pertinentes. Durante ese fin de semana, se congregaron en G\u00e1lvez representantes de\u00a0<a href=\"https:\/\/www.airedesantafe.com.ar\/indec-a18\">INDEC<\/a>\u00a0y de distintas Direcciones de Estad\u00edstica del pa\u00eds. Adem\u00e1s, se cont\u00f3 con la presencia del titular del organismo nacional de estad\u00edstica, Marco Lavagna quien realiz\u00f3 un seguimiento de las tareas que se estaban llevando a cabo junto al gobierno provincial.<\/p>\n\n\n\n<p><\/p>\n","protected":false},"excerpt":{"rendered":"<p>El Operativo Censo Nacional 2022, que arrojar\u00e1 datos estad\u00edsticos sobre el n\u00famero de habitantes de&#8230;<\/p>\n","protected":false},"author":3,"featured_media":9151,"comment_status":"closed","ping_status":"closed","sticky":false,"template":"","format":"standard","meta":{"footnotes":""},"categories":[1,3],"tags":[],"class_list":["post-9150","post","type-post","status-publish","format-standard","has-post-thumbnail","hentry","category-uncategorized","category-noticias"],"featured_image_urls":{"full":["https:\/\/fmamiga909.com.ar\/wp-content\/uploads\/2022\/05\/19129-censo.jpg",751,533,false],"thumbnail":["https:\/\/fmamiga909.com.ar\/wp-content\/uploads\/2022\/05\/19129-censo-150x150.jpg",150,150,true],"medium":["https:\/\/fmamiga909.com.ar\/wp-content\/uploads\/2022\/05\/19129-censo-300x213.jpg",300,213,true],"medium_large":["https:\/\/fmamiga909.com.ar\/wp-content\/uploads\/2022\/05\/19129-censo.jpg",751,533,false],"large":["https:\/\/fmamiga909.com.ar\/wp-content\/uploads\/2022\/05\/19129-censo.jpg",640,454,false],"1536x1536":["https:\/\/fmamiga909.com.ar\/wp-content\/uploads\/2022\/05\/19129-censo.jpg",751,533,false],"2048x2048":["https:\/\/fmamiga909.com.ar\/wp-content\/uploads\/2022\/05\/19129-censo.jpg",751,533,false],"newsium-slider-full":["https:\/\/fmamiga909.com.ar\/wp-content\/uploads\/2022\/05\/19129-censo.jpg",751,533,false],"newsium-featured":["https:\/\/fmamiga909.com.ar\/wp-content\/uploads\/2022\/05\/19129-censo.jpg",751,533,false],"newsium-medium":["https:\/\/fmamiga909.com.ar\/wp-content\/uploads\/2022\/05\/19129-censo.jpg",669,475,false]},"author_info":{"display_name":"Fredy Giuliano","author_link":"https:\/\/fmamiga909.com.ar\/?author=3"},"category_info":"<a href=\"https:\/\/fmamiga909.com.ar\/?cat=1\" rel=\"category\">La radio<\/a> <a href=\"https:\/\/fmamiga909.com.ar\/?cat=3\" rel=\"category\">Noticias<\/a>","tag_info":"Noticias","comment_count":"0","_links":{"self":[{"href":"https:\/\/fmamiga909.com.ar\/index.php?rest_route=\/wp\/v2\/posts\/9150","targetHints":{"allow":["GET"]}}],"collection":[{"href":"https:\/\/fmamiga909.com.ar\/index.php?rest_route=\/wp\/v2\/posts"}],"about":[{"href":"https:\/\/fmamiga909.com.ar\/index.php?rest_route=\/wp\/v2\/types\/post"}],"author":[{"embeddable":true,"href":"https:\/\/fmamiga909.com.ar\/index.php?rest_route=\/wp\/v2\/users\/3"}],"replies":[{"embeddable":true,"href":"https:\/\/fmamiga909.com.ar\/index.php?rest_route=%2Fwp%2Fv2%2Fcomments&post=9150"}],"version-history":[{"count":1,"href":"https:\/\/fmamiga909.com.ar\/index.php?rest_route=\/wp\/v2\/posts\/9150\/revisions"}],"predecessor-version":[{"id":9152,"href":"https:\/\/fmamiga909.com.ar\/index.php?rest_route=\/wp\/v2\/posts\/9150\/revisions\/9152"}],"wp:featuredmedia":[{"embeddable":true,"href":"https:\/\/fmamiga909.com.ar\/index.php?rest_route=\/wp\/v2\/media\/9151"}],"wp:attachment":[{"href":"https:\/\/fmamiga909.com.ar\/index.php?rest_route=%2Fwp%2Fv2%2Fmedia&parent=9150"}],"wp:term":[{"taxonomy":"category","embeddable":true,"href":"https:\/\/fmamiga909.com.ar\/index.php?rest_route=%2Fwp%2Fv2%2Fcategories&post=9150"},{"taxonomy":"post_tag","embeddable":true,"href":"https:\/\/fmamiga909.com.ar\/index.php?rest_route=%2Fwp%2Fv2%2Ftags&post=9150"}],"curies":[{"name":"wp","href":"https:\/\/api.w.org\/{rel}","templated":true}]}}