{"id":9472,"date":"2023-08-17T02:54:04","date_gmt":"2023-08-17T02:54:04","guid":{"rendered":"https:\/\/fmamiga909.com.ar\/?p=9472"},"modified":"2023-08-17T02:54:04","modified_gmt":"2023-08-17T02:54:04","slug":"belgrano-y-estudiantes-de-la-plata-dan-inicio-a-la-copa-de-la-liga-profesional","status":"publish","type":"post","link":"https:\/\/fmamiga909.com.ar\/?p=9472","title":{"rendered":"Belgrano y Estudiantes de La Plata dan inicio a la Copa de la Liga Profesional"},"content":{"rendered":"<div>\n<figure class=\"mb-3\"><img decoding=\"async\" src=\"https:\/\/www.telam.com.ar\/thumbs\/bluesteel\/advf\/imagenes\/2023\/07\/64bc52bfdabf8_1200.jpg\" class=\" lazy \" width=\"100%\" height=\"100%\" alt=\"Foto Eva Cabrera \"\/><figcaption> Foto Eva Cabrera. <\/figcaption><\/figure>\n<p> Belgrano de C\u00f3rdoba recibe este jueves a Estudiantes de La Plata en el encuentro que dar\u00e1 inicio a la Copa de la Liga Profesional 2023.<\/p>\n<p>El partido, v\u00e1lido por la primera fecha de la Zona B, se jugar\u00e1 a partir de las 19.30 en el estadio Julio C\u00e9sar Villagra, de la provincia de C\u00f3rdoba, contar\u00e1 con el arbitraje de Nicol\u00e1s Lamolina y la transmisi\u00f3n de la se\u00f1al de cable ESPN Premium.<\/p>\n<p>El \u00abPirata\u00bb termin\u00f3 la pasada Liga Profesional en la 13era. posici\u00f3n con 36 unidades, a 25 del campe\u00f3n River Plate (61) y en las \u00faltimas seis fechas del certamen no consigui\u00f3 victorias: perdi\u00f3 cuatro veces y empat\u00f3 dos.<\/p>\n<p>El equipo dirigido por el DT Guillermo Farr\u00e9 tiene como principal objetivo clasificar a la pr\u00f3xima Copa Sudamericana, tabla en la que comenzar\u00e1 el torneo a cuatro unidades de Argentinos Juniors (40), el \u00faltimo clasificado.<\/p>\n<p>El DT Farr\u00e9 no dispondr\u00e1 para este torneo del delantero y goleador Pablo Vegetti, quien emigr\u00f3 al Vasco da Gama de Brasil, pero contar\u00e1 con los refuerzos Pablo Chavarr\u00eda, Mat\u00edas Mar\u00edn, Lautaro Pastr\u00e1n, Nicol\u00e1s Schiappacasse y Lucas Passerini.<\/p>\n<p>Salvo Pablo Chavarr\u00eda, el resto de las incorporaciones estar\u00e1n en cancha desde el inicio.<br \/>Estudiantes, por su parte, finaliz\u00f3 el \u00faltimo torneo en el quinto lugar con 45 puntos, al igual que Lan\u00fas, y en puestos clasificatorios a la pr\u00f3xima edici\u00f3n de la Copa Sudamericana.<\/p>\n<p>El \u00abPincha\u00bb es protagonista de la actual Copa Sudamericana, y el martes de la semana que viene visitar\u00e1 a Corinthians por los cuartos de final.<\/p>\n<p>Debido al compromiso copero, el entrenador Eduardo Dom\u00ednguez reservar\u00e1 a algunos titulares para intentar dejar una buena imagen en el estadio Neo Qu\u00edmica Arena, de la ciudad brasile\u00f1a de San Pablo.<\/p>\n<p>De esta manera, Dom\u00ednguez realizar\u00e1 tres modificaciones respecto al equipo que se impuso por 3 a 2 ante Argentinos Juniors en la \u00faltima fecha del torneo pasado: Juan Cruz Guasone por Santiago N\u00fa\u00f1ez, Eros Mancuso por Gast\u00f3n Benedetti y Mauro Boselli en lugar de Franco Zapiola.<\/p>\n<p>El historial entre Belgrano de C\u00f3rdoba y Estudiantes de La Plata registra un total de 34 enfrentamientos con 11 triunfos para cada uno y 12 empates.<\/p>\n<p><iframe loading=\"lazy\" src=\"https:\/\/estdeportes.telam.com.ar\/html\/v3\/minapp\/modules\/futbol\/gamecast\/gamecast.html?channel=deportes.futbol.copalpf.643432&amp;lang=es_LA&amp;page=gamecast&amp;hidePagesMenu=true\" width=\"100%\" height=\"1150\" scrolling=\"auto\" style=\"width: 1px; min-width: 100%; *width: 100%;\" class=\"\"><\/iframe><\/p>\n<h2 class=\"\">Probables formaciones<\/h2>\n<p>Belgrano de C\u00f3rdoba: Nahuel Losada; Juan Barinaga, Alejandro R\u00e9bola, Mat\u00edas Moreno y Alex Ibacache; Santiago Longo y Mat\u00edas Mar\u00edn; Ulises S\u00e1nchez, Nicol\u00e1s Schiappacasse y Lautaro Pastr\u00e1n; Lucas Passerini. DT: Guillermo Farr\u00e9.<\/p>\n<p>Estudiantes de La Plata: Mariano And\u00fajar; Leonardo Godoy, Juan Cruz Guasone, Luciano Lollo y Eros Mancuso; Santiago Ascacibar, Jorge Rodr\u00edguez; Fernando Zuqui y Benjam\u00edn Rollheiser; Mauro M\u00e9ndez y Mauro Boselli. DT: Eduardo Dom\u00ednguez.<\/p>\n<p>\u00c1rbitro: Nicol\u00e1s Lamolina.<\/p>\n<p>VAR: Pablo D\u00f3valo.<\/p>\n<p>Cancha: Belgrano de C\u00f3rdoba.<\/p>\n<p>Hora de inicio: 19.30.<\/p>\n<p>TV: ESPN Premium.<\/p>\n<\/div>\n<p><script async defer crossorigin=\"anonymous\" src=\"https:\/\/connect.facebook.net\/es_LA\/sdk.js#xfbml=1&#038;version=v12.0\" nonce=\"SBlHQzIF\"><\/script><br \/><a href=\"https:\/\/www.telam.com.ar\/notas\/202308\/637204-belgrano-estudiantes-la-plata-copa-liga-profesional.html\">source<\/a><\/p>\n","protected":false},"excerpt":{"rendered":"<p>Foto Eva Cabrera. Belgrano de C\u00f3rdoba recibe este jueves a Estudiantes de La Plata en&#8230;<\/p>\n","protected":false},"author":3,"featured_media":9473,"comment_status":"closed","ping_status":"closed","sticky":false,"template":"","format":"standard","meta":{"footnotes":""},"categories":[21],"tags":[],"class_list":["post-9472","post","type-post","status-publish","format-standard","has-post-thumbnail","hentry","category-deportes"],"featured_image_urls":{"full":["https:\/\/fmamiga909.com.ar\/wp-content\/uploads\/2023\/08\/wp-header-logo-9.png",1200,675,false],"thumbnail":["https:\/\/fmamiga909.com.ar\/wp-content\/uploads\/2023\/08\/wp-header-logo-9-150x150.png",150,150,true],"medium":["https:\/\/fmamiga909.com.ar\/wp-content\/uploads\/2023\/08\/wp-header-logo-9-300x169.png",300,169,true],"medium_large":["https:\/\/fmamiga909.com.ar\/wp-content\/uploads\/2023\/08\/wp-header-logo-9.png",1200,675,false],"large":["https:\/\/fmamiga909.com.ar\/wp-content\/uploads\/2023\/08\/wp-header-logo-9-1024x576.png",640,360,true],"1536x1536":["https:\/\/fmamiga909.com.ar\/wp-content\/uploads\/2023\/08\/wp-header-logo-9.png",1200,675,false],"2048x2048":["https:\/\/fmamiga909.com.ar\/wp-content\/uploads\/2023\/08\/wp-header-logo-9.png",1200,675,false],"newsium-slider-full":["https:\/\/fmamiga909.com.ar\/wp-content\/uploads\/2023\/08\/wp-header-logo-9.png",1200,675,false],"newsium-featured":["https:\/\/fmamiga909.com.ar\/wp-content\/uploads\/2023\/08\/wp-header-logo-9-1024x576.png",1024,576,true],"newsium-medium":["https:\/\/fmamiga909.com.ar\/wp-content\/uploads\/2023\/08\/wp-header-logo-9-720x475.png",720,475,true]},"author_info":{"display_name":"Fredy Giuliano","author_link":"https:\/\/fmamiga909.com.ar\/?author=3"},"category_info":"<a href=\"https:\/\/fmamiga909.com.ar\/?cat=21\" rel=\"category\">Deportes<\/a>","tag_info":"Deportes","comment_count":"0","_links":{"self":[{"href":"https:\/\/fmamiga909.com.ar\/index.php?rest_route=\/wp\/v2\/posts\/9472","targetHints":{"allow":["GET"]}}],"collection":[{"href":"https:\/\/fmamiga909.com.ar\/index.php?rest_route=\/wp\/v2\/posts"}],"about":[{"href":"https:\/\/fmamiga909.com.ar\/index.php?rest_route=\/wp\/v2\/types\/post"}],"author":[{"embeddable":true,"href":"https:\/\/fmamiga909.com.ar\/index.php?rest_route=\/wp\/v2\/users\/3"}],"replies":[{"embeddable":true,"href":"https:\/\/fmamiga909.com.ar\/index.php?rest_route=%2Fwp%2Fv2%2Fcomments&post=9472"}],"version-history":[{"count":0,"href":"https:\/\/fmamiga909.com.ar\/index.php?rest_route=\/wp\/v2\/posts\/9472\/revisions"}],"wp:featuredmedia":[{"embeddable":true,"href":"https:\/\/fmamiga909.com.ar\/index.php?rest_route=\/wp\/v2\/media\/9473"}],"wp:attachment":[{"href":"https:\/\/fmamiga909.com.ar\/index.php?rest_route=%2Fwp%2Fv2%2Fmedia&parent=9472"}],"wp:term":[{"taxonomy":"category","embeddable":true,"href":"https:\/\/fmamiga909.com.ar\/index.php?rest_route=%2Fwp%2Fv2%2Fcategories&post=9472"},{"taxonomy":"post_tag","embeddable":true,"href":"https:\/\/fmamiga909.com.ar\/index.php?rest_route=%2Fwp%2Fv2%2Ftags&post=9472"}],"curies":[{"name":"wp","href":"https:\/\/api.w.org\/{rel}","templated":true}]}}