{"id":9476,"date":"2023-08-17T07:37:27","date_gmt":"2023-08-17T07:37:27","guid":{"rendered":"https:\/\/fmamiga909.com.ar\/?p=9476"},"modified":"2023-08-17T07:37:27","modified_gmt":"2023-08-17T07:37:27","slug":"en-el-mundial-me-gustaria-hacer-la-misma-marca-que-en-la-sudamericano","status":"publish","type":"post","link":"https:\/\/fmamiga909.com.ar\/?p=9476","title":{"rendered":"&quot;En el Mundial me gustar\u00eda hacer la misma marca que en la Sudamericano&quot;"},"content":{"rendered":"<div>\n<figure class=\"mb-3\"><img decoding=\"async\" src=\"https:\/\/www.telam.com.ar\/thumbs\/bluesteel\/advf\/imagenes\/2023\/08\/64dcf590a28b4_1200.jpg\" class=\" lazy \" width=\"100%\" height=\"100%\" alt=\"Foto prensa \"\/><figcaption> Foto prensa. <\/figcaption><\/figure>\n<p> El marchista tucumano Juan Manuel Cano Ceres, tres veces representante ol\u00edmpico, buscar\u00e1 en el Mundial de Atletismo de Budapest, que comenzar\u00e1 el pr\u00f3ximo s\u00e1bado, \u00abestar en la misma marca\u00bb que logr\u00f3 en el Sudamericano de Brasil el mes pasado.<\/p>\n<p><strong>Cano, adem\u00e1s, mostr\u00f3 su satisfacci\u00f3n porque se convertir\u00e1 junto a Jennifer Dahlgren (lanzamiento de martillo) en el atleta argentino con mayor presencia en los campeonatos ecum\u00e9nicos de atletismo<\/strong> (7).<\/p>\n<p>\u00abMe pone muy feliz ser el argentino con m\u00e1s presencias en Mundiales, pero a la vez es algo que no lo pienso ni lo eval\u00fao porque despu\u00e9s de cada Mundial ya estoy pensando en seguir entrenando para el pr\u00f3ximo\u00bb, afirm\u00f3 Cano Ceres en una entrevista con T\u00e9lam.<\/p>\n<p>\u00ab<strong>Compet\u00ed hace tres semanas en el Sudamericano y tuve un esfuerzo bastante grande.<\/strong> En el Mundial me gustar\u00eda, en lo posible, estar en la misma marca (1h24m01\/100)\u00bb, admiti\u00f3.<\/p>\n<p>El atleta, de 35 a\u00f1os y que disput\u00f3 los Juegos Ol\u00edmpicos de Beijing 2008, Londres 2012 y R\u00edo de Janeiro 2016, participar\u00e1 en 20km marcha por s\u00e9ptima vez de un mundial de mayores.<\/p>\n<p><figure class=\"mb-3\"><img decoding=\"async\" src=\"https:\/\/www.telam.com.ar\/thumbs\/bluesteel\/advf\/imagenes\/2023\/08\/64dcf5908a5ae_1200.jpg\" class=\" lazy \" width=\"100%\" height=\"100%\" alt=\"Foto prensa \"\/><figcaption> Foto prensa. <\/figcaption><\/figure>\n<\/p>\n<p>Cano Ceres disput\u00f3 los de Berl\u00edn 2009 (finaliz\u00f3 en la posici\u00f3n 39); Daegu 2011 (33); Mosc\u00fa 2013 (46); Beijing 2013 (42), Londres 2017 (46) y Eugene 2022 (3).<\/p>\n<p><strong>Cano Ceres ostenta el r\u00e9cord nacional de marcha 20 km. con una marca una hora, 22 minutos y 10 segundos<\/strong>, que logr\u00f3 en los Juegos Ol\u00edmpicos de Londres, el 4 de agosto de 2012, en los que termin\u00f3 22do. sobre 56 participantes.<\/p>\n<p><strong>En Hungr\u00eda, adem\u00e1s competir\u00e1n el santafesino Germ\u00e1n Chiaraviglio, finalista en salto con garrocha en los Juegos Ol\u00edmpicos de R\u00edo de Janeiro 2016, m\u00e1xima figura del seleccionado argentino de atletismo <\/strong>y ganador de la medalla de oro en la la 53ra edici\u00f3n del Campeonato Sudamericano de Mayores de San Pablo, en Brasil; ,<strong>la porte\u00f1a Fedra Luna<\/strong> -ganadora de la medalla de oro en 1.500 metros llanos y en 5.000 en Brasil.<\/p>\n<p><strong>Y el lanzador bonaerense Joaqu\u00edn G\u00f3mez<\/strong> -m\u00faltiple medallista en los Juegos Odesur- en lanzamiento de martillo; <strong>el entrerriano Nazareno Sasia<\/strong> -oro en los Juegos Ol\u00edmpicos de la Juventud de Buenos Aires 2018 <strong>en lanzamiento de bala <\/strong>y plata en San Pablo- y <strong>el chubutense Joaqu\u00edn Arbe (marat\u00f3n).<\/strong><\/p>\n<p>Tambi\u00e9n competir\u00e1n otros atletas que obtuvieron medallas en el Sudamericano de Brasil: <strong>el marplatense Diego Lacamoire<\/strong> -oro en <strong>1.500 metros llanos<\/strong>-en San Pablo-; <strong>el entrerriano Juli\u00e1n Molina<\/strong> -oro en <strong>3.000 metros con obst\u00e1culos<\/strong> y plata en 5.000-; <strong>el velocista bonaerense Eli\u00e1n Larregina <\/strong>-plata en 400 metros llanos- y <strong>el correntino Carlos Layoy, en salto en alto<\/strong> -oro y que finaliz\u00f3 21ro en el Mundial de Oregon, Estados Unidos, del a\u00f1o pasado.<\/p>\n<p><strong>T\u00e9lam: Jennifer Dahlgen, en lanzamiento de martillo, disput\u00f3 siete campeonatos Mundiales. En Hungr\u00eda la alcanzar\u00e1s. \u00bfQu\u00e9 te genera?<\/strong><\/p>\n<p>JMCC: Me pone muy feliz ser el argentino con m\u00e1s presencias en mundiales, pero a la vez es algo que no lo pienso ni lo eval\u00fao porque despu\u00e9s de cada mundial ya estoy pensando en seguir entrenando para el pr\u00f3ximo.<\/p>\n<p><strong>T: \u00bfQu\u00e9 objetivo ten\u00e9s para el Mundial?<\/strong><\/p>\n<p>JMCC: Compet\u00ed hace tres semanas en el sudamericano y tuve un esfuerzo bastante grande, me gustar\u00eda, en lo posible, estar en la misma marca (1h24m01\/100).<\/p>\n<p><figure class=\"mb-3\"><img decoding=\"async\" src=\"https:\/\/www.telam.com.ar\/thumbs\/bluesteel\/advf\/imagenes\/2023\/08\/64dcf590b926c_1200.jpg\" class=\" lazy \" width=\"100%\" height=\"100%\" alt=\"Foto prensa \"\/><figcaption> Foto prensa. <\/figcaption><\/figure>\n<\/p>\n<p><strong>T: \u00bfCu\u00e1les son tus pr\u00f3ximos retos?<\/strong><\/p>\n<p>JMCC: Despu\u00e9s del Mundial, tratar\u00e9 de estar en los Juegos Panamericanos, hacer una buena carrera y luego ya enfocarme de lleno en el calendario 2024 para intentar a estar en los Juegos Ol\u00edmpicos de Paris.<\/p>\n<p><strong>T: De cara a los Juegos Panamericanos de Chile de octubre, \u00bfC\u00f3mo es el nivel de los marchistas sudamericanos y del continente?<\/strong><\/p>\n<p>JMCN: Los Panamericanos ser\u00e1n como un Mundial pero con menos atletas. El nivel ser\u00e1 exactamente igual.<\/p>\n<p><strong>T: \u00bfQu\u00e9 significa que la Argentina haya clasificado a diez atletas al Mundial?<\/strong><\/p>\n<p>JMCC: El atletismo argentino est\u00e1 pasando por un momento especial. Hay muchas caras nuevas y muchas son medallistas sudamericanos. Se est\u00e1n haciendo las cosas bien.<\/p>\n<p><strong>T: \u00bfEn qu\u00e9 momento de tu carrera est\u00e1s?<\/strong><\/p>\n<p>JMCC: Pasando por la mitad. Aun tengo much\u00edsimas ganas de seguir entrenando y compitiendo<\/p>\n<p><strong>T: El presidente de la Confederaci\u00f3n Argentina de Atletismo (CADA), Daniel Soto, en una entrevista con T\u00e9lam, destac\u00f3 la actuaci\u00f3n argentina en el Sudamericano de San Pablo. \u00bfCon qu\u00e9 sensaciones te quedaste con tu cuarto puesto y con la del equipo?<\/strong><\/p>\n<p>JMCC: Mi puesto siempre fue parecido, es algo esperado. Fui muchas veces cuarto y muchas tercero. Siempre trato de pelear el podio, pero el nivel en la marcha es s\u00faper alto y trato al menos de lograr una buena marca para sumar puntos. El equipo muy bien, est\u00e1 en pleno desarrollo y crecimiento.<\/p>\n<p><strong>T: \u00bfEval\u00faas tu retiro de la actividad?<\/strong><\/p>\n<p>JMCC: Por ahora no es algo que est\u00e1 en mis planes. Estoy grande pero me siento con un esp\u00edritu muy joven para seguir afrontando desaf\u00edos en el atletismo. Esto es mi vida y va ser dif\u00edcil retirarme mientras me sienta sano y con ganas de seguir compitiendo al m\u00e1ximo. <\/p>\n<\/div>\n<p><script async defer crossorigin=\"anonymous\" src=\"https:\/\/connect.facebook.net\/es_LA\/sdk.js#xfbml=1&#038;version=v12.0\" nonce=\"SBlHQzIF\"><\/script><br \/><a href=\"https:\/\/www.telam.com.ar\/notas\/202308\/637229-atletismo-marchista-juan-manuel-cano-ceres.html\">source<\/a><\/p>\n","protected":false},"excerpt":{"rendered":"<p>Foto prensa. El marchista tucumano Juan Manuel Cano Ceres, tres veces representante ol\u00edmpico, buscar\u00e1 en&#8230;<\/p>\n","protected":false},"author":3,"featured_media":9477,"comment_status":"closed","ping_status":"closed","sticky":false,"template":"","format":"standard","meta":{"footnotes":""},"categories":[21],"tags":[],"class_list":["post-9476","post","type-post","status-publish","format-standard","has-post-thumbnail","hentry","category-deportes"],"featured_image_urls":{"full":["https:\/\/fmamiga909.com.ar\/wp-content\/uploads\/2023\/08\/wp-header-logo-11.png",1200,675,false],"thumbnail":["https:\/\/fmamiga909.com.ar\/wp-content\/uploads\/2023\/08\/wp-header-logo-11-150x150.png",150,150,true],"medium":["https:\/\/fmamiga909.com.ar\/wp-content\/uploads\/2023\/08\/wp-header-logo-11-300x169.png",300,169,true],"medium_large":["https:\/\/fmamiga909.com.ar\/wp-content\/uploads\/2023\/08\/wp-header-logo-11.png",1200,675,false],"large":["https:\/\/fmamiga909.com.ar\/wp-content\/uploads\/2023\/08\/wp-header-logo-11-1024x576.png",640,360,true],"1536x1536":["https:\/\/fmamiga909.com.ar\/wp-content\/uploads\/2023\/08\/wp-header-logo-11.png",1200,675,false],"2048x2048":["https:\/\/fmamiga909.com.ar\/wp-content\/uploads\/2023\/08\/wp-header-logo-11.png",1200,675,false],"newsium-slider-full":["https:\/\/fmamiga909.com.ar\/wp-content\/uploads\/2023\/08\/wp-header-logo-11.png",1200,675,false],"newsium-featured":["https:\/\/fmamiga909.com.ar\/wp-content\/uploads\/2023\/08\/wp-header-logo-11-1024x576.png",1024,576,true],"newsium-medium":["https:\/\/fmamiga909.com.ar\/wp-content\/uploads\/2023\/08\/wp-header-logo-11-720x475.png",720,475,true]},"author_info":{"display_name":"Fredy Giuliano","author_link":"https:\/\/fmamiga909.com.ar\/?author=3"},"category_info":"<a href=\"https:\/\/fmamiga909.com.ar\/?cat=21\" rel=\"category\">Deportes<\/a>","tag_info":"Deportes","comment_count":"0","_links":{"self":[{"href":"https:\/\/fmamiga909.com.ar\/index.php?rest_route=\/wp\/v2\/posts\/9476","targetHints":{"allow":["GET"]}}],"collection":[{"href":"https:\/\/fmamiga909.com.ar\/index.php?rest_route=\/wp\/v2\/posts"}],"about":[{"href":"https:\/\/fmamiga909.com.ar\/index.php?rest_route=\/wp\/v2\/types\/post"}],"author":[{"embeddable":true,"href":"https:\/\/fmamiga909.com.ar\/index.php?rest_route=\/wp\/v2\/users\/3"}],"replies":[{"embeddable":true,"href":"https:\/\/fmamiga909.com.ar\/index.php?rest_route=%2Fwp%2Fv2%2Fcomments&post=9476"}],"version-history":[{"count":0,"href":"https:\/\/fmamiga909.com.ar\/index.php?rest_route=\/wp\/v2\/posts\/9476\/revisions"}],"wp:featuredmedia":[{"embeddable":true,"href":"https:\/\/fmamiga909.com.ar\/index.php?rest_route=\/wp\/v2\/media\/9477"}],"wp:attachment":[{"href":"https:\/\/fmamiga909.com.ar\/index.php?rest_route=%2Fwp%2Fv2%2Fmedia&parent=9476"}],"wp:term":[{"taxonomy":"category","embeddable":true,"href":"https:\/\/fmamiga909.com.ar\/index.php?rest_route=%2Fwp%2Fv2%2Fcategories&post=9476"},{"taxonomy":"post_tag","embeddable":true,"href":"https:\/\/fmamiga909.com.ar\/index.php?rest_route=%2Fwp%2Fv2%2Ftags&post=9476"}],"curies":[{"name":"wp","href":"https:\/\/api.w.org\/{rel}","templated":true}]}}