{"id":9478,"date":"2023-08-17T10:03:46","date_gmt":"2023-08-17T10:03:46","guid":{"rendered":"https:\/\/fmamiga909.com.ar\/?p=9478"},"modified":"2023-08-17T10:03:46","modified_gmt":"2023-08-17T10:03:46","slug":"scaloni-prepara-una-extensa-lista-de-convocados-para-el-inicio-de-las-eliminatorias","status":"publish","type":"post","link":"https:\/\/fmamiga909.com.ar\/?p=9478","title":{"rendered":"Scaloni prepara una extensa lista de convocados para el inicio de las Eliminatorias"},"content":{"rendered":"<div>\n<figure class=\"mb-3\"><img decoding=\"async\" src=\"https:\/\/www.telam.com.ar\/thumbs\/bluesteel\/advf\/imagenes\/2023\/06\/648b3b5d71124_1200.jpg\" class=\" lazy \" width=\"100%\" height=\"100%\" alt=\"El DT de la Seleccin Argentina Lionel Scaloni ya tiene en mente la lista de convocados para el inicio de las Eliminatorias Sudamericanas Foto AFP\"\/><figcaption> El DT de la Selecci\u00f3n Argentina, Lionel Scaloni, ya tiene en mente la lista de convocados para el inicio de las Eliminatorias Sudamericanas \/ Foto: AFP. <\/figcaption><\/figure>\n<p><strong>Lionel Scaloni elevar\u00e1 en las pr\u00f3ximas horas una extensa lista de convocados al seleccionado argentino mayor que afrontar\u00e1 la primera ventana de Eliminatorias Sudamericanas <\/strong>el jueves 7 de septiembre frente a Ecuador como local y el martes 12 como visitante de Bolivia, pero incluir\u00e1 en ella a varios futbolistas Sub-23 para que puedan trabajar bajo las \u00f3rdenes de Javier Mascherano con miras al Preol\u00edmpico de Venezuela.<\/p>\n<p>La idea de Scaloni es <strong>\u00abdarle una mano\u00bb a Mascherano<\/strong> ante el severo compromiso que la selecci\u00f3n Sub-23 deber\u00e1 afrontar en enero del a\u00f1o pr\u00f3ximo en Venezuela, que ser\u00e1 por primera vez anfitri\u00f3n de un certamen Preol\u00edmpico de f\u00fatbol en el que solamente se clasificar\u00e1n a los Juegos de Par\u00eds 2024 los dos primeros de los diez participantes sudamericanos.<\/p>\n<p>Pero <strong>como los Preol\u00edmpicos y los propios Juegos Ol\u00edmpicos no son competencias que est\u00e9n bajo la \u00f3rbita de FIFA<\/strong>, entonces los clubes no tienen la obligaci\u00f3n de ceder a sus jugadores, y es en este punto donde empieza a tallar el camino alternativo ideado por el director t\u00e9cnico campe\u00f3n del mundo.<\/p>\n<p>Para que los clubes tengan la obligaci\u00f3n de ceder a sus futbolistas Sub-23, <strong>no se los cita para entrenar en una selecci\u00f3n<\/strong> de esa categor\u00eda, ya que podr\u00edan surgir impedimentos para que se los entreguen, pero si en cambio se los convoca para la mayor en fecha FIFA, las instituciones no pueden negarse.<\/p>\n<p>Por eso <strong>este \u00abcamino alternativo\u00bb <\/strong>que ya se tom\u00f3 en marzo del a\u00f1o pasado cuando Argentina particip\u00f3 en Francia del tradicional torneo Esperanzas de Toul\u00f3n (ahora se llama Maurice Revello) se volver\u00e1 a transitar ahora, pero no solamente para esta ventana de septiembre, sino para los dos subsiguientes de este a\u00f1o por Eliminatorias, que tendr\u00e1n lugar en octubre y noviembre.<\/p>\n<p>As\u00ed, mientras los habituales convocados mundialistas (con algunas incorporaciones y\/o bajas tambi\u00e9n), se entrenan con Scaloni, <strong>estos Sub-23 lo har\u00e1n con Mascherano,<\/strong> busc\u00e1ndose en esos espacios de tiempo que tambi\u00e9n puedan jugar alg\u00fan partido amistoso.<\/p>\n<p><strong>Argentina arrancar\u00e1 las Eliminatorias Sudamericanas el 7 <\/strong>de septiembre frente a Ecuador en el estadio de River Plate a partir de las 21, mientras que el 12 visitar\u00e1 a Bolivia, desde las 16, en el estadio Hernando Siles, de La Paz, a 3.650 metros sobre el nivel del mar.<\/p>\n<p><figure class=\"mb-3\"><img decoding=\"async\" src=\"https:\/\/www.telam.com.ar\/thumbs\/bluesteel\/advf\/imagenes\/2023\/06\/6478a38bed0ba_1200.jpg\" class=\" lazy \" width=\"100%\" height=\"100%\" alt=\"El DT de la Sub23 Javier Mascherano trabajar cerca de la Seleccin mayor de cara al Preolmpico Foto Julin lvarez\"\/><figcaption> El DT de la Sub-23, Javier Mascherano, trabajar\u00e1 cerca de la Selecci\u00f3n mayor de cara al Preol\u00edmpico \/ Foto: Juli\u00e1n \u00c1lvarez. <\/figcaption><\/figure>\n<\/p>\n<p>El listado total de convocados saldr\u00e1 en principio despu\u00e9s <strong>de la primera fecha de la Copa de la Liga Profesional<\/strong> que se iniciar\u00e1 ma\u00f1ana, y el objetivo es conseguir un amistoso para los dirigidos por Mascherano frente al Sub-23 ecuatoriano.<\/p>\n<p>En cuanto a los campeones del mundo, en principio estar\u00e1 la mayor\u00eda de los que fueron campeones en Qatar, salvo obvias excepciones <strong>como el arquero Ger\u00f3nimo Rulli, que este mi\u00e9rcoles fue operado del hombro derecho <\/strong>y no estar\u00e1 disponible hasta el a\u00f1o pr\u00f3ximo, y alg\u00fan otro que qued\u00f3 durante ese certamen al margen del n\u00facleo grupal <strong>como Alejandro \u00abPapu\u00bb G\u00f3mez.<\/strong><\/p>\n<p>En tanto que<strong> otros llegar\u00e1n fortalecidos por sus nuevos presentes,<\/strong> especialmente los que crecieron en la liga m\u00e1s importante del mundo que es la inglesa, como Alexis Mac Allister, que pas\u00f3 al Liverpool; Enzo Fern\u00e1ndez, ya afianzado en el Chelsea, o hasta el propio Marcos Acu\u00f1a, que en las pr\u00f3ximas horas rubricar\u00e1 su contrato como nuevo jugador de Aston Villa, donde ser\u00e1 compa\u00f1ero de Emiliano \u00abDibu\u00bb Mart\u00ednez y Emiliano Buend\u00eda.<\/p>\n<p><strong>El marplatense tambi\u00e9n se est\u00e1 recuperando de una grave lesi\u00f3n ligamentaria<\/strong> y por lo tanto tampoco podr\u00e1 ser considerado por Scaloni hasta el a\u00f1o pr\u00f3ximo.<\/p>\n<p>Los sub-23 que en cambio est\u00e1n en la \u00f3rbita particular de Mascherano y general de Scaloni y que podr\u00e1n estar en esta convocatoria son<strong> Alejandro Garnacho (Manchester United), Nicol\u00e1s Paz (Real Madrid), Tiago Geralnik (Villarreal), Luka Romero (Milan), Mat\u00edas Soul\u00e9 (Juventus), Franco Carboni y Valent\u00edn Carboni (ambos en Monza, de Italia),<\/strong> que ya estuvieron en la mencionada citaci\u00f3n de marzo de 2022.<\/p>\n<p>Y a ellos <strong>se podr\u00e1n sumar<\/strong> <strong>otros de gran presente <\/strong>como Lucas Beltr\u00e1n (el ex River Plate hoy en Fiorentina, de Italia), Valent\u00edn Barco (de Boca juniors, pretendido nada menos que por Manchester City), Federico Redondo (Argentinos Juniors), Agust\u00edn Giay (San Lorenzo), Juan Gauto (Hurac\u00e1n), Brian Aguirre (Newell&#8217;s), Benjam\u00edn Dom\u00ednguez (Gimnasia La Plata) y Tom\u00e1s Avil\u00e9s (ex Racing Club hoy en Inter Miami).<\/p>\n<blockquote class=\"\"><p>\u00abLa idea de Scaloni es\u00a0\u00abdarle una mano\u00bb a Mascherano\u00a0ante el severo compromiso que la selecci\u00f3n Sub-23 deber\u00e1 afrontar en enero del a\u00f1o pr\u00f3ximo en Venezuela, que ser\u00e1 por primera vez anfitri\u00f3n de un certamen Preol\u00edmpico de f\u00fatbol en el que solamente se clasificar\u00e1n a los Juegos de Par\u00eds 2024 los dos primeros de los diez participantes sudamericanos\u00bb<\/p><\/blockquote>\n<p>.<\/p>\n<p><strong>Tambi\u00e9n est\u00e1n en la mira <\/strong>Bruno Zapelli (, ex Belgrano, de C\u00f3rdoba ahora en el brasile\u00f1o Athl\u00e9tico Paranaense), los boquenses Ezequiel Zeballos y Christian Medina y el huracanense Santiago Hezze, junto a los ex Rosario Central, Alejo V\u00e9liz (en Tottenham Hotspur) y Facundo Buonanote (de Brighton and Hove).<\/p>\n<p><strong>La tiene \u00aba priori\u00bb sencilla la Selecci\u00f3n mayor para clasificarse al multitudinario Mundial de Estados Unidos, M\u00e9xico y Canad\u00e1 2026,<\/strong> ya que van a participar 48 selecciones y Sudam\u00e9rica contar\u00e1 con seis plazas, con opci\u00f3n a una m\u00e1s por repechaje.<\/p>\n<p>Pero en cambio <strong>la tiene complicada la Sub-23 para ir a los Juegos Ol\u00edmpicos de Par\u00eds del a\u00f1o que viene, <\/strong>ya que a las dos plazas disponibles sobre 10 contendientes, se le suman los antecedentes negativos que tuvieron las selecciones sub-20 de Mascherano en los pasados torneos Sudamericano y Mundial, de los que justamente tomaron parte varios de los mencionados anteriormente. <\/p>\n<\/div>\n<p><script async defer crossorigin=\"anonymous\" src=\"https:\/\/connect.facebook.net\/es_LA\/sdk.js#xfbml=1&#038;version=v12.0\" nonce=\"SBlHQzIF\"><\/script><br \/><a href=\"https:\/\/www.telam.com.ar\/notas\/202308\/637293-scaloni-convocados-lista-preparacion.html\">source<\/a><\/p>\n","protected":false},"excerpt":{"rendered":"<p>El DT de la Selecci\u00f3n Argentina, Lionel Scaloni, ya tiene en mente la lista de&#8230;<\/p>\n","protected":false},"author":3,"featured_media":9479,"comment_status":"closed","ping_status":"closed","sticky":false,"template":"","format":"standard","meta":{"footnotes":""},"categories":[21],"tags":[],"class_list":["post-9478","post","type-post","status-publish","format-standard","has-post-thumbnail","hentry","category-deportes"],"featured_image_urls":{"full":["https:\/\/fmamiga909.com.ar\/wp-content\/uploads\/2023\/08\/wp-header-logo-12.png",1200,675,false],"thumbnail":["https:\/\/fmamiga909.com.ar\/wp-content\/uploads\/2023\/08\/wp-header-logo-12-150x150.png",150,150,true],"medium":["https:\/\/fmamiga909.com.ar\/wp-content\/uploads\/2023\/08\/wp-header-logo-12-300x169.png",300,169,true],"medium_large":["https:\/\/fmamiga909.com.ar\/wp-content\/uploads\/2023\/08\/wp-header-logo-12.png",1200,675,false],"large":["https:\/\/fmamiga909.com.ar\/wp-content\/uploads\/2023\/08\/wp-header-logo-12-1024x576.png",640,360,true],"1536x1536":["https:\/\/fmamiga909.com.ar\/wp-content\/uploads\/2023\/08\/wp-header-logo-12.png",1200,675,false],"2048x2048":["https:\/\/fmamiga909.com.ar\/wp-content\/uploads\/2023\/08\/wp-header-logo-12.png",1200,675,false],"newsium-slider-full":["https:\/\/fmamiga909.com.ar\/wp-content\/uploads\/2023\/08\/wp-header-logo-12.png",1200,675,false],"newsium-featured":["https:\/\/fmamiga909.com.ar\/wp-content\/uploads\/2023\/08\/wp-header-logo-12-1024x576.png",1024,576,true],"newsium-medium":["https:\/\/fmamiga909.com.ar\/wp-content\/uploads\/2023\/08\/wp-header-logo-12-720x475.png",720,475,true]},"author_info":{"display_name":"Fredy Giuliano","author_link":"https:\/\/fmamiga909.com.ar\/?author=3"},"category_info":"<a href=\"https:\/\/fmamiga909.com.ar\/?cat=21\" rel=\"category\">Deportes<\/a>","tag_info":"Deportes","comment_count":"0","_links":{"self":[{"href":"https:\/\/fmamiga909.com.ar\/index.php?rest_route=\/wp\/v2\/posts\/9478","targetHints":{"allow":["GET"]}}],"collection":[{"href":"https:\/\/fmamiga909.com.ar\/index.php?rest_route=\/wp\/v2\/posts"}],"about":[{"href":"https:\/\/fmamiga909.com.ar\/index.php?rest_route=\/wp\/v2\/types\/post"}],"author":[{"embeddable":true,"href":"https:\/\/fmamiga909.com.ar\/index.php?rest_route=\/wp\/v2\/users\/3"}],"replies":[{"embeddable":true,"href":"https:\/\/fmamiga909.com.ar\/index.php?rest_route=%2Fwp%2Fv2%2Fcomments&post=9478"}],"version-history":[{"count":0,"href":"https:\/\/fmamiga909.com.ar\/index.php?rest_route=\/wp\/v2\/posts\/9478\/revisions"}],"wp:featuredmedia":[{"embeddable":true,"href":"https:\/\/fmamiga909.com.ar\/index.php?rest_route=\/wp\/v2\/media\/9479"}],"wp:attachment":[{"href":"https:\/\/fmamiga909.com.ar\/index.php?rest_route=%2Fwp%2Fv2%2Fmedia&parent=9478"}],"wp:term":[{"taxonomy":"category","embeddable":true,"href":"https:\/\/fmamiga909.com.ar\/index.php?rest_route=%2Fwp%2Fv2%2Fcategories&post=9478"},{"taxonomy":"post_tag","embeddable":true,"href":"https:\/\/fmamiga909.com.ar\/index.php?rest_route=%2Fwp%2Fv2%2Ftags&post=9478"}],"curies":[{"name":"wp","href":"https:\/\/api.w.org\/{rel}","templated":true}]}}