{"id":9505,"date":"2023-08-18T23:01:20","date_gmt":"2023-08-18T23:01:20","guid":{"rendered":"https:\/\/fmamiga909.com.ar\/?p=9505"},"modified":"2023-08-18T23:01:20","modified_gmt":"2023-08-18T23:01:20","slug":"demichelis-con-dudas-entre-rondon-y-borja-para-reemplazar-a-beltran","status":"publish","type":"post","link":"https:\/\/fmamiga909.com.ar\/?p=9505","title":{"rendered":"Demichelis, con dudas entre Rond\u00f3n y Borja para reemplazar a Beltr\u00e1n"},"content":{"rendered":"<div>\n<figure class=\"mb-3\"><img decoding=\"async\" src=\"https:\/\/www.telam.com.ar\/thumbs\/bluesteel\/advf\/imagenes\/2023\/07\/64b6e22ccb108_1200.jpg\" class=\" lazy \" width=\"100%\" height=\"100%\" alt=\"El entrenador de River Plate Martn Demichelis Foto TwitterRiver\"\/><figcaption> El entrenador de River Plate, Mart\u00edn Demichelis. Foto: TwitterRiver <\/figcaption><\/figure>\n<p> El entrenador de River Plate, Mart\u00edn Demichelis, definir\u00e1 en estos d\u00edas entre Salom\u00f3n Rond\u00f3n y Miguel Borja, al reemplazante de Lucas Beltr\u00e1n, el exgoleador del equipo que fue recientemente transferido a la Fiorentina de Italia por 24 millones de d\u00f3lares.<\/p>\n<p>Si bien el venezolano Rond\u00f3n tiene una luz de ventaja sobre el colombiano Borja, <strong>la decisi\u00f3n del entrenador tambi\u00e9n incluye un cambio del sistema t\u00e1ctico ya que ninguno de los dos delanteros tiene las mismas caracter\u00edsticas de Beltr\u00e1n.<\/strong><\/p>\n<p>Las diferencias f\u00edsicas para la presi\u00f3n alta y la recuperaci\u00f3n posp\u00e9rdida que Beltr\u00e1n aprendi\u00f3 con Marcelo Gallardo y Juli\u00e1n \u00c1lvarez son atributos que Demichelis no tiene en los jugadores que se disputan el lugar del juvenil que se fue a Italia.<\/p>\n<p>En este sentido, dicho aporte t\u00e1ctico lo va a tener con Pablo Solari, con Facundo Colidio y con Ezequiel Barco, por lo que es muy posible que cambie el sistema y la forma de jugar en esta segunda parte del a\u00f1o.<\/p>\n<p><strong>Demichelis arranc\u00f3 su ciclo jugando con la dupla Solari-Borja<\/strong> en las primeras cuatro fechas del torneo pasado y con Beltr\u00e1n alternando minutos junto a Rond\u00f3n, que se sum\u00f3 m\u00e1s tarde, pero la f\u00f3rmula no le rindi\u00f3 y la cambi\u00f3.<\/p>\n<p>Primero prob\u00f3 con un doble 9 frente a Banfield en el desempate del trofeo de Campeones cuando jugaron Borja y Rond\u00f3n y contra Arsenal al jugar Rond\u00f3n con Beltr\u00e1n, pero a Demichelis no lo convenci\u00f3 y contra Lan\u00fas empez\u00f3 a jugar el 4-2-3-1 que fue finalmente el sello.<\/p>\n<p><figure class=\"mb-3\"><img decoding=\"async\" src=\"https:\/\/www.telam.com.ar\/thumbs\/bluesteel\/advf\/imagenes\/2023\/07\/64c4766b892f4_1200.jpg\" class=\" lazy \" width=\"100%\" height=\"100%\" alt=\"Lucas Beltrn el exgoleador del equipo que fue recientemente transferido a la Fiorentina de Italia por 24 millones de dlares Foto Fernando Gens\"\/><figcaption> Lucas Beltr\u00e1n, el exgoleador del equipo que fue recientemente transferido a la Fiorentina de Italia por 24 millones de d\u00f3lares.. Foto: Fernando Gens <\/figcaption><\/figure>\n<p>De este modo, <strong>el primero de los delanteros que jug\u00f3 en ese sistema fue Rond\u00f3n, pero luego se qued\u00f3 con ese lugar Beltr\u00e1n, que no sali\u00f3 m\u00e1s de la base titular<\/strong>, relegando a sumar minutos desde el banco a Rond\u00f3n y Borja, los que este domingo ante Argentinos se juegan el lugar.<\/p>\n<p>Como \u00fanica referencia de \u00e1rea, <strong>el \u00abColibr\u00ed\u00bb Borja no tiene registros en los 38 partidos de la primera parte del a\u00f1o y Salom\u00f3n tiene 60 minutos con ese sistema t\u00e1ctico<\/strong>, mientras que las pocas veces que jugaron siempre tuvieron a otro delantero en dupla.<\/p>\n<h2 class=\"\">Los datos de ambos jugadores en este 2023<\/h2>\n<p><strong>Borja<\/strong> sum\u00f3 1.073 minutos en cancha en 28 juegos, 11 como titular y 17 de suplente, y con 6 goles, 2 de penal; <strong>Rond\u00f3n<\/strong> tiene en su cuenta 914 minutos en 21 partidos, 10 de arranque y 11 desde el banco, con 3 goles.<\/p>\n<p><strong>River va a necesitar del aporte de los dos delanteros para mantener la marca de la primera parte del a\u00f1o <\/strong>que lo llev\u00f3 a ser campe\u00f3n siendo el equipo m\u00e1s goleador con 70 gritos en 38 partidos con 15 de los 30 jugadores que us\u00f3 anotando al menos un gol.<\/p>\n<p>Lo cierto es que <strong>al menos en los partidos iniciales de la Copa de la Liga, Demichelis debe ir probando qu\u00e9 sistema y qu\u00e9 jugadores le resuelven el problema de la salida de Beltr\u00e1n<\/strong>, que fue el gran hallazgo de sus primeros meses de gesti\u00f3n.<\/p>\n<p>Adem\u00e1s de esta decisi\u00f3n, <strong>el DT tiene que ir pensando en solucionar otro inconveniente que sufrir\u00e1 el sistema t\u00e1ctico si se va Nicol\u00e1s de la Cruz aunque en ese lugar del campo tiene alternativas con Barco, Palavecino, Solari y la llegada de Manuel Lanzini.<\/strong><\/p>\n<p>De lo que est\u00e1 seguro el entrenador es que se inici\u00f3 una etapa de renovaci\u00f3n en el plantel de cara al 2024 y durante esos meses tendr\u00e1 que ir definiendo un sistema de juego acorde a los jugadores que tiene entre las bajas y las altas del mercado.<\/p>\n<p>Con este panorama,<strong> el equipo se entren\u00f3 en la ma\u00f1ana de este jueves en el River Camp bajo la lluvia de cara al partido frente a Argentinos del domingo a las 21, con las bajas de Paulo D\u00edaz por un esguince de rodilla y las dudas con Leandro Gonz\u00e1lez P\u00edrez y Enzo P\u00e9rez.<\/strong><\/p>\n<p><strong>P\u00edrez tiene una molestia en el metatarso y no trabaj\u00f3 con normalidad en toda la semana<\/strong>, mientras que el capit\u00e1n un traumatismo lumbar del que reci\u00e9n sali\u00f3 en los \u00faltimos entrenamientos para hacer trabajos f\u00edsicos especiales, por eso los van a esperar un par de d\u00edas m\u00e1s.<\/p>\n<p>Por esto, <strong>el DT va definir al equipo titular reci\u00e9n el s\u00e1bado cuando el plantel quede concentrado en el M\u00e1s Monumental y se conozca la lista de convocados que va a dar inicio al semestre con la Copa de la Liga como \u00fanica competencia.<\/strong><\/p>\n<p>En este sentido, <strong>Demichelis ya logr\u00f3 reducir a 27 los profesionales para tal convocatoria tras la reciente salida de los jugadores Robert Rojas -restan detalles para que vaya a Tigre-, Jos\u00e9 Paradela y El\u00edas G\u00f3mez<\/strong>, lista a la que podr\u00edan sumarse el mencionado De la Cruz y Santiago Sim\u00f3n. <\/p>\n<\/div>\n<p><script async defer crossorigin=\"anonymous\" src=\"https:\/\/connect.facebook.net\/es_LA\/sdk.js#xfbml=1&#038;version=v12.0\" nonce=\"SBlHQzIF\"><\/script><br \/><a href=\"https:\/\/www.telam.com.ar\/notas\/202308\/637354-demichelis-rondon-borja-reemplazo-beltran.html\">source<\/a><\/p>\n","protected":false},"excerpt":{"rendered":"<p>El entrenador de River Plate, Mart\u00edn Demichelis. Foto: TwitterRiver El entrenador de River Plate, Mart\u00edn&#8230;<\/p>\n","protected":false},"author":3,"featured_media":9506,"comment_status":"closed","ping_status":"closed","sticky":false,"template":"","format":"standard","meta":{"footnotes":""},"categories":[21],"tags":[],"class_list":["post-9505","post","type-post","status-publish","format-standard","has-post-thumbnail","hentry","category-deportes"],"featured_image_urls":{"full":["https:\/\/fmamiga909.com.ar\/wp-content\/uploads\/2023\/08\/wp-header-logo-24.png",1200,675,false],"thumbnail":["https:\/\/fmamiga909.com.ar\/wp-content\/uploads\/2023\/08\/wp-header-logo-24-150x150.png",150,150,true],"medium":["https:\/\/fmamiga909.com.ar\/wp-content\/uploads\/2023\/08\/wp-header-logo-24-300x169.png",300,169,true],"medium_large":["https:\/\/fmamiga909.com.ar\/wp-content\/uploads\/2023\/08\/wp-header-logo-24.png",1200,675,false],"large":["https:\/\/fmamiga909.com.ar\/wp-content\/uploads\/2023\/08\/wp-header-logo-24-1024x576.png",640,360,true],"1536x1536":["https:\/\/fmamiga909.com.ar\/wp-content\/uploads\/2023\/08\/wp-header-logo-24.png",1200,675,false],"2048x2048":["https:\/\/fmamiga909.com.ar\/wp-content\/uploads\/2023\/08\/wp-header-logo-24.png",1200,675,false],"newsium-slider-full":["https:\/\/fmamiga909.com.ar\/wp-content\/uploads\/2023\/08\/wp-header-logo-24.png",1200,675,false],"newsium-featured":["https:\/\/fmamiga909.com.ar\/wp-content\/uploads\/2023\/08\/wp-header-logo-24-1024x576.png",1024,576,true],"newsium-medium":["https:\/\/fmamiga909.com.ar\/wp-content\/uploads\/2023\/08\/wp-header-logo-24-720x475.png",720,475,true]},"author_info":{"display_name":"Fredy Giuliano","author_link":"https:\/\/fmamiga909.com.ar\/?author=3"},"category_info":"<a href=\"https:\/\/fmamiga909.com.ar\/?cat=21\" rel=\"category\">Deportes<\/a>","tag_info":"Deportes","comment_count":"0","_links":{"self":[{"href":"https:\/\/fmamiga909.com.ar\/index.php?rest_route=\/wp\/v2\/posts\/9505","targetHints":{"allow":["GET"]}}],"collection":[{"href":"https:\/\/fmamiga909.com.ar\/index.php?rest_route=\/wp\/v2\/posts"}],"about":[{"href":"https:\/\/fmamiga909.com.ar\/index.php?rest_route=\/wp\/v2\/types\/post"}],"author":[{"embeddable":true,"href":"https:\/\/fmamiga909.com.ar\/index.php?rest_route=\/wp\/v2\/users\/3"}],"replies":[{"embeddable":true,"href":"https:\/\/fmamiga909.com.ar\/index.php?rest_route=%2Fwp%2Fv2%2Fcomments&post=9505"}],"version-history":[{"count":0,"href":"https:\/\/fmamiga909.com.ar\/index.php?rest_route=\/wp\/v2\/posts\/9505\/revisions"}],"wp:featuredmedia":[{"embeddable":true,"href":"https:\/\/fmamiga909.com.ar\/index.php?rest_route=\/wp\/v2\/media\/9506"}],"wp:attachment":[{"href":"https:\/\/fmamiga909.com.ar\/index.php?rest_route=%2Fwp%2Fv2%2Fmedia&parent=9505"}],"wp:term":[{"taxonomy":"category","embeddable":true,"href":"https:\/\/fmamiga909.com.ar\/index.php?rest_route=%2Fwp%2Fv2%2Fcategories&post=9505"},{"taxonomy":"post_tag","embeddable":true,"href":"https:\/\/fmamiga909.com.ar\/index.php?rest_route=%2Fwp%2Fv2%2Ftags&post=9505"}],"curies":[{"name":"wp","href":"https:\/\/api.w.org\/{rel}","templated":true}]}}