{"id":9515,"date":"2023-08-19T11:36:17","date_gmt":"2023-08-19T11:36:17","guid":{"rendered":"https:\/\/fmamiga909.com.ar\/?p=9515"},"modified":"2023-08-19T11:36:17","modified_gmt":"2023-08-19T11:36:17","slug":"estoy-muy-feliz-de-haber-tomado-esta-decision-de-venir-a-los-estados-unidos","status":"publish","type":"post","link":"https:\/\/fmamiga909.com.ar\/?p=9515","title":{"rendered":"&quot;Estoy muy feliz de haber tomado esta decisi\u00f3n de venir a los Estados Unidos&quot;"},"content":{"rendered":"<div>\n<div class=\"video_repositive\"> <a class=\"video_sticky\" href=\"javascript:void();\" onclick=\"removeStuckVideo(true);\"><i class=\"far fa-window-close\"\/><\/a> <\/p>\n<div id=\"Wd56W9lt1qQ\" class=\"video_telam\" style=\"background-image:url('https:\/\/img.youtube.com\/vi\/Wd56W9lt1qQ\/hqdefault.jpg');background-position: center center;\">\n<div class=\"feature_article_inner\">\n<p><h2 class=\"text-center\">Messi, en plenitud en Miami: \u00abEstoy muy feliz con la decisi\u00f3n que tomamos junto a mi familia\u00bb<\/h2>\n<\/p><\/div>\n<p>VER VIDEO <i class=\"fas fa-play\"\/><\/p>\n<\/p><\/div>\n<\/p><\/div>\n<p>El astro argentino Lionel Messi se mostr\u00f3 este jueves en plenitud con su nueva vida en Estados Unidos y asegur\u00f3 que se encuentra \u00abmuy feliz con la decisi\u00f3n\u00bb de jugar en Inter Miami, que tom\u00f3 de forma premeditada junto a su familia tras su salida del Par\u00eds Saint-Germain, de Francia, mientras aguarda por su primera final ante Nashville en la Leagues Cup, el torneo que enfrenta a los clubes estadounidenses y mexicanos.<\/p>\n<p>\u00abEstoy muy feliz con la decisi\u00f3n que tomamos junto a mi familia, no s\u00f3lo por lo deportivo sino por c\u00f3mo vivimos el d\u00eda a d\u00eda ac\u00e1, por c\u00f3mo disfrutamos de la ciudad y por el trato recibido por la gente, que fue espectacular. Estoy agradecido y feliz\u00bb, comparti\u00f3 este jueves Messi en la primera conferencia de prensa tras su arribo al estado de la Florida.<\/p>\n<p><figure class=\"mb-3\"><img decoding=\"async\" src=\"https:\/\/www.telam.com.ar\/thumbs\/bluesteel\/advf\/imagenes\/2023\/08\/64de94b87c895_1200.jpg\" class=\" lazy \" width=\"100%\" height=\"100%\" alt=\"Foto Eva Marie Uzcategui\"\/><figcaption> Foto: Eva Marie Uzcategui <\/figcaption><\/figure>\n<\/p>\n<p>El capit\u00e1n del seleccionado argentino transmiti\u00f3 sus sensaciones a menos de un mes de incorporarse a Inter Miami, con el que jugar\u00e1 este s\u00e1bado a las 22 la final de la Leagues Cup ante Nashville SC, en el estadio Geodis Park del estado de Tennessee, que puede convertirlo en el futbolista m\u00e1s ganador de toda la historia del f\u00fatbol con 45 t\u00edtulos.<\/p>\n<p><figure class=\"mb-3\"><img decoding=\"async\" src=\"https:\/\/www.telam.com.ar\/thumbs\/bluesteel\/advf\/imagenes\/2023\/08\/64de94b892280_1200.jpg\" class=\" lazy \" width=\"100%\" height=\"100%\" alt=\"Foto Eva Marie Uzcategui\"\/><figcaption> Foto: Eva Marie Uzcategui <\/figcaption><\/figure>\n<p>\u00abSer\u00eda impresionante ser campeones para toda la gente del club que est\u00e1 en la b\u00fasqueda de ser un equipo referente en la liga\u00bb, destac\u00f3 el ex Barcelona FC. \u00abEs muy lindo como la gente del Inter viene a alentarnos y acompa\u00f1arnos. Es un club muy joven y est\u00e1 cerca de conseguir su primer t\u00edtulo\u00bb, se ilusion\u00f3 el jugador franquicia de la liga norteamericana.<\/p>\n<p>Al respecto, el \u00ab10\u00bb argentino manifest\u00f3 acerca de su llegada a la Major League Soccer \u00abmucha ilusi\u00f3n y felicidad, con las ganas de seguir obteniendo resultados deportivos, como siempre\u00bb quiso en su carrera, y rescat\u00f3 que el equipo \u00abest\u00e1 preparado para competir y lograr el t\u00edtulo\u00bb de la Leagues Cup.<\/p>\n<p>A la hora de definir su futuro priorizando el f\u00fatbol de los Estados Unidos por encima de una oferta multimillonaria que recibi\u00f3 de la Liga Saud\u00ed de Arabia luego de su traum\u00e1tica salida del conjunto parisino, Lionel aclar\u00f3 que \u00abla decisi\u00f3n pas\u00f3 por muchas cuestiones. Por eso lo pensamos y decidimos con mi familia en general. Simplemente vine a jugar y a seguir disfrutando del f\u00fatbol, que es lo que me gust\u00f3 toda la vida\u00bb, remarc\u00f3.<\/p>\n<p><figure class=\"mb-3\"><img decoding=\"async\" src=\"https:\/\/www.telam.com.ar\/thumbs\/bluesteel\/advf\/imagenes\/2023\/08\/64de94b8a6417_1200.jpg\" class=\" lazy \" width=\"100%\" height=\"100%\" alt=\"Foto Eva Marie Uzcategui\"\/><figcaption> Foto: Eva Marie Uzcategui <\/figcaption><\/figure>\n<p>\u00abLa adaptaci\u00f3n a la ciudad fue muy f\u00e1cil porque est\u00e1bamos convencidos de venir y la gente lo hizo todo m\u00e1s sencillo. Cuando sal\u00ed de Barcelona a Par\u00eds fue complicado, pero esto fue totalmente diferente. Miami es una ciudad con muchos latinos, y el latino es m\u00e1s cercano, m\u00e1s demostrativo, y eso es muy importante para disfrutar\u00bb, diferenci\u00f3.<\/p>\n<p>\u00abTodav\u00eda nos estamos acomodando porque hace poco que llegamos, y de hecho no tenemos la casa en la que vamos a vivir definitivamente durante todo este per\u00edodo, pero todo resulta muy f\u00e1cil por el trato de la gente, tanto en el club, como la afici\u00f3n y tambi\u00e9n en el d\u00eda a d\u00eda en la calle\u00bb, expres\u00f3 sonriente.<\/p>\n<p>Messi, de 36 a\u00f1os, record\u00f3 que \u00abvivir en Estados Unidos\u00bb fue un objetivo que siempre tuvo \u00aben mente\u00bb porque conoc\u00eda Miami por visitas de vacaciones y \u00absab\u00eda de qu\u00e9 se trataba esta ciudad\u00bb.<\/p>\n<p>\u00abLlegu\u00e9 con mucha ilusi\u00f3n, con ganas de seguir obteniendo resultados como lo hice a lo largo de toda mi carrera. Al principio me cost\u00f3 un poco el tema de los entrenamientos y los partidos porque ven\u00eda de un mes o mes y medio de descanso, pero ya me siento muy c\u00f3modo\u00bb, cont\u00f3 el capit\u00e1n de Inter Miami, que contabiliza nueve goles en seis partidos jugados con la franquicia de la Major League Soccer.<\/p>\n<p><figure class=\"mb-3\"><img decoding=\"async\" src=\"https:\/\/www.telam.com.ar\/thumbs\/bluesteel\/advf\/imagenes\/2023\/08\/64de94b8ba123_1200.jpg\" class=\" lazy \" width=\"100%\" height=\"100%\" alt=\"Foto Eva Marie Uzcategui\"\/><figcaption> Foto: Eva Marie Uzcategui <\/figcaption><\/figure>\n<p>\u00abEl equipo tuvo un crecimiento muy grande desde la llegada del &#8216;Tata&#8217; (Gerardo Martino). Que hoy estemos a punto de jugar una final puede significar una sorpresa, pero nosotros nos preparamos para esto: competir y ganar t\u00edtulos\u00bb, plante\u00f3.<\/p>\n<p>\u00abDesde que empez\u00f3 esta competici\u00f3n (Leagues Cup) sab\u00edamos que era una oportunidad de comenzar de cero. Lleg\u00f3 un nuevo director t\u00e9cnico, muchos jugadores se incorporaron al plantel y nos adaptamos muy bien. Tuvimos la posibilidad de cambiar las cosas por c\u00f3mo ven\u00edamos en la Liga\u00bb, apunt\u00f3.<\/p>\n<p>El campe\u00f3n del mundo con la selecci\u00f3n argentina en Qatar 2022 fue nominado en la terna como mejor jugador de la Uni\u00f3n de Federaciones Europeas de F\u00fatbol (UEFA) junto al atacante noruego, Erling Haaland, y el mediocampista belga, Kevin De Bruyne, ambos participando en el Manchester City, de Inglaterra, compa\u00f1eros del delantero cordob\u00e9s, ex River Plate, Juli\u00e1n \u00c1lvarez, y del volante, ex V\u00e9lez Sarsfield, M\u00e1ximo Perrone.<\/p>\n<p>Por su parte, la estrella de la MLS tambi\u00e9n podr\u00eda estar en la n\u00f3mina para el Bal\u00f3n de Oro, que tendr\u00e1 su gala el pr\u00f3ximo 30 de octubre en la capital francesa (d\u00eda de nacimiento de Diego Maradona), donde ya lo obtuvo en siete oportunidades (2009, 2010, 2011, 2012, 2015, 2019 y 2021) durante su trayectoria profesional.<\/p>\n<p><figure class=\"mb-3\"><img decoding=\"async\" src=\"https:\/\/www.telam.com.ar\/thumbs\/bluesteel\/advf\/imagenes\/2023\/08\/64de9381b54ff_1200.jpg\" class=\" lazy \" width=\"100%\" height=\"100%\" alt=\"Foto AFP\"\/><figcaption> Foto: AFP <\/figcaption><\/figure>\n<p>\u00abEs un premio muy importante por el reconocimiento que significa. Es el premio m\u00e1s lindo a nivel individual\u00bb, resalt\u00f3 el argentino durante la conferencia en el estadio Drive Pink, de Inter Miami, pero aclar\u00f3 que nunca le brind\u00f3 \u00abmayor importancia a los premios individuales por encima de los grupales. Estos son los que me resultan m\u00e1s importantes como siempre lo demostr\u00e9 durante mi carrera\u00bb.<\/p>\n<p>\u00abY adem\u00e1s, despu\u00e9s de ganar el Mundial, mucho menos estoy pensando en el Bal\u00f3n de Oro. La Copa del Mundo era lo que quer\u00eda\u00bb, finaliz\u00f3 el crack rosarino.<\/p>\n<p>Messi est\u00e1 a 48 horas de disputar la 50ma. final de su carrera, que ser\u00e1 el s\u00e1bado, desde las 22 de Argentina, en Nashville, considerada la \u00abcapital de la m\u00fasica\u00bb en Estados Unidos, donde \u00abL\u00edo\u00bb quiere volver a hacer relucir, como siempre, su mejor repertorio. <\/p>\n<\/div>\n<p><script async defer crossorigin=\"anonymous\" src=\"https:\/\/connect.facebook.net\/es_LA\/sdk.js#xfbml=1&#038;version=v12.0\" nonce=\"SBlHQzIF\"><\/script><br \/><a href=\"https:\/\/www.telam.com.ar\/notas\/202308\/637400-lionel-messi-miami-familia.html\">source<\/a><\/p>\n","protected":false},"excerpt":{"rendered":"<p>Messi, en plenitud en Miami: \u00abEstoy muy feliz con la decisi\u00f3n que tomamos junto a&#8230;<\/p>\n","protected":false},"author":3,"featured_media":9516,"comment_status":"closed","ping_status":"closed","sticky":false,"template":"","format":"standard","meta":{"footnotes":""},"categories":[21],"tags":[],"class_list":["post-9515","post","type-post","status-publish","format-standard","has-post-thumbnail","hentry","category-deportes"],"featured_image_urls":{"full":["https:\/\/fmamiga909.com.ar\/wp-content\/uploads\/2023\/08\/wp-header-logo-29.png",1200,675,false],"thumbnail":["https:\/\/fmamiga909.com.ar\/wp-content\/uploads\/2023\/08\/wp-header-logo-29-150x150.png",150,150,true],"medium":["https:\/\/fmamiga909.com.ar\/wp-content\/uploads\/2023\/08\/wp-header-logo-29-300x169.png",300,169,true],"medium_large":["https:\/\/fmamiga909.com.ar\/wp-content\/uploads\/2023\/08\/wp-header-logo-29.png",1200,675,false],"large":["https:\/\/fmamiga909.com.ar\/wp-content\/uploads\/2023\/08\/wp-header-logo-29-1024x576.png",640,360,true],"1536x1536":["https:\/\/fmamiga909.com.ar\/wp-content\/uploads\/2023\/08\/wp-header-logo-29.png",1200,675,false],"2048x2048":["https:\/\/fmamiga909.com.ar\/wp-content\/uploads\/2023\/08\/wp-header-logo-29.png",1200,675,false],"newsium-slider-full":["https:\/\/fmamiga909.com.ar\/wp-content\/uploads\/2023\/08\/wp-header-logo-29.png",1200,675,false],"newsium-featured":["https:\/\/fmamiga909.com.ar\/wp-content\/uploads\/2023\/08\/wp-header-logo-29-1024x576.png",1024,576,true],"newsium-medium":["https:\/\/fmamiga909.com.ar\/wp-content\/uploads\/2023\/08\/wp-header-logo-29-720x475.png",720,475,true]},"author_info":{"display_name":"Fredy Giuliano","author_link":"https:\/\/fmamiga909.com.ar\/?author=3"},"category_info":"<a href=\"https:\/\/fmamiga909.com.ar\/?cat=21\" rel=\"category\">Deportes<\/a>","tag_info":"Deportes","comment_count":"0","_links":{"self":[{"href":"https:\/\/fmamiga909.com.ar\/index.php?rest_route=\/wp\/v2\/posts\/9515","targetHints":{"allow":["GET"]}}],"collection":[{"href":"https:\/\/fmamiga909.com.ar\/index.php?rest_route=\/wp\/v2\/posts"}],"about":[{"href":"https:\/\/fmamiga909.com.ar\/index.php?rest_route=\/wp\/v2\/types\/post"}],"author":[{"embeddable":true,"href":"https:\/\/fmamiga909.com.ar\/index.php?rest_route=\/wp\/v2\/users\/3"}],"replies":[{"embeddable":true,"href":"https:\/\/fmamiga909.com.ar\/index.php?rest_route=%2Fwp%2Fv2%2Fcomments&post=9515"}],"version-history":[{"count":0,"href":"https:\/\/fmamiga909.com.ar\/index.php?rest_route=\/wp\/v2\/posts\/9515\/revisions"}],"wp:featuredmedia":[{"embeddable":true,"href":"https:\/\/fmamiga909.com.ar\/index.php?rest_route=\/wp\/v2\/media\/9516"}],"wp:attachment":[{"href":"https:\/\/fmamiga909.com.ar\/index.php?rest_route=%2Fwp%2Fv2%2Fmedia&parent=9515"}],"wp:term":[{"taxonomy":"category","embeddable":true,"href":"https:\/\/fmamiga909.com.ar\/index.php?rest_route=%2Fwp%2Fv2%2Fcategories&post=9515"},{"taxonomy":"post_tag","embeddable":true,"href":"https:\/\/fmamiga909.com.ar\/index.php?rest_route=%2Fwp%2Fv2%2Ftags&post=9515"}],"curies":[{"name":"wp","href":"https:\/\/api.w.org\/{rel}","templated":true}]}}