{"id":9517,"date":"2023-08-19T14:12:45","date_gmt":"2023-08-19T14:12:45","guid":{"rendered":"https:\/\/fmamiga909.com.ar\/?p=9517"},"modified":"2023-08-19T14:12:45","modified_gmt":"2023-08-19T14:12:45","slug":"lucas-beltran-usara-la-historica-camiseta-con-el-9-que-uso-batistuta-en-fiorentina","status":"publish","type":"post","link":"https:\/\/fmamiga909.com.ar\/?p=9517","title":{"rendered":"Lucas Beltr\u00e1n usar\u00e1 la hist\u00f3rica camiseta con el &quot;9&quot; que us\u00f3 Batistuta en Fiorentina"},"content":{"rendered":"<div>\n<figure class=\"mb-3\"><img decoding=\"async\" src=\"https:\/\/www.telam.com.ar\/thumbs\/bluesteel\/advf\/imagenes\/2023\/08\/64de1c98597e7_1200.jpg\" class=\" lazy \" width=\"100%\" height=\"100%\" alt=\"Beltrn usar la 9 Foto TWacffiorentina\"\/><figcaption> Beltr\u00e1n usar\u00e1 la 9. \/ Foto: TW@acffiorentina. <\/figcaption><\/figure>\n<p><strong>El delantero argentino<\/strong> Lucas Beltr\u00e1n <strong>usar\u00e1 en Fiorentina<\/strong>, de Italia, <strong>la emblem\u00e1tica camiseta con el dorsal n\u00famero 9 que luci\u00f3 Gabriel Batistuta, m\u00e1ximo goleador de la historia del club.<\/strong><\/p>\n<p>En la previa del debut en la Serie A del pr\u00f3ximo s\u00e1bado ante Genoa (15.45, de visitante), el club de Florencia anunci\u00f3 los dorsales del plantel y confirm\u00f3 que el ex River Plate utilizar\u00e1 el dorsal con el 9 en la espalda.<\/p>\n<p>El cordob\u00e9s utilizar\u00e1 este n\u00famero luego de haber brillado con el \u00abmillonario\u00bb con el 18, aunque en su etapa a pr\u00e9stamo en Col\u00f3n us\u00f3 la 9.<\/p>\n<p>Beltr\u00e1n, de 22 a\u00f1os, tendr\u00e1 el peso de la camiseta que utiliz\u00f3 Batistuta entre 1991 y 2000 y donde convirti\u00f3 207 goles.<\/p>\n<p>Despu\u00e9s del \u00abBatigol\u00bb, Daniel Osvaldo y Giovanni Simeone fueron los otros argentinos que utilizaron este n\u00famero.<\/p>\n<p>La otra novedad es que Nicol\u00e1s Gonz\u00e1lez, ex Argentinos Juniors e integrante del seleccionado argentino, ser\u00e1 el nuevo 10 del equipo \u00abviola\u00bb.<\/p>\n<p>El defensor Lucas Mart\u00ednez Quarta seguir\u00e1 con el 28 y Gino Infantino, el juvenil que lleg\u00f3 en este mercado de pases desde Rosario Central, usar\u00e1 el 19. <\/p>\n<\/div>\n<p><script async defer crossorigin=\"anonymous\" src=\"https:\/\/connect.facebook.net\/es_LA\/sdk.js#xfbml=1&#038;version=v12.0\" nonce=\"SBlHQzIF\"><\/script><br \/><a href=\"https:\/\/www.telam.com.ar\/notas\/202308\/637314-futbol-italia-fiorentina-lucas-beltran-camiseta-nueve-batistuta-goleador.html\">source<\/a><\/p>\n","protected":false},"excerpt":{"rendered":"<p>Beltr\u00e1n usar\u00e1 la 9. \/ Foto: TW@acffiorentina. El delantero argentino Lucas Beltr\u00e1n usar\u00e1 en Fiorentina,&#8230;<\/p>\n","protected":false},"author":3,"featured_media":9518,"comment_status":"closed","ping_status":"closed","sticky":false,"template":"","format":"standard","meta":{"footnotes":""},"categories":[21],"tags":[],"class_list":["post-9517","post","type-post","status-publish","format-standard","has-post-thumbnail","hentry","category-deportes"],"featured_image_urls":{"full":["https:\/\/fmamiga909.com.ar\/wp-content\/uploads\/2023\/08\/wp-header-logo-30.png",1200,675,false],"thumbnail":["https:\/\/fmamiga909.com.ar\/wp-content\/uploads\/2023\/08\/wp-header-logo-30-150x150.png",150,150,true],"medium":["https:\/\/fmamiga909.com.ar\/wp-content\/uploads\/2023\/08\/wp-header-logo-30-300x169.png",300,169,true],"medium_large":["https:\/\/fmamiga909.com.ar\/wp-content\/uploads\/2023\/08\/wp-header-logo-30.png",1200,675,false],"large":["https:\/\/fmamiga909.com.ar\/wp-content\/uploads\/2023\/08\/wp-header-logo-30-1024x576.png",640,360,true],"1536x1536":["https:\/\/fmamiga909.com.ar\/wp-content\/uploads\/2023\/08\/wp-header-logo-30.png",1200,675,false],"2048x2048":["https:\/\/fmamiga909.com.ar\/wp-content\/uploads\/2023\/08\/wp-header-logo-30.png",1200,675,false],"newsium-slider-full":["https:\/\/fmamiga909.com.ar\/wp-content\/uploads\/2023\/08\/wp-header-logo-30.png",1200,675,false],"newsium-featured":["https:\/\/fmamiga909.com.ar\/wp-content\/uploads\/2023\/08\/wp-header-logo-30-1024x576.png",1024,576,true],"newsium-medium":["https:\/\/fmamiga909.com.ar\/wp-content\/uploads\/2023\/08\/wp-header-logo-30-720x475.png",720,475,true]},"author_info":{"display_name":"Fredy Giuliano","author_link":"https:\/\/fmamiga909.com.ar\/?author=3"},"category_info":"<a href=\"https:\/\/fmamiga909.com.ar\/?cat=21\" rel=\"category\">Deportes<\/a>","tag_info":"Deportes","comment_count":"0","_links":{"self":[{"href":"https:\/\/fmamiga909.com.ar\/index.php?rest_route=\/wp\/v2\/posts\/9517","targetHints":{"allow":["GET"]}}],"collection":[{"href":"https:\/\/fmamiga909.com.ar\/index.php?rest_route=\/wp\/v2\/posts"}],"about":[{"href":"https:\/\/fmamiga909.com.ar\/index.php?rest_route=\/wp\/v2\/types\/post"}],"author":[{"embeddable":true,"href":"https:\/\/fmamiga909.com.ar\/index.php?rest_route=\/wp\/v2\/users\/3"}],"replies":[{"embeddable":true,"href":"https:\/\/fmamiga909.com.ar\/index.php?rest_route=%2Fwp%2Fv2%2Fcomments&post=9517"}],"version-history":[{"count":0,"href":"https:\/\/fmamiga909.com.ar\/index.php?rest_route=\/wp\/v2\/posts\/9517\/revisions"}],"wp:featuredmedia":[{"embeddable":true,"href":"https:\/\/fmamiga909.com.ar\/index.php?rest_route=\/wp\/v2\/media\/9518"}],"wp:attachment":[{"href":"https:\/\/fmamiga909.com.ar\/index.php?rest_route=%2Fwp%2Fv2%2Fmedia&parent=9517"}],"wp:term":[{"taxonomy":"category","embeddable":true,"href":"https:\/\/fmamiga909.com.ar\/index.php?rest_route=%2Fwp%2Fv2%2Fcategories&post=9517"},{"taxonomy":"post_tag","embeddable":true,"href":"https:\/\/fmamiga909.com.ar\/index.php?rest_route=%2Fwp%2Fv2%2Ftags&post=9517"}],"curies":[{"name":"wp","href":"https:\/\/api.w.org\/{rel}","templated":true}]}}