{"id":9532,"date":"2023-08-20T21:07:49","date_gmt":"2023-08-20T21:07:49","guid":{"rendered":"https:\/\/fmamiga909.com.ar\/?p=9532"},"modified":"2023-08-20T21:07:49","modified_gmt":"2023-08-20T21:07:49","slug":"otra-manifestacion-en-independiente-socios-reclaman-elecciones-tras-la-derrota-ante-colon","status":"publish","type":"post","link":"https:\/\/fmamiga909.com.ar\/?p=9532","title":{"rendered":"Otra manifestaci\u00f3n en Independiente: socios reclaman elecciones tras la derrota ante Col\u00f3n"},"content":{"rendered":"<div>\n<figure class=\"mb-3\"><img decoding=\"async\" src=\"https:\/\/www.telam.com.ar\/thumbs\/bluesteel\/advf\/imagenes\/2023\/07\/64c5943fa40c6_1200.jpg\" class=\" lazy \" width=\"100%\" height=\"100%\" alt=\"Foto Fernando Gens archivo\"\/><figcaption> Foto: Fernando Gens (archivo). <\/figcaption><\/figure>\n<p> Socios e hinchas de Independiente volvieron a manifestarse\u00a0 en el estadio Libertadores de Am\u00e9rica Ricardo Enrique Bochini, al t\u00e9rmino de la derrota ante Col\u00f3n de Santa Fe (1-0), para reclamar nuevas elecciones frente al descontento con la Comisi\u00f3n Directiva que encabeza N\u00e9stor Grindetti.<\/p>\n<p>El malestar se hizo sentir en los \u00faltimos minutos del partido de la primera fecha de la Copa de la Liga y continu\u00f3 con una concentraci\u00f3n en el hall principal del estadio.<\/p>\n<p>Los fan\u00e1ticos de Independiente exigieron nuevamente elecciones a menos de un a\u00f1o de los comicios que consagraron al periodista Fabi\u00e1n Doman, quien renunci\u00f3 tras permanecer apenas seis meses en el cargo.<\/p>\n<p><strong>Grindetti hered\u00f3 la presidencia pero su actividad en la pol\u00edtica como intendente de Lan\u00fas<\/strong> y candidato a gobernador de Buenos Aires por Juntos por el Cambio dificulta su accionar como dirigente del club.<\/p>\n<p><strong>Despu\u00e9s de las PASO que lo afirmaron como candidato tras vencer en la interna a Diego Santilli, Grindetti declar\u00f3 que su prioridad era \u00absacar a (Axel) Kicillof\u00bb de la gobernaci\u00f3n en la provincia<\/strong> antes que gestionar Independiente, lo que caus\u00f3 el malestar de la hincha del \u00abRojo\u00bb.<\/p>\n<p>El candidato de JxC debe definir si toma licencia en el club, algo que le exigen las agrupaciones opositoras para descomprimir el presente institucional y deportivo.<\/p>\n<p>Con la derrota, Independiente sigue a tres puntos de la posici\u00f3n de descenso en la tabla anual, que actualmente ocupa Hurac\u00e1n con un partido menos, ya que jugar\u00e1 ante Banfield reci\u00e9n el lunes.<\/p>\n<p>El \u00abRojo\u00bb sum\u00f3 su tercera derrota consecutiva como local y en la anterior, frente a Boca, los hinchas sufrieron la represi\u00f3n policial sobre el play\u00f3n Arsenio Erico cuando se reunieron para manifestarse en contra de la dirigencia.<\/p>\n<p>Este s\u00e1bado, adem\u00e1s de la Comisi\u00f3n Directiva, los hinchas apuntaron contra el director t\u00e9cnico, Ricardo Zielinski, y referentes del plantel como Iv\u00e1n Marcone, quienes recibieron silbidos sobre el final del partido.<\/p>\n<p><strong>El \u00abRuso\u00bb Zielinski decidi\u00f3 suspender su habitual conferencia de prensa<\/strong> y tampoco se organiz\u00f3 la zona mixta para recoger el testimonio de los jugadores.<\/p>\n<p>Independiente volver\u00e1 a presentarse en su estadio el domingo 27 de agosto ante V\u00e9lez Sarsfield por la segunda fecha de la Copa de la Liga Profesional. <\/p>\n<\/div>\n<p><script async defer crossorigin=\"anonymous\" src=\"https:\/\/connect.facebook.net\/es_LA\/sdk.js#xfbml=1&#038;version=v12.0\" nonce=\"SBlHQzIF\"><\/script><br \/><a href=\"https:\/\/www.telam.com.ar\/notas\/202308\/637610-club-independiente-reclamos-socios.html\">source<\/a><\/p>\n","protected":false},"excerpt":{"rendered":"<p>Foto: Fernando Gens (archivo). Socios e hinchas de Independiente volvieron a manifestarse\u00a0 en el estadio&#8230;<\/p>\n","protected":false},"author":3,"featured_media":9533,"comment_status":"closed","ping_status":"closed","sticky":false,"template":"","format":"standard","meta":{"footnotes":""},"categories":[21],"tags":[],"class_list":["post-9532","post","type-post","status-publish","format-standard","has-post-thumbnail","hentry","category-deportes"],"featured_image_urls":{"full":["https:\/\/fmamiga909.com.ar\/wp-content\/uploads\/2023\/08\/wp-header-logo-36.png",1200,675,false],"thumbnail":["https:\/\/fmamiga909.com.ar\/wp-content\/uploads\/2023\/08\/wp-header-logo-36-150x150.png",150,150,true],"medium":["https:\/\/fmamiga909.com.ar\/wp-content\/uploads\/2023\/08\/wp-header-logo-36-300x169.png",300,169,true],"medium_large":["https:\/\/fmamiga909.com.ar\/wp-content\/uploads\/2023\/08\/wp-header-logo-36.png",1200,675,false],"large":["https:\/\/fmamiga909.com.ar\/wp-content\/uploads\/2023\/08\/wp-header-logo-36-1024x576.png",640,360,true],"1536x1536":["https:\/\/fmamiga909.com.ar\/wp-content\/uploads\/2023\/08\/wp-header-logo-36.png",1200,675,false],"2048x2048":["https:\/\/fmamiga909.com.ar\/wp-content\/uploads\/2023\/08\/wp-header-logo-36.png",1200,675,false],"newsium-slider-full":["https:\/\/fmamiga909.com.ar\/wp-content\/uploads\/2023\/08\/wp-header-logo-36.png",1200,675,false],"newsium-featured":["https:\/\/fmamiga909.com.ar\/wp-content\/uploads\/2023\/08\/wp-header-logo-36-1024x576.png",1024,576,true],"newsium-medium":["https:\/\/fmamiga909.com.ar\/wp-content\/uploads\/2023\/08\/wp-header-logo-36-720x475.png",720,475,true]},"author_info":{"display_name":"Fredy Giuliano","author_link":"https:\/\/fmamiga909.com.ar\/?author=3"},"category_info":"<a href=\"https:\/\/fmamiga909.com.ar\/?cat=21\" rel=\"category\">Deportes<\/a>","tag_info":"Deportes","comment_count":"0","_links":{"self":[{"href":"https:\/\/fmamiga909.com.ar\/index.php?rest_route=\/wp\/v2\/posts\/9532","targetHints":{"allow":["GET"]}}],"collection":[{"href":"https:\/\/fmamiga909.com.ar\/index.php?rest_route=\/wp\/v2\/posts"}],"about":[{"href":"https:\/\/fmamiga909.com.ar\/index.php?rest_route=\/wp\/v2\/types\/post"}],"author":[{"embeddable":true,"href":"https:\/\/fmamiga909.com.ar\/index.php?rest_route=\/wp\/v2\/users\/3"}],"replies":[{"embeddable":true,"href":"https:\/\/fmamiga909.com.ar\/index.php?rest_route=%2Fwp%2Fv2%2Fcomments&post=9532"}],"version-history":[{"count":0,"href":"https:\/\/fmamiga909.com.ar\/index.php?rest_route=\/wp\/v2\/posts\/9532\/revisions"}],"wp:featuredmedia":[{"embeddable":true,"href":"https:\/\/fmamiga909.com.ar\/index.php?rest_route=\/wp\/v2\/media\/9533"}],"wp:attachment":[{"href":"https:\/\/fmamiga909.com.ar\/index.php?rest_route=%2Fwp%2Fv2%2Fmedia&parent=9532"}],"wp:term":[{"taxonomy":"category","embeddable":true,"href":"https:\/\/fmamiga909.com.ar\/index.php?rest_route=%2Fwp%2Fv2%2Fcategories&post=9532"},{"taxonomy":"post_tag","embeddable":true,"href":"https:\/\/fmamiga909.com.ar\/index.php?rest_route=%2Fwp%2Fv2%2Ftags&post=9532"}],"curies":[{"name":"wp","href":"https:\/\/api.w.org\/{rel}","templated":true}]}}