{"id":9544,"date":"2023-08-21T10:19:23","date_gmt":"2023-08-21T10:19:23","guid":{"rendered":"https:\/\/fmamiga909.com.ar\/?p=9544"},"modified":"2023-08-21T10:19:23","modified_gmt":"2023-08-21T10:19:23","slug":"la-regatista-lucia-falasca-obtuvo-una-plaza-para-argentina-en-la-clase-ilca-6-de-vela","status":"publish","type":"post","link":"https:\/\/fmamiga909.com.ar\/?p=9544","title":{"rendered":"La regatista Luc\u00eda Falasca obtuvo una plaza para Argentina en la clase Ilca 6 de vela"},"content":{"rendered":"<div>\n<figure class=\"mb-3\"><img decoding=\"async\" src=\"https:\/\/www.telam.com.ar\/thumbs\/bluesteel\/advf\/imagenes\/2021\/07\/60fd1704d912d_1200.jpg\" class=\" lazy \" width=\"100%\" height=\"100%\" alt=\"Foto archivo AFP\"\/><figcaption> Foto archivo: AFP <\/figcaption><\/figure>\n<p> La regatista porte\u00f1a Luc\u00eda Falasca, medallista panamericana 2019 en Lima, Per\u00fa, obtuvo la plaza para Argentina para los Juegos Ol\u00edmpicos 2024, en la clase Ilca 6 de vela en el <strong>Mundial de La Haya, Pa\u00edses Bajos<\/strong>, en el que la dupla integrada por Mateo Majdalani y Eugenia Bosco, en Nacra 17, se clasific\u00f3 para la cita de Par\u00eds del a\u00f1o pr\u00f3ximo.<\/p>\n<p>Falasca, de 30 a\u00f1os, <strong>concluy\u00f3 en el 23er puesto con 174 unidades<\/strong> y logr\u00f3 una de las 16 plazas que brind\u00f3 el torneo a Par\u00eds 2024 ya que entre las rivales que quedaron adelante de ella llegaron dos tripulaciones de Dinamarca, Pa\u00edses Bajos, Italia y Dinamarca y solo puede ir una regatista por pa\u00eds a la cita ol\u00edmpica.<\/p>\n<p>\u00abContenta por haber clasificado el pa\u00eds. El nivel esta cada vez m\u00e1s alto. Me hubiese gustado terminar unos puestos m\u00e1s arriba pero hoy prioric\u00e9 salir a ganar la plaza y no arriesgar tanto\u00bb, expres\u00f3 Falasca en declaraciones a T\u00e9lam desde Pa\u00edses Bajos.<\/p>\n<p>En junio pasado, Falasca obtuvo su mejor puesto en el a\u00f1o al quedar s\u00e9ptima en la clase Ilca 6 en la Semana de Kiel, Alemania.<\/p>\n<blockquote class=\"\"><p>\u00abContenta por haber clasificado el pa\u00eds. El nivel esta cada vez m\u00e1s alto. Me hubiese gustado terminar unos puestos m\u00e1s arriba pero hoy prioric\u00e9 salir a ganar la plaza y no arriesgar tanto\u00bb<cite class=\"author\">Luc\u00eda Falasca<\/cite><\/p><\/blockquote>\n<p> Falasca concluy\u00f3 en el s\u00e9ptimo puesto con 53 unidades al quedar quinta en la medal race, regata definitoria y de valor doble que disputan los diez mejores clasificados en la fase regular, y<strong> fue la \u00fanica sudamericana en el top ten entre 21 competidoras.<\/strong><\/p>\n<p>La argentina, und\u00e9cima en los Juegos Ol\u00edmpicos de R\u00edo de Janeiro 2016 y 31ra en los de Tokio, gan\u00f3 la medalla de plata en los Juegos Odesur de Chile 2014.<\/p>\n<p>En 2023, la velista argentina, campeona sudamericana 2022, finaliz\u00f3 41ra en el campeonato europeo, en marzo; 46ta en Trofeo Princesa Sof\u00eda, en marzo, y 35ta en la semana Ol\u00edmpica francesa, en abril.<\/p>\n<p>Falasca y la bonaerense Luciana Cardozo -de 24 a\u00f1os, del Yacht Club Olivos y clasificada a los Juegos Panamericanos de Chile de octubre pr\u00f3ximo- luchan por ganar el selectivo para los Juegos Ol\u00edmpicos que formaliz\u00f3 la Federaci\u00f3n Argentina de Yachting (Fay) y que incluy\u00f3 Trofeo Princesa Sof\u00eda, de Espa\u00f1a y la semana Ol\u00edmpica Francesa de Hyeres, y que finalizar\u00e1 con el campeonato mundial de Mar del Plata, del 3 al 10 de enero de 2024.<\/p>\n<p>Falasca concluy\u00f3 46ta en Espa\u00f1a y 35ta en Francia, en tanto que Cardozo, oro en los Juegos Odesur 2022, finaliz\u00f3 41ra en Palma de Mallorca y en la misma posici\u00f3n en Hyeres.<\/p>\n<p>El mi\u00e9rcoles pasado, la dupla integrada por los regatistas Mateo Majdalani-Eugenia Bosco -ganadora de la medalla de plata en los Juegos Panamericanos Per\u00fa 2019 en la clase Nacra 17- se clasific\u00f3 a los Juegos Ol\u00edmpicos de Par\u00eds 2024 al obtener la plaza para el pa\u00eds en el Mundial y ganar el selectivo que formaliz\u00f3 la (Fay) tras superar al binomio conformado por Santiago Lange- campe\u00f3n ol\u00edmpico 2016- y Victoria Travascio. <\/p>\n<\/div>\n<p><script async defer crossorigin=\"anonymous\" src=\"https:\/\/connect.facebook.net\/es_LA\/sdk.js#xfbml=1&#038;version=v12.0\" nonce=\"SBlHQzIF\"><\/script><br \/><a href=\"https:\/\/www.telam.com.ar\/notas\/202308\/637598-lucia-falasca-mundial-vela.html\">source<\/a><\/p>\n","protected":false},"excerpt":{"rendered":"<p>Foto archivo: AFP La regatista porte\u00f1a Luc\u00eda Falasca, medallista panamericana 2019 en Lima, Per\u00fa, obtuvo&#8230;<\/p>\n","protected":false},"author":3,"featured_media":9545,"comment_status":"closed","ping_status":"closed","sticky":false,"template":"","format":"standard","meta":{"footnotes":""},"categories":[21],"tags":[],"class_list":["post-9544","post","type-post","status-publish","format-standard","has-post-thumbnail","hentry","category-deportes"],"featured_image_urls":{"full":["https:\/\/fmamiga909.com.ar\/wp-content\/uploads\/2023\/08\/wp-header-logo-42.png",1004,565,false],"thumbnail":["https:\/\/fmamiga909.com.ar\/wp-content\/uploads\/2023\/08\/wp-header-logo-42-150x150.png",150,150,true],"medium":["https:\/\/fmamiga909.com.ar\/wp-content\/uploads\/2023\/08\/wp-header-logo-42-300x169.png",300,169,true],"medium_large":["https:\/\/fmamiga909.com.ar\/wp-content\/uploads\/2023\/08\/wp-header-logo-42.png",1004,565,false],"large":["https:\/\/fmamiga909.com.ar\/wp-content\/uploads\/2023\/08\/wp-header-logo-42.png",640,360,false],"1536x1536":["https:\/\/fmamiga909.com.ar\/wp-content\/uploads\/2023\/08\/wp-header-logo-42.png",1004,565,false],"2048x2048":["https:\/\/fmamiga909.com.ar\/wp-content\/uploads\/2023\/08\/wp-header-logo-42.png",1004,565,false],"newsium-slider-full":["https:\/\/fmamiga909.com.ar\/wp-content\/uploads\/2023\/08\/wp-header-logo-42.png",1004,565,false],"newsium-featured":["https:\/\/fmamiga909.com.ar\/wp-content\/uploads\/2023\/08\/wp-header-logo-42.png",1004,565,false],"newsium-medium":["https:\/\/fmamiga909.com.ar\/wp-content\/uploads\/2023\/08\/wp-header-logo-42-720x475.png",720,475,true]},"author_info":{"display_name":"Fredy Giuliano","author_link":"https:\/\/fmamiga909.com.ar\/?author=3"},"category_info":"<a href=\"https:\/\/fmamiga909.com.ar\/?cat=21\" rel=\"category\">Deportes<\/a>","tag_info":"Deportes","comment_count":"0","_links":{"self":[{"href":"https:\/\/fmamiga909.com.ar\/index.php?rest_route=\/wp\/v2\/posts\/9544","targetHints":{"allow":["GET"]}}],"collection":[{"href":"https:\/\/fmamiga909.com.ar\/index.php?rest_route=\/wp\/v2\/posts"}],"about":[{"href":"https:\/\/fmamiga909.com.ar\/index.php?rest_route=\/wp\/v2\/types\/post"}],"author":[{"embeddable":true,"href":"https:\/\/fmamiga909.com.ar\/index.php?rest_route=\/wp\/v2\/users\/3"}],"replies":[{"embeddable":true,"href":"https:\/\/fmamiga909.com.ar\/index.php?rest_route=%2Fwp%2Fv2%2Fcomments&post=9544"}],"version-history":[{"count":0,"href":"https:\/\/fmamiga909.com.ar\/index.php?rest_route=\/wp\/v2\/posts\/9544\/revisions"}],"wp:featuredmedia":[{"embeddable":true,"href":"https:\/\/fmamiga909.com.ar\/index.php?rest_route=\/wp\/v2\/media\/9545"}],"wp:attachment":[{"href":"https:\/\/fmamiga909.com.ar\/index.php?rest_route=%2Fwp%2Fv2%2Fmedia&parent=9544"}],"wp:term":[{"taxonomy":"category","embeddable":true,"href":"https:\/\/fmamiga909.com.ar\/index.php?rest_route=%2Fwp%2Fv2%2Fcategories&post=9544"},{"taxonomy":"post_tag","embeddable":true,"href":"https:\/\/fmamiga909.com.ar\/index.php?rest_route=%2Fwp%2Fv2%2Ftags&post=9544"}],"curies":[{"name":"wp","href":"https:\/\/api.w.org\/{rel}","templated":true}]}}