{"id":9548,"date":"2023-08-21T18:56:00","date_gmt":"2023-08-21T18:56:00","guid":{"rendered":"https:\/\/fmamiga909.com.ar\/?p=9548"},"modified":"2023-08-21T18:56:00","modified_gmt":"2023-08-21T18:56:00","slug":"sarmiento-necesitado-de-sumar-para-evitar-el-descenso-vencio-2-a-0-a-tigre","status":"publish","type":"post","link":"https:\/\/fmamiga909.com.ar\/?p=9548","title":{"rendered":"Sarmiento, necesitado de sumar para evitar el descenso, venci\u00f3 2 a 0 a Tigre"},"content":{"rendered":"<div>\n<figure class=\"mb-3\"><img decoding=\"async\" src=\"https:\/\/www.telam.com.ar\/thumbs\/bluesteel\/advf\/imagenes\/2023\/08\/64e29325a5e5e_1200.jpg\" class=\" lazy \" width=\"100%\" height=\"100%\" alt=\"Foto Twitter CASarmientoOf\"\/><figcaption> Foto: Twitter @CASarmientoOf. <\/figcaption><\/figure>\n<p> Sarmiento venci\u00f3 por 2 a 0 en condici\u00f3n de local a Tigre, en un encuentro jugado este domingo por la tarde en el estadio Eva Per\u00f3n, de Jun\u00edn, v\u00e1lido por la primera jornada de la Zona B de la Copa de la Liga Profesional 2023.<\/p>\n<p>Los goles del \u00abVerde\u00bb fueron anotados por Franco Paredes y Diego Calcaterra, a los 23 y 18 minutos, de la primera y segunda etapa, respectivamente.<\/p>\n<p>El encuentro fue parejo con dos equipos que no se sacaron ventajas en cuanto a la posesi\u00f3n de la pelota, aunque Tigre fue el que intent\u00f3 tener el protagonismo con un buen trabajo de Lucas Menossi y Sebasti\u00e1n Prediger para tratar de manejar el ataque de su equipo.<\/p>\n<p><strong>Sarmiento, con el debut de Pablo Lavall\u00e9n <\/strong>en reemplazo de Israel Damonte, le cost\u00f3 hacerse fuerte en defensa, aunque nunca sufri\u00f3 los avances del rival.<\/p>\n<p>El gol a favor de Franco Paredes, a los 23 minutos de la primera etapa, le dio tranquilidad al conjunto de Jun\u00edn, mientras que los de Victoria no supieron qu\u00e9 hacer para dar vuelta el resultado.<\/p>\n<p>En el segundo tiempo no hubo muchas situaciones de gol, el equipo local tuvo orden t\u00e1ctico y efectividad y consigui\u00f3 el aumento a los 18 minutos con el tanto de Diego Calcaterra.<\/p>\n<p>Sarmiento trat\u00f3 de manejar la pelota por el piso, sin abusar del pelotazo, en tanto que <strong>Tigre sinti\u00f3 las ausencias de Facundo Colidio y Mateo Retegui.<\/strong><\/p>\n<p>En la pr\u00f3xima jornada Tigre recibir\u00e1 a Racing, mientras que Sarmiento visitar\u00e1 a Boca.<\/p>\n<p><iframe loading=\"lazy\" src=\"https:\/\/estdeportes.telam.com.ar\/html\/v3\/minapp\/modules\/futbol\/gamecast\/gamecast.html?channel=deportes.futbol.copalpf.643427&amp;lang=es_LA&amp;page=gamecast&amp;hidePagesMenu=true\" width=\"100%\" height=\"1150\" scrolling=\"auto\" style=\"width: 1px; min-width: 100%; *width: 100%;\" class=\"\"><\/iframe> <\/p>\n<\/div>\n<p><script async defer crossorigin=\"anonymous\" src=\"https:\/\/connect.facebook.net\/es_LA\/sdk.js#xfbml=1&#038;version=v12.0\" nonce=\"SBlHQzIF\"><\/script><br \/><a href=\"https:\/\/www.telam.com.ar\/notas\/202308\/637561-sarmiento-descenso-tigre-copa-de-la-liga.html\">source<\/a><\/p>\n","protected":false},"excerpt":{"rendered":"<p>Foto: Twitter @CASarmientoOf. Sarmiento venci\u00f3 por 2 a 0 en condici\u00f3n de local a Tigre,&#8230;<\/p>\n","protected":false},"author":3,"featured_media":9549,"comment_status":"closed","ping_status":"closed","sticky":false,"template":"","format":"standard","meta":{"footnotes":""},"categories":[21],"tags":[],"class_list":["post-9548","post","type-post","status-publish","format-standard","has-post-thumbnail","hentry","category-deportes"],"featured_image_urls":{"full":["https:\/\/fmamiga909.com.ar\/wp-content\/uploads\/2023\/08\/wp-header-logo-44.png",1200,675,false],"thumbnail":["https:\/\/fmamiga909.com.ar\/wp-content\/uploads\/2023\/08\/wp-header-logo-44-150x150.png",150,150,true],"medium":["https:\/\/fmamiga909.com.ar\/wp-content\/uploads\/2023\/08\/wp-header-logo-44-300x169.png",300,169,true],"medium_large":["https:\/\/fmamiga909.com.ar\/wp-content\/uploads\/2023\/08\/wp-header-logo-44.png",1200,675,false],"large":["https:\/\/fmamiga909.com.ar\/wp-content\/uploads\/2023\/08\/wp-header-logo-44-1024x576.png",640,360,true],"1536x1536":["https:\/\/fmamiga909.com.ar\/wp-content\/uploads\/2023\/08\/wp-header-logo-44.png",1200,675,false],"2048x2048":["https:\/\/fmamiga909.com.ar\/wp-content\/uploads\/2023\/08\/wp-header-logo-44.png",1200,675,false],"newsium-slider-full":["https:\/\/fmamiga909.com.ar\/wp-content\/uploads\/2023\/08\/wp-header-logo-44.png",1200,675,false],"newsium-featured":["https:\/\/fmamiga909.com.ar\/wp-content\/uploads\/2023\/08\/wp-header-logo-44-1024x576.png",1024,576,true],"newsium-medium":["https:\/\/fmamiga909.com.ar\/wp-content\/uploads\/2023\/08\/wp-header-logo-44-720x475.png",720,475,true]},"author_info":{"display_name":"Fredy Giuliano","author_link":"https:\/\/fmamiga909.com.ar\/?author=3"},"category_info":"<a href=\"https:\/\/fmamiga909.com.ar\/?cat=21\" rel=\"category\">Deportes<\/a>","tag_info":"Deportes","comment_count":"0","_links":{"self":[{"href":"https:\/\/fmamiga909.com.ar\/index.php?rest_route=\/wp\/v2\/posts\/9548","targetHints":{"allow":["GET"]}}],"collection":[{"href":"https:\/\/fmamiga909.com.ar\/index.php?rest_route=\/wp\/v2\/posts"}],"about":[{"href":"https:\/\/fmamiga909.com.ar\/index.php?rest_route=\/wp\/v2\/types\/post"}],"author":[{"embeddable":true,"href":"https:\/\/fmamiga909.com.ar\/index.php?rest_route=\/wp\/v2\/users\/3"}],"replies":[{"embeddable":true,"href":"https:\/\/fmamiga909.com.ar\/index.php?rest_route=%2Fwp%2Fv2%2Fcomments&post=9548"}],"version-history":[{"count":0,"href":"https:\/\/fmamiga909.com.ar\/index.php?rest_route=\/wp\/v2\/posts\/9548\/revisions"}],"wp:featuredmedia":[{"embeddable":true,"href":"https:\/\/fmamiga909.com.ar\/index.php?rest_route=\/wp\/v2\/media\/9549"}],"wp:attachment":[{"href":"https:\/\/fmamiga909.com.ar\/index.php?rest_route=%2Fwp%2Fv2%2Fmedia&parent=9548"}],"wp:term":[{"taxonomy":"category","embeddable":true,"href":"https:\/\/fmamiga909.com.ar\/index.php?rest_route=%2Fwp%2Fv2%2Fcategories&post=9548"},{"taxonomy":"post_tag","embeddable":true,"href":"https:\/\/fmamiga909.com.ar\/index.php?rest_route=%2Fwp%2Fv2%2Ftags&post=9548"}],"curies":[{"name":"wp","href":"https:\/\/api.w.org\/{rel}","templated":true}]}}