{"id":9569,"date":"2023-08-22T14:16:17","date_gmt":"2023-08-22T14:16:17","guid":{"rendered":"https:\/\/fmamiga909.com.ar\/?p=9569"},"modified":"2023-08-22T14:16:17","modified_gmt":"2023-08-22T14:16:17","slug":"lange-triple-medallista-olimpico-lo-que-paso-en-mundial-fue-uno-de-los-mejores-premios","status":"publish","type":"post","link":"https:\/\/fmamiga909.com.ar\/?p=9569","title":{"rendered":"Lange, triple medallista ol\u00edmpico: &quot;Lo que pas\u00f3 en Mundial fue uno de los mejores premios&quot;"},"content":{"rendered":"<div>\n<figure class=\"mb-3\"><img decoding=\"async\" src=\"https:\/\/www.telam.com.ar\/thumbs\/bluesteel\/advf\/imagenes\/2023\/08\/64e3905172fd7_1200.jpg\" class=\" lazy \" width=\"100%\" height=\"100%\" alt=\"Lange de 61 aos anunci el martes pasado su despedida del circuito olmpico Foto prensa \"\/><figcaption> Lange, de 61 a\u00f1os, anunci\u00f3 el martes pasado su \u00abdespedida del circuito ol\u00edmpico\u00bb. \/Foto: prensa. <\/figcaption><\/figure>\n<p> El regatista argentino Santiago Lange, triple medallista en Juegos Ol\u00edmpicos, admiti\u00f3 que el recibimiento que le brindaron sus colegas luego de disputar las \u00faltimas regatas en el circuito ol\u00edmpico \u00abfue uno de los mejores premios\u00bb de su carrera deportiva y<strong> se mostr\u00f3 convencido de que Mateo Majdalani y Eugenia Bosco ganar\u00e1n una medalla en Par\u00eds 2024 en la clase Nacra 17 de vela.<\/strong><\/p>\n<p>Adem\u00e1s, confirm\u00f3 que seguir\u00e1 vinculado a su deporte y calific\u00f3 como \u00abalgo demasiado grande\u00bb que se lo nombre como a una leyenda del la vela mundial.<\/p>\n<p>\u00abCreo que lo que pas\u00f3 en el Mundial de Pa\u00edses Bajos fue uno de los mejores premios de mi carrera deportiva. Que absolutamente todos tus propios rivales, con los que competiste hasta ese mismo d\u00eda, est\u00e9n, te agradezcan, tengan palabras demasiado bonitas, que celebren tu despedida con vos, significa m\u00e1s que muchas medallas o que muchas cosas\u00bb, reconoci\u00f3 Lange en una entrevista exclusiva con T\u00e9lam desde Espa\u00f1a.<\/p>\n<p><strong>\u00abTodo lo que pas\u00f3 esa tarde fue realmente incre\u00edble, \u00fanico en nuestro deporte y lo valoro inmensamente\u00bb<\/strong>, puntualiz\u00f3.<\/p>\n<p>Lange, de 61 a\u00f1os, anunci\u00f3 el martes pasado su \u00abdespedida del circuito ol\u00edmpico\u00bb tras perder, junto con Victoria Travascio, ante la dupla Majdalani-Bosco, el selectivo para los Juegos Ol\u00edmpicos de Par\u00eds 2024 en la clase Nacra 17 que formaliz\u00f3 la Federaci\u00f3n Argentina de Yachting (Fay).<\/p>\n<p>Lange particip\u00f3 en siete Juegos Ol\u00edmpicos: Se\u00fal 1988 (Clase Soling), Atlanta 1996 (Laser), Sydney 2000 (Tornado), Atenas 2004 (Tornado), Beijing 2008 (Tornado); R\u00edo de Janeiro 2012 y Tokio 2020 (Nacra 17).<\/p>\n<p>El velista argentino obtuvo las medallas de bronce en Atenas 2004 y Beijing 2008 junto con el correntino Carlos Esp\u00ednola en la clase Tornado; y luego, en sociedad con la rosarina Cecilia Carranza Saroli &#8211; ganadora de la medalla de oro en los Juegos Panamericanos Guadalajara 2011 en la clase Laser Radial- la presea de oro en R\u00edo de Janeiro 2016, primera medalla ol\u00edmpica dorada en la historia de la vela argentina.<\/p>\n<p>En septiembre de 2015, Lange, padre de Yago y Klaus -s\u00e9ptimos en la Clase 49er en R\u00edo 2016-, fue sometido a una operaci\u00f3n en la que se le extirp\u00f3 un tumor en un pulm\u00f3n.<\/p>\n<p><figure class=\"mb-3\"><img decoding=\"async\" src=\"https:\/\/www.telam.com.ar\/thumbs\/bluesteel\/advf\/imagenes\/2023\/08\/64e3905158fd7_1200.jpg\" class=\" lazy \" width=\"100%\" height=\"100%\" alt=\"El velista particip en siete Juegos OlmpicosFoto prensa \"\/><figcaption> El velista particip\u00f3 en siete Juegos Ol\u00edmpicos.\/Foto: prensa. <\/figcaption><\/figure>\n<p><strong>-T\u00e9lam: \u00bfEl martes pasado, en tu carta \u00abEl camino a Paris lleg\u00f3 a su fin\u00bb, dijiste: \u00abesta hermosa traves\u00eda seguir\u00e1 con nuevos desaf\u00edos\u00bb. \u00bfCu\u00e1les?<\/strong><\/p>\n<p>-Santiago Lange: Todav\u00eda no lo s\u00e9. Estoy seguro de que alg\u00fan desaf\u00edo vendr\u00e1 pero por ahora lo \u00fanico que quiero es descansar y alejarme un poquito de lo que estaba; de la intensidad de la que vengo hace muchos, muchos a\u00f1os. Espero poder tomar la decisi\u00f3n de seguir haciendo proyectos con mucha pasi\u00f3n e ilusi\u00f3n.<\/p>\n<p><strong>-T: Al terminar las regatas del mi\u00e9rcoles, ya en la costa, fuiste despedido con un pasillo de honor en el que hasta tus rivales te agasajaron con un champagne. \u00bfQu\u00e9 significado le diste?<\/strong><\/p>\n<p>-SL: Creo que fue uno de los mejores premios de mi carrera deportiva. Que absolutamente todos tus propios rivales, con los que competiste hasta ese mismo d\u00eda, est\u00e9n, te agradezcan, tengan palabras demasiado bonitas, que celebren tu despedida con vos, significa m\u00e1s que muchas medallas o que muchas cosas. Es el cari\u00f1o de tus rivales; la amistad de muchos. Todo lo que pas\u00f3 esa tarde fue realmente incre\u00edble, \u00fanico en nuestro deporte y lo valoro inmensamente. Tambi\u00e9n habla muy bien de nuestro deporte: de la camarader\u00eda, la caballerosidad y el respeto. Me guio mucho por los valores ol\u00edmpicos y hay dos muy importantes: respeto y amistad adem\u00e1s de excelencia y claramente en esa tarde fueron demostrado por todos nuestros rivales y fue algo muy especial para mi.<\/p>\n<p><strong>-T: Definiste la campa\u00f1a para Par\u00eds 2024 como \u00abuno de los desaf\u00edos m\u00e1s grandes\u00bb de tu carrera deportiva. \u00bfTe qued\u00f3 sabor agridulce?<\/strong><\/p>\n<p>-SL: S\u00ed, obviamente siempre quedan sabores agridulces cuando no cumpl\u00eds tus objetivos. Y nos los cumplimos. Realmente ten\u00edamos un sue\u00f1o con Vicky de llegar a Par\u00eds. Era un desaf\u00edo enorme porque ten\u00edamos un equipo nuevo, en muy poco tiempo y bueno, no se logr\u00f3. Muchas de las cosas que pasaron me demostraron, una vez m\u00e1s, que en el deporte no solo son las medallas sino que un mont\u00f3n de cosas m\u00e1s.<\/p>\n<p>En este caso, haber quedado con una gran amiga como Vicky, el recibimiento el mismo d\u00eda que ganamos la medalla en R\u00edo son cosas muy especiales<\/p>\n<p><strong>-T: \u00bfPor qu\u00e9 perdieron el selectivo?<\/strong><\/p>\n<p>-SL: Porque Mateo y Eugenia fueron superiores.<\/p>\n<p><figure class=\"mb-3\"><img decoding=\"async\" src=\"https:\/\/www.telam.com.ar\/thumbs\/bluesteel\/advf\/imagenes\/2023\/08\/64e390513f61c_1200.jpg\" class=\" lazy \" width=\"100%\" height=\"100%\" alt=\"Foto prensa \"\/><figcaption> Foto: prensa. <\/figcaption><\/figure>\n<p><strong>-T: Este a\u00f1o, Majdalani y Bosco obtuvieron el octavo puesto en el Princesa Sof\u00eda; la medalla de plata en Hyeres y quedaron sextos en el Test Event de Marsella. En el Mundial alcanzaron la medal race. \u00bfQu\u00e9 an\u00e1lisis hac\u00e9s de esos resultados y que esper\u00e1s de ellos en los Juegos Ol\u00edmpicos de Par\u00eds 2024?<\/strong><\/p>\n<p>-SL: Son uno de los equipos principales protagonistas de este ciclo ol\u00edmpico. Son de los m\u00e1s r\u00e1pido a favor del viento y tienen muchas fortalezas. Espero, sin lugar a dudas, que ganen una medalla. Estoy convencido de que pueden. Estoy s\u00faper orgulloso del equipo que forman ya como fan, como argentino que hincha porque Argentina gane una medalla. Argentina va a estar incre\u00edblemente bien representada.<\/p>\n<p><strong>-T: \u00bfTe gusta ser el presidente de tu clase a nivel internacional?<\/strong><\/p>\n<p>-SL: No, b\u00e1sicamente fue un puesto que los regatistas pidieron que lo ocupe porque quer\u00edan estar bien representados a nivel de la federaci\u00f3n internacional para que la categor\u00eda pudiera continuar como ol\u00edmpica. Ese fue mi rol principal. Despu\u00e9s del gran momento que mis rivales me hicieron pasar puede ser que me interese seguir para continuar trabajando como lo hicimos estos a\u00f1os de que esta categor\u00eda brille.<\/p>\n<p><strong>-T: El garrochista Germ\u00e1n Chiaraviglio, en una entrevista con T\u00e9lam de hace unos d\u00edas, expres\u00f3 que se presentar\u00e1, este mes, en Hungr\u00eda, en la elecci\u00f3n de la comisi\u00f3n de atletas de la World Athletics. \u00bfTe interesa incursionar en ese sentido en la Federaci\u00f3n Internacional de Vela o en el \u00e1mbito local?<\/strong><\/p>\n<p>-SL: Primero, quiero pensar qu\u00e9 voy a hacer. Por ahora tengo un mont\u00f3n de opciones. Quiero tener un buen plan de lo que quiero hacer para que no me lleve la corriente de hacer muchas cosas sin estar seguro de qu\u00e9 es lo que deseo.<\/p>\n<p><strong>-T: \u00bfEstar\u00e1s vinculado a competencias de vela no ol\u00edmpica?<\/strong><\/p>\n<p>-SL: S\u00ed, por supuesto que pienso seguir ligado al deporte y competir. De hecho empec\u00e9 en Barcelona el fin de semana pasado en Tp52.<\/p>\n<p><strong>-T: \u00bfQu\u00e9 te genera que te digan \u00ableyenda de la vela mundial\u00bb?<\/strong><\/p>\n<p>-SL: La verdad es que no s\u00e9. Es algo demasiado grande. Lo leo y quiz\u00e1s no lo llevo a lo significativo de la palabra porque me gusta seguir teniendo los pies en la tierra y sentirme una persona mas que normal.<\/p>\n<p><figure class=\"mb-3\"><img decoding=\"async\" src=\"https:\/\/www.telam.com.ar\/thumbs\/bluesteel\/advf\/imagenes\/2023\/08\/64e390518c6a2_1200.jpg\" class=\" lazy \" width=\"100%\" height=\"100%\" alt=\"Foto prensa \"\/><figcaption> Foto: prensa. <\/figcaption><\/figure>\n<\/p>\n<div class=\"jumbotron pt-4 mt-3\">\n<h3 class=\"module-title\">Lange calific\u00f3 de \u00abmaravillosa\u00bb la obtenci\u00f3n de medallas en Mundial<\/h3>\n<p><strong>El regatista argentino Santiago Lange, triple medallista ol\u00edmpico, calific\u00f3 de \u00abmaravilloso\u00bb la obtenci\u00f3n de las preseas de plata y bronce en la clase 29er del Campeonato Mundial Open disputado en Weymouth, Inglaterra<\/strong>, a principios de mes, por parte de M\u00e1ximo Videla-Juan Albamonte y Tadeo Funes de Rioja y Amparo Stupenengo Pefaur, respectivamente.<\/p>\n<p>\u00abEs maravilloso. Tenemos mucha suerte de que eso siga pasando. Para m\u00ed significa el gran trabajo que hacen los clubes y el gran talento que hay en la Argentina\u00bb, destac\u00f3 Lange en una entrevista con T\u00e9lam.<\/p>\n<p>\u00abSiempre da esperanzas de que haya gente buena en los juveniles porque seguro que de ah\u00ed saldr\u00e1n futuros ganadores de medallas ol\u00edmpicas\u00bb, enfatiz\u00f3.<\/p>\n<p><strong>Videla -representante del Yacht Club Argentino- y Albamonte -del club N\u00e1utico San Isidro-<\/strong>, ambos de 19 a\u00f1os, finalizaron segundos en la clasificaci\u00f3n general y primeros en la categor\u00eda masculino, con 75 puntos, detr\u00e1s del binomio irland\u00e9s Clementine Van Steenberge-Nathan Van Steenberge, que qued\u00f3 con 59.<\/p>\n<p>En tanto, Funes de Rioja y Stupenengo Pefaur -del Yacht Club Argentino y de 19 a\u00f1os- quedaron 19nos en la clasificaci\u00f3n general y ganaron la presea de bronce en la categor\u00eda mixta.<\/p>\n<p>En julio de 2022, M\u00e1ximo Videla-Tadeo Funes de Rioja y Amparo Stupenengo Pefaur-Julia Pantin se consagraron campeones en la clase 29er del 51ro Campeonato Mundial Juvenil disputado en La Haya, Pa\u00edses Bajos.<\/p>\n<p>Videla y Funes de Rioja ganaron la presea de oro con 34 unidades en doce regatas de las cuales ganaron cinco; y en todo el torneo finalizaron siempre entre los primeros nueves puestos.<\/p>\n<p><strong>En 29er femenino, Stupenengo Pefaur y Julia Pantin quedaron en lo m\u00e1s alto del podio al finalizar primeras con 27 unidades tras doce pruebas.<\/strong><\/p>\n<p>Lange particip\u00f3 en siete Juegos Ol\u00edmpicos: Se\u00fal 1988 (Clase Soling), Atlanta 1996 (Laser), Sydney 2000 (Tornado), Atenas 2004 (Tornado), Beijing 2008 (Tornado); R\u00edo de Janeiro 2012 y Tokio 2020 (Nacra 17).<\/p>\n<p>El velista argentino obtuvo las medallas de bronce en Atenas 2004 y Beijing 2008 junto con el correntino Carlos Esp\u00ednola en la clase Tornado; y luego, en sociedad con la rosarina Cecilia Carranza Saroli, la presea de oro en R\u00edo de Janeiro 2016, primera medalla ol\u00edmpica dorada en la historia de la vela argentina.<\/p>\n<\/p><\/div>\n<\/p><\/div>\n<p><script async defer crossorigin=\"anonymous\" src=\"https:\/\/connect.facebook.net\/es_LA\/sdk.js#xfbml=1&#038;version=v12.0\" nonce=\"SBlHQzIF\"><\/script><br \/><a href=\"https:\/\/www.telam.com.ar\/notas\/202308\/637703-santiago-lange-balance-retiro.html\">source<\/a><\/p>\n","protected":false},"excerpt":{"rendered":"<p>Lange, de 61 a\u00f1os, anunci\u00f3 el martes pasado su \u00abdespedida del circuito ol\u00edmpico\u00bb. \/Foto: prensa&#8230;.<\/p>\n","protected":false},"author":3,"featured_media":9570,"comment_status":"closed","ping_status":"closed","sticky":false,"template":"","format":"standard","meta":{"footnotes":""},"categories":[21],"tags":[],"class_list":["post-9569","post","type-post","status-publish","format-standard","has-post-thumbnail","hentry","category-deportes"],"featured_image_urls":{"full":["https:\/\/fmamiga909.com.ar\/wp-content\/uploads\/2023\/08\/wp-header-logo-50.png",1200,675,false],"thumbnail":["https:\/\/fmamiga909.com.ar\/wp-content\/uploads\/2023\/08\/wp-header-logo-50-150x150.png",150,150,true],"medium":["https:\/\/fmamiga909.com.ar\/wp-content\/uploads\/2023\/08\/wp-header-logo-50-300x169.png",300,169,true],"medium_large":["https:\/\/fmamiga909.com.ar\/wp-content\/uploads\/2023\/08\/wp-header-logo-50.png",1200,675,false],"large":["https:\/\/fmamiga909.com.ar\/wp-content\/uploads\/2023\/08\/wp-header-logo-50-1024x576.png",640,360,true],"1536x1536":["https:\/\/fmamiga909.com.ar\/wp-content\/uploads\/2023\/08\/wp-header-logo-50.png",1200,675,false],"2048x2048":["https:\/\/fmamiga909.com.ar\/wp-content\/uploads\/2023\/08\/wp-header-logo-50.png",1200,675,false],"newsium-slider-full":["https:\/\/fmamiga909.com.ar\/wp-content\/uploads\/2023\/08\/wp-header-logo-50.png",1200,675,false],"newsium-featured":["https:\/\/fmamiga909.com.ar\/wp-content\/uploads\/2023\/08\/wp-header-logo-50-1024x576.png",1024,576,true],"newsium-medium":["https:\/\/fmamiga909.com.ar\/wp-content\/uploads\/2023\/08\/wp-header-logo-50-720x475.png",720,475,true]},"author_info":{"display_name":"Fredy Giuliano","author_link":"https:\/\/fmamiga909.com.ar\/?author=3"},"category_info":"<a href=\"https:\/\/fmamiga909.com.ar\/?cat=21\" rel=\"category\">Deportes<\/a>","tag_info":"Deportes","comment_count":"0","_links":{"self":[{"href":"https:\/\/fmamiga909.com.ar\/index.php?rest_route=\/wp\/v2\/posts\/9569","targetHints":{"allow":["GET"]}}],"collection":[{"href":"https:\/\/fmamiga909.com.ar\/index.php?rest_route=\/wp\/v2\/posts"}],"about":[{"href":"https:\/\/fmamiga909.com.ar\/index.php?rest_route=\/wp\/v2\/types\/post"}],"author":[{"embeddable":true,"href":"https:\/\/fmamiga909.com.ar\/index.php?rest_route=\/wp\/v2\/users\/3"}],"replies":[{"embeddable":true,"href":"https:\/\/fmamiga909.com.ar\/index.php?rest_route=%2Fwp%2Fv2%2Fcomments&post=9569"}],"version-history":[{"count":0,"href":"https:\/\/fmamiga909.com.ar\/index.php?rest_route=\/wp\/v2\/posts\/9569\/revisions"}],"wp:featuredmedia":[{"embeddable":true,"href":"https:\/\/fmamiga909.com.ar\/index.php?rest_route=\/wp\/v2\/media\/9570"}],"wp:attachment":[{"href":"https:\/\/fmamiga909.com.ar\/index.php?rest_route=%2Fwp%2Fv2%2Fmedia&parent=9569"}],"wp:term":[{"taxonomy":"category","embeddable":true,"href":"https:\/\/fmamiga909.com.ar\/index.php?rest_route=%2Fwp%2Fv2%2Fcategories&post=9569"},{"taxonomy":"post_tag","embeddable":true,"href":"https:\/\/fmamiga909.com.ar\/index.php?rest_route=%2Fwp%2Fv2%2Ftags&post=9569"}],"curies":[{"name":"wp","href":"https:\/\/api.w.org\/{rel}","templated":true}]}}