{"id":9661,"date":"2023-08-24T19:04:02","date_gmt":"2023-08-24T19:04:02","guid":{"rendered":"https:\/\/fmamiga909.com.ar\/?p=9661"},"modified":"2023-08-24T19:04:02","modified_gmt":"2023-08-24T19:04:02","slug":"joaquin-correa-cerca-de-dejar-inter-y-sumarse-al-olympique","status":"publish","type":"post","link":"https:\/\/fmamiga909.com.ar\/?p=9661","title":{"rendered":"Joaqu\u00edn Correa cerca de dejar Inter y sumarse al Olympique"},"content":{"rendered":"<div>\n<figure class=\"mb-3\"><img decoding=\"async\" src=\"https:\/\/www.telam.com.ar\/thumbs\/bluesteel\/advf\/imagenes\/2023\/08\/64e742d87a9d6_1200.jpg\" class=\" lazy \" width=\"100%\" height=\"100%\" alt=\"Correa cerca de llegar a la Ligue1 Foto TWtucu_correa\"\/><figcaption> Correa cerca de llegar a la Ligue1. \/ Foto: TW@tucu_correa. <\/figcaption><\/figure>\n<p><strong>El delantero argentino<\/strong> Joaqu\u00edn Correa, quien juega en el Inter de Italia, <strong>est\u00e1 pr\u00f3ximo a convertirse en jugador del Olympique Marsella, de la Ligue 1 de Francia, en un pr\u00e9stamo de un a\u00f1o,<\/strong> seg\u00fan lo anunci\u00f3 este jueves la prensa gala.<\/p>\n<p>En ese contexto, la cadena RMC inform\u00f3 que desde hace unos d\u00edas <strong>Correa es la prioridad de los dirigentes para el puesto de jugador ofensivo izquierdo y todo indica que hay un acuerdo entre Marsella e Inter y est\u00e1 arreglado el contrato del argentino<\/strong>, quien tambi\u00e9n jug\u00f3 para Sevilla de Espa\u00f1a, Sampdoria y Lazio de Italia, antes de sumarse al Inter.<\/p>\n<p><strong>Olympique e Inter han acordado una cesi\u00f3n a pr\u00e9stamo con opci\u00f3n de compra obligatoria si el Marsella se clasifica para la Liga de Campeones <\/strong>al final de la temporada.<\/p>\n<p>Correa, nacido en Tucum\u00e1n hace 29 a\u00f1os y surgido de ex Estudiantes de La Plata, donde jug\u00f3 entre 2012 y 2014 (actu\u00f3 en 53 partidos y marc\u00f3 tres goles) <strong>ser\u00e1 compa\u00f1ero en el Olympique de Marsella del zaguero argentino Leonardo Balerdi<\/strong>, surgido de Boca Juniors. <\/p>\n<\/div>\n<p><script async defer crossorigin=\"anonymous\" src=\"https:\/\/connect.facebook.net\/es_LA\/sdk.js#xfbml=1&#038;version=v12.0\" nonce=\"SBlHQzIF\"><\/script><br \/><a href=\"https:\/\/www.telam.com.ar\/notas\/202308\/637986-futbol-joaquin-correa-inter-italia-llegada-prestamo-olympique-marsella.html\">source<\/a><\/p>\n","protected":false},"excerpt":{"rendered":"<p>Correa cerca de llegar a la Ligue1. \/ Foto: TW@tucu_correa. El delantero argentino Joaqu\u00edn Correa,&#8230;<\/p>\n","protected":false},"author":3,"featured_media":9662,"comment_status":"closed","ping_status":"closed","sticky":false,"template":"","format":"standard","meta":{"footnotes":""},"categories":[21],"tags":[],"class_list":["post-9661","post","type-post","status-publish","format-standard","has-post-thumbnail","hentry","category-deportes"],"featured_image_urls":{"full":["https:\/\/fmamiga909.com.ar\/wp-content\/uploads\/2023\/08\/wp-header-logo-71.png",1024,576,false],"thumbnail":["https:\/\/fmamiga909.com.ar\/wp-content\/uploads\/2023\/08\/wp-header-logo-71-150x150.png",150,150,true],"medium":["https:\/\/fmamiga909.com.ar\/wp-content\/uploads\/2023\/08\/wp-header-logo-71-300x169.png",300,169,true],"medium_large":["https:\/\/fmamiga909.com.ar\/wp-content\/uploads\/2023\/08\/wp-header-logo-71.png",1024,576,false],"large":["https:\/\/fmamiga909.com.ar\/wp-content\/uploads\/2023\/08\/wp-header-logo-71.png",640,360,false],"1536x1536":["https:\/\/fmamiga909.com.ar\/wp-content\/uploads\/2023\/08\/wp-header-logo-71.png",1024,576,false],"2048x2048":["https:\/\/fmamiga909.com.ar\/wp-content\/uploads\/2023\/08\/wp-header-logo-71.png",1024,576,false],"newsium-slider-full":["https:\/\/fmamiga909.com.ar\/wp-content\/uploads\/2023\/08\/wp-header-logo-71.png",1024,576,false],"newsium-featured":["https:\/\/fmamiga909.com.ar\/wp-content\/uploads\/2023\/08\/wp-header-logo-71.png",1024,576,false],"newsium-medium":["https:\/\/fmamiga909.com.ar\/wp-content\/uploads\/2023\/08\/wp-header-logo-71-720x475.png",720,475,true]},"author_info":{"display_name":"Fredy Giuliano","author_link":"https:\/\/fmamiga909.com.ar\/?author=3"},"category_info":"<a href=\"https:\/\/fmamiga909.com.ar\/?cat=21\" rel=\"category\">Deportes<\/a>","tag_info":"Deportes","comment_count":"0","_links":{"self":[{"href":"https:\/\/fmamiga909.com.ar\/index.php?rest_route=\/wp\/v2\/posts\/9661","targetHints":{"allow":["GET"]}}],"collection":[{"href":"https:\/\/fmamiga909.com.ar\/index.php?rest_route=\/wp\/v2\/posts"}],"about":[{"href":"https:\/\/fmamiga909.com.ar\/index.php?rest_route=\/wp\/v2\/types\/post"}],"author":[{"embeddable":true,"href":"https:\/\/fmamiga909.com.ar\/index.php?rest_route=\/wp\/v2\/users\/3"}],"replies":[{"embeddable":true,"href":"https:\/\/fmamiga909.com.ar\/index.php?rest_route=%2Fwp%2Fv2%2Fcomments&post=9661"}],"version-history":[{"count":0,"href":"https:\/\/fmamiga909.com.ar\/index.php?rest_route=\/wp\/v2\/posts\/9661\/revisions"}],"wp:featuredmedia":[{"embeddable":true,"href":"https:\/\/fmamiga909.com.ar\/index.php?rest_route=\/wp\/v2\/media\/9662"}],"wp:attachment":[{"href":"https:\/\/fmamiga909.com.ar\/index.php?rest_route=%2Fwp%2Fv2%2Fmedia&parent=9661"}],"wp:term":[{"taxonomy":"category","embeddable":true,"href":"https:\/\/fmamiga909.com.ar\/index.php?rest_route=%2Fwp%2Fv2%2Fcategories&post=9661"},{"taxonomy":"post_tag","embeddable":true,"href":"https:\/\/fmamiga909.com.ar\/index.php?rest_route=%2Fwp%2Fv2%2Ftags&post=9661"}],"curies":[{"name":"wp","href":"https:\/\/api.w.org\/{rel}","templated":true}]}}