{"id":9663,"date":"2023-08-24T21:06:23","date_gmt":"2023-08-24T21:06:23","guid":{"rendered":"https:\/\/fmamiga909.com.ar\/?p=9663"},"modified":"2023-08-24T21:06:23","modified_gmt":"2023-08-24T21:06:23","slug":"muchachas-las-murcielagas-vuelven-al-pais-como-las-primeras-campeonas-de-la-historia","status":"publish","type":"post","link":"https:\/\/fmamiga909.com.ar\/?p=9663","title":{"rendered":"\u00a1Muchachas! Las Murci\u00e9lagas vuelven al pa\u00eds como las primeras campeonas de la historia"},"content":{"rendered":"<div>\n<figure class=\"mb-3\"><img decoding=\"async\" src=\"https:\/\/www.telam.com.ar\/thumbs\/bluesteel\/advf\/imagenes\/2023\/08\/64e518fa90f4d_1200.jpg\" class=\" lazy \" width=\"100%\" height=\"100%\" alt=\"Las chicas argentina son las campeonas comparten el podio con ellas las japonesas y las suecas Secretara de Deportes\"\/><figcaption> Las chicas argentina son las campeonas; comparten el podio con ellas, las japonesas y las suecas. (Secretar\u00eda de Deportes) <\/figcaption><\/figure>\n<p><strong>Yohana Aguilar,<\/strong> delantera y figura de <strong>Las Murci\u00e9lagas<\/strong>, expres\u00f3 su orgullo y sorpresa por <strong>el hist\u00f3rico triunfo ante Jap\u00f3n, por 2 a 1<\/strong>, en la final del primer Mundial organizado por la Federaci\u00f3n Internacional de Deportes para Ciegos (IBSA).<\/p>\n<p>\u00abEs algo que no puedo explicar\u00bb, se\u00f1al\u00f3 Aguilar a la p\u00e1gina oficial de <a href=\"https:\/\/ibsasport.org\/\" target=\"_blank\" rel=\"noopener\">IBSA<\/a>, luego de la rutilante victoria ante Jap\u00f3n en el primer campeonato femenino que se desarroll\u00f3 en la ciudad de Birmingham, en Inglaterra.<\/p>\n<p>\u00abA\u00fan no me doy cuenta de lo que realmente est\u00e1 pasando o de lo que acabamos de hacer. <strong>\u00a1Es una alegr\u00eda tan tremenda que creo que me va a explotar el coraz\u00f3n!<\/strong>\u00ab, agreg\u00f3 <strong>Aguilar, autora de los dos tantos ante el seleccionado nip\u00f3n.<\/strong><\/p>\n<p>\u00abEsta fue la tercera vez que jugu\u00e9 contra Jap\u00f3n y siempre nos derrotaron por un amplio margen, pero demostramos que tenemos un equipo tremendo que podr\u00eda enfrentarlos. \u00a1Es maravilloso! No tengo palabras para describirlo\u00bb,<strong> remarc\u00f3 la delantera cordobesa.<\/strong><\/p>\n<blockquote class=\"\"><p>Aguilar se\u00f1al\u00f3 el empate sobre el cierre del partido a trav\u00e9s de una jugada individual, que hizo gala de sus gambetas. A falta de un minuto y medio, Argentina dispuso de una chance inmejorable que Aguilar no desperdici\u00f3 con su gol de penal.<\/p><\/blockquote>\n<p><figure class=\"mb-3\"><img decoding=\"async\" src=\"https:\/\/www.telam.com.ar\/thumbs\/bluesteel\/advf\/imagenes\/2023\/08\/64e3d3cf5b723_1200.jpg\" class=\" lazy \" width=\"100%\" height=\"100%\" alt=\"Las Murcilagas orgullo nacional Secretara de Deportes\"\/><figcaption> Las Murci\u00e9lagas, orgullo nacional. (Secretar\u00eda de Deportes) <\/figcaption><\/figure>\n<p><strong>Las Murci\u00e9lagas, dirigidas por Gonzalo Abbas<\/strong>, alcanzaron la final tras un tarea sobresaliente en el grupo B con triunfos ante Alemania (3-0) e India (4-0) y el empate frente a Austria (0-0). En las semifinales, Argentina arras\u00f3 contra Suecia, con el triunfo por 3 a 0.<\/p>\n<p>Abbas tambi\u00e9n brind\u00f3 declaraciones a la p\u00e1gina oficial de IBSA, invadido por la emoci\u00f3n, el orgullo y el desahogo.\u00a0\u00ab\u00a1No tengo un coraz\u00f3n lo suficientemente grande para soportar la cantidad de felicidad que siento ahora mismo!\u00bb, dijo Abbas.<\/p>\n<p>\u00abHemos estado trabajando mucho para llegar a este momento y sab\u00edamos que nos llegar\u00eda. Ha sido un partido muy complicado, pero lo dejamos todo en el campo y conseguimos darle la vuelta al resultado\u00bb, puntualiz\u00f3 el DT de Las Murci\u00e9lagas.<\/p>\n<p>Argentina se retir\u00f3 al entretiempo con derrota por 1 a 0 y Abbas revel\u00f3 el mensaje para sus dirigidas con el objetivo de revertir el resultado.\u00a0\u00ab<strong>Les dije que se quedaran en paz porque eran verdaderas leonas.<\/strong> \u00a1Morir\u00edan en el campo si tuvieran que hacerlo y se ir\u00edan de la competencia con la cabeza en alto! Y as\u00ed lo hicieron\u00bb, se\u00f1al\u00f3 el exintegrante de Los Murci\u00e9lagos.<\/p>\n<blockquote class=\"twitter-tweet\">\n<p lang=\"es\" dir=\"ltr\">Felicitaciones <a href=\"https:\/\/twitter.com\/hashtag\/Murcielagas?src=hash&amp;ref_src=twsrc%5Etfw\">#Murcielagas<\/a> por consagrarse, tambi\u00e9n, como Campeonas del Mundo, en el mundial jugado en Birmingham <br \/>Vamos \ud83c\udde6\ud83c\uddf7\ud83c\udfc6 !!!!!!! <a href=\"https:\/\/t.co\/yVMym3y9xm\">pic.twitter.com\/yVMym3y9xm<\/a><\/p>\n<p>\u2014 Chiqui Tapia (@tapiachiqui) <a href=\"https:\/\/twitter.com\/tapiachiqui\/status\/1693787283986554929?ref_src=twsrc%5Etfw\">August 22, 2023<\/a><\/p><\/blockquote>\n<p> La consagraci\u00f3n de Las Murci\u00e9lagas gener\u00f3 <strong>el saludo del presidente de la AFA, Claudio \u00abChiqui\u00bb Tapia<\/strong>, a trav\u00e9s de sus redes sociales.<\/p>\n<p>\u00abFelicitaciones Murci\u00e9lagas por consagrarse, tambi\u00e9n, como Campeonas del Mundo, en el mundial jugado en Birmingham. Vamos!!!!\u00bb, escribi\u00f3 Tapia.<\/p>\n<h2 class=\"\">Hay equipo<\/h2>\n<p><\/p>\n<figure class=\"mb-3\"><img decoding=\"async\" src=\"https:\/\/www.telam.com.ar\/thumbs\/bluesteel\/advf\/imagenes\/2023\/08\/64e517546c670_1200.jpg\" class=\" lazy \" width=\"100%\" height=\"100%\" alt=\"En la final haban comenzado perdiendo contra Japn Secretara de Deportes\"\/><figcaption> En la final, hab\u00edan comenzado perdiendo contra Jap\u00f3n. (Secretar\u00eda de Deportes) <\/figcaption><\/figure>\n<p> El plantel completo de Las Murci\u00e9lagas estuvo integrado por: Melody Azul \u00c1lvarez, Florencia Bel\u00e9n Massenzana, Barreneche Gracia Sosa, Micaela Segovia, Aguilar, Melisa Alejandra Flores, Elena Iris Quinteros, Mar\u00eda Constanza Carrizo, Agustina Medina P\u00e1ez y Guillermina Corrales.<\/p>\n<p>El seleccionado argentino se consagr\u00f3 campe\u00f3n y Jap\u00f3n finaliz\u00f3 segundo. El tercer puesto qued\u00f3 en manos de Suecia, que derrot\u00f3 a India (4\u00b0). Alemania (5\u00b0), Inglaterra (6\u00b0), Marruecos (7\u00b0) y Austria (8\u00b0) completaron las posiciones.<\/p>\n<p><strong>La base de Las Murci\u00e9lagas se sustent\u00f3 de Las Guerreras, equipo oriundo de la provincia de C\u00f3rdoba<\/strong>, con cinco futbolistas: Flores, Carrizo, Quinteros, Sosa y Aguilar.<\/p>\n<blockquote class=\"\"><p>Argentina celebr\u00f3 su tercer t\u00edtulo en el f\u00fatbol para ciegos, teniendo en cuenta que Los Murci\u00e9lagos fueron campeones en R\u00edo de Janeiro 2002 y Buenos Aires 2006.<\/p><\/blockquote>\n<p><figure class=\"mb-3\"><img decoding=\"async\" src=\"https:\/\/www.telam.com.ar\/thumbs\/bluesteel\/advf\/imagenes\/2023\/08\/64e517548223a_1200.jpg\" class=\" lazy \" width=\"100%\" height=\"100%\" alt=\"El gol del triunfo fue de penal Secretara de Deportes\"\/><figcaption> El gol del triunfo fue de penal. (Secretar\u00eda de Deportes) <\/figcaption><\/figure>\n<p><strong>La delegaci\u00f3n argentina retorna al pa\u00eds este martes a la noche<\/strong>, con arribo estipulado para las 21.35, en el aeropuerto internacional de Ezeiza, en un vuelo de la compa\u00f1\u00eda Air France.<\/p>\n<p>El plantel y cuerpo t\u00e9cnico argentino se dirigir\u00e1 al Cenard (Centro Nacional de Alto Rendimiento Deportivo), sede donde realizaron los preparativos para el Juego Mundial IBSA, y al d\u00eda siguiente tendr\u00e1n como destino sus respectivos domicilios.<\/p>\n<p>La Federaci\u00f3n Argentina de Deportes para Ciegos (Fadec) invit\u00f3 a la prensa y p\u00fablico en general a recibir al seleccionado campe\u00f3n del mundo para celebrar un logro hist\u00f3rico.<\/p>\n<p><figure class=\"mb-3\"><img decoding=\"async\" src=\"https:\/\/www.telam.com.ar\/thumbs\/bluesteel\/advf\/imagenes\/2023\/08\/64e5175496bcb_1200.jpg\" class=\" lazy \" width=\"100%\" height=\"100%\" alt=\"Festejos en celeste y blanco Secretara de Deportes\"\/><figcaption> Festejos en celeste y blanco. (Secretar\u00eda de Deportes) <\/figcaption><\/figure>\n<\/p>\n<\/div>\n<p><script async src=\"\/\/platform.twitter.com\/widgets.js\" charset=\"utf-8\"><\/script><script async defer crossorigin=\"anonymous\" src=\"https:\/\/connect.facebook.net\/es_LA\/sdk.js#xfbml=1&#038;version=v12.0\" nonce=\"SBlHQzIF\"><\/script><br \/><a href=\"https:\/\/www.telam.com.ar\/notas\/202308\/637832-murcielagas-futbol-ciegos-campeonato-mundial.html\">source<\/a><\/p>\n","protected":false},"excerpt":{"rendered":"<p>Las chicas argentina son las campeonas; comparten el podio con ellas, las japonesas y las&#8230;<\/p>\n","protected":false},"author":3,"featured_media":9664,"comment_status":"closed","ping_status":"closed","sticky":false,"template":"","format":"standard","meta":{"footnotes":""},"categories":[21],"tags":[],"class_list":["post-9663","post","type-post","status-publish","format-standard","has-post-thumbnail","hentry","category-deportes"],"featured_image_urls":{"full":["https:\/\/fmamiga909.com.ar\/wp-content\/uploads\/2023\/08\/wp-header-logo-72.png",1200,675,false],"thumbnail":["https:\/\/fmamiga909.com.ar\/wp-content\/uploads\/2023\/08\/wp-header-logo-72-150x150.png",150,150,true],"medium":["https:\/\/fmamiga909.com.ar\/wp-content\/uploads\/2023\/08\/wp-header-logo-72-300x169.png",300,169,true],"medium_large":["https:\/\/fmamiga909.com.ar\/wp-content\/uploads\/2023\/08\/wp-header-logo-72.png",1200,675,false],"large":["https:\/\/fmamiga909.com.ar\/wp-content\/uploads\/2023\/08\/wp-header-logo-72-1024x576.png",640,360,true],"1536x1536":["https:\/\/fmamiga909.com.ar\/wp-content\/uploads\/2023\/08\/wp-header-logo-72.png",1200,675,false],"2048x2048":["https:\/\/fmamiga909.com.ar\/wp-content\/uploads\/2023\/08\/wp-header-logo-72.png",1200,675,false],"newsium-slider-full":["https:\/\/fmamiga909.com.ar\/wp-content\/uploads\/2023\/08\/wp-header-logo-72.png",1200,675,false],"newsium-featured":["https:\/\/fmamiga909.com.ar\/wp-content\/uploads\/2023\/08\/wp-header-logo-72-1024x576.png",1024,576,true],"newsium-medium":["https:\/\/fmamiga909.com.ar\/wp-content\/uploads\/2023\/08\/wp-header-logo-72-720x475.png",720,475,true]},"author_info":{"display_name":"Fredy Giuliano","author_link":"https:\/\/fmamiga909.com.ar\/?author=3"},"category_info":"<a href=\"https:\/\/fmamiga909.com.ar\/?cat=21\" rel=\"category\">Deportes<\/a>","tag_info":"Deportes","comment_count":"0","_links":{"self":[{"href":"https:\/\/fmamiga909.com.ar\/index.php?rest_route=\/wp\/v2\/posts\/9663","targetHints":{"allow":["GET"]}}],"collection":[{"href":"https:\/\/fmamiga909.com.ar\/index.php?rest_route=\/wp\/v2\/posts"}],"about":[{"href":"https:\/\/fmamiga909.com.ar\/index.php?rest_route=\/wp\/v2\/types\/post"}],"author":[{"embeddable":true,"href":"https:\/\/fmamiga909.com.ar\/index.php?rest_route=\/wp\/v2\/users\/3"}],"replies":[{"embeddable":true,"href":"https:\/\/fmamiga909.com.ar\/index.php?rest_route=%2Fwp%2Fv2%2Fcomments&post=9663"}],"version-history":[{"count":0,"href":"https:\/\/fmamiga909.com.ar\/index.php?rest_route=\/wp\/v2\/posts\/9663\/revisions"}],"wp:featuredmedia":[{"embeddable":true,"href":"https:\/\/fmamiga909.com.ar\/index.php?rest_route=\/wp\/v2\/media\/9664"}],"wp:attachment":[{"href":"https:\/\/fmamiga909.com.ar\/index.php?rest_route=%2Fwp%2Fv2%2Fmedia&parent=9663"}],"wp:term":[{"taxonomy":"category","embeddable":true,"href":"https:\/\/fmamiga909.com.ar\/index.php?rest_route=%2Fwp%2Fv2%2Fcategories&post=9663"},{"taxonomy":"post_tag","embeddable":true,"href":"https:\/\/fmamiga909.com.ar\/index.php?rest_route=%2Fwp%2Fv2%2Ftags&post=9663"}],"curies":[{"name":"wp","href":"https:\/\/api.w.org\/{rel}","templated":true}]}}