{"id":9698,"date":"2023-08-27T02:21:50","date_gmt":"2023-08-27T02:21:50","guid":{"rendered":"https:\/\/fmamiga909.com.ar\/?p=9698"},"modified":"2023-08-27T02:21:50","modified_gmt":"2023-08-27T02:21:50","slug":"san-lorenzo-rescato-un-empate-en-tiempo-de-descuento-ante-belgrano","status":"publish","type":"post","link":"https:\/\/fmamiga909.com.ar\/?p=9698","title":{"rendered":"San Lorenzo rescat\u00f3 un empate en tiempo de descuento ante Belgrano"},"content":{"rendered":"<div>\n<figure class=\"mb-3\"><img decoding=\"async\" src=\"https:\/\/www.telam.com.ar\/thumbs\/bluesteel\/advf\/imagenes\/2023\/08\/64ea4ccc9f2f9_1200.jpg\" class=\" lazy \" width=\"100%\" height=\"100%\" alt=\"Foto Fernando Gens\"\/><figcaption> Foto: Fernando Gens. <\/figcaption><\/figure>\n<p> San Lorenzo (4 puntos) rescat\u00f3 en la tarde del s\u00e1bado un empate 2-2 ante Belgrano de C\u00f3rdoba (4), en tiempo de descuento, en uno de los adelantos de la segunda fecha de la zona B de la Copa de la Liga Profesional (LPF).<\/p>\n<p>En el Nuevo Gas\u00f3metro del Bajo Flores, el conjunto azulgrana que dirige el DT Rub\u00e9n Ins\u00faa logr\u00f3 una trabajosa igualdad a los 48m. del segundo per\u00edodo, con una aparici\u00f3n del goleador paraguayo Adam Bareiro.<\/p>\n<p>El mismo centrodelantero, que marc\u00f3 11 de los \u00faltimos 14 tantos que convirti\u00f3 el \u2018Cicl\u00f3n\u2019, hab\u00eda abierto la cuenta con un dudoso penal, a los 46m. del per\u00edodo inicial.<\/p>\n<p>El conjunto \u2018celeste\u2019 logr\u00f3 remontar la historia en el segundo tiempo, con sendas conquistas de Juan Barinaga (9m.) y Lucas Passerini (15m.), quien es el m\u00e1ximo anotador del certamen con 3 tantos. Los dos goles del \u2018Pirata\u2019 llegaron despu\u00e9s de tiros de esquina desde el costado izquierdo.<\/p>\n<p><figure class=\"mb-3\"><img decoding=\"async\" src=\"https:\/\/www.telam.com.ar\/thumbs\/bluesteel\/advf\/imagenes\/2023\/08\/64ea4ccccc382_1200.jpg\" class=\" lazy \" width=\"100%\" height=\"100%\" alt=\"Foto Fernando Gens\"\/><figcaption> Foto: Fernando Gens. <\/figcaption><\/figure>\n<p>Belgrano, a las \u00f3rdenes del DT Guillermo Farr\u00e9, manej\u00f3 mejor la pelota en los 45m. iniciales. Hubo una equilibrada tarea de Santiago Longo en la zona central, con un acompa\u00f1amiento criterioso del t\u00e1ndem de ataque conformado por Pastr\u00e1n-Passerini.<\/p>\n<p>San Lorenzo intent\u00f3 equilibrar el desarrollo cada vez que avanz\u00f3 por izquierda, con Braida o Leguizam\u00f3n como pistones, aunque sin llevar demasiado riesgo hacia la valla de Nahuel Losada.<\/p>\n<p>Al minuto 23 casi se pone en ventaja el elenco visitante, cuando Passerini cabece\u00f3 un bal\u00f3n cedido por el chileno Mat\u00edas Mar\u00edn y exigi\u00f3 una excelente respuesta del arquero Augusto Batalla.<\/p>\n<p>En una r\u00e9plica, a los 33m., casi factura el elenco de Boedo, con un frentazo de Auzqui, tras desborde de Braida, que fue atajado por Losada.<\/p>\n<p>Sobre el cierre, el \u00e1rbitro Dar\u00edo Herrera, ayudado por el VAR, sancion\u00f3 penal por una mano no apreciada del chileno Alex Ibacache, el jugador que hab\u00eda firmado contrato en el \u2018Cicl\u00f3n\u2019 y luego lo rescindi\u00f3, durante el verano.<\/p>\n<p><figure class=\"mb-3\"><img decoding=\"async\" src=\"https:\/\/www.telam.com.ar\/thumbs\/bluesteel\/advf\/imagenes\/2023\/08\/64ea4cccb5a01_1200.jpg\" class=\" lazy \" width=\"100%\" height=\"100%\" alt=\"Foto Fernando Gens\"\/><figcaption> Foto: Fernando Gens. <\/figcaption><\/figure>\n<p>En la ejecuci\u00f3n, Bareiro cambi\u00f3 por gol un disparo fuerte y al medio para situar en ventaja al conjunto local, en un encuentro por dem\u00e1s parejo.<\/p>\n<p>La reacci\u00f3n de Belgrano lleg\u00f3 en la segunda parte y con dos jugadas pr\u00e1cticamente calcadas. A los 9m., primero, un c\u00f3rner de Facundo Lencioni fue jugado en corto para un centro de Ulises S\u00e1nchez que hall\u00f3 una floja respuesta de Batalla y apareci\u00f3 Barinaga para establecer la igualdad provisoria.<\/p>\n<p>Mientras que a los 15m., otro tiro de esquina enviado por Lencioni encontr\u00f3 a Batalla con dudas y con un rebote largo que fue capitalizado por Passerini, quien mand\u00f3 el bal\u00f3n a la red, mediante un cabezazo.<\/p>\n<p><figure class=\"mb-3\"><img decoding=\"async\" src=\"https:\/\/www.telam.com.ar\/thumbs\/bluesteel\/advf\/imagenes\/2023\/08\/64ea5d6b78b11_1200.jpg\" class=\" lazy \" width=\"100%\" height=\"100%\" alt=\"Foto Fernando Gens\"\/><figcaption> Foto: Fernando Gens. <\/figcaption><\/figure>\n<p>Parec\u00eda que la derrota coronaba la presentaci\u00f3n del \u2018Cicl\u00f3n\u2019 pero, sobre los 48m., un centro al coraz\u00f3n del \u00e1rea del ingresado Tob\u00edas Medina hall\u00f3 la cabeza de un implacable goleador como Bareiro, quien bati\u00f3 a Losada y gener\u00f3 el desahogo del simpatizante \u2018cuervo\u2019, que volvi\u00f3 a insistir en sus reclamos por pr\u00f3ximas elecciones y cuestion\u00f3 el comportamiento de los actuales dirigentes del club.<\/p>\n<p>El pr\u00f3ximo mi\u00e9rcoles, ambos equipos volver\u00e1n a verse las caras, aunque en esta oportunidad por los octavos de final de la Copa Argentina. El partido se jugar\u00e1 a partir de las 18.30 en el estadio de Col\u00f3n de Santa Fe, con televisaci\u00f3n de TyC Sports.<\/p>\n<p>Por la tercera fecha de la Copa de la LPF, San Lorenzo visitar\u00e1 el lunes 4 de septiembre a Uni\u00f3n en Santa Fe (a partir de las 20.00), mientras que Belgrano ser\u00e1 local este s\u00e1bado 2 frente a Newell\u2019s (19.00)<\/p>\n<p><iframe loading=\"lazy\" src=\"https:\/\/estdeportes.telam.com.ar\/html\/v3\/minapp\/modules\/futbol\/gamecast\/gamecast.html?channel=deportes.futbol.copalpf.643443&amp;lang=es_LA&amp;page=gamecast&amp;hidePagesMenu=true\" width=\"100%\" height=\"1150\" scrolling=\"auto\" style=\"width: 1px; min-width: 100%; *width: 100%;\" class=\"\"><\/iframe><\/p>\n<\/div>\n<p><script async defer crossorigin=\"anonymous\" src=\"https:\/\/connect.facebook.net\/es_LA\/sdk.js#xfbml=1&#038;version=v12.0\" nonce=\"SBlHQzIF\"><\/script><br \/><a href=\"https:\/\/www.telam.com.ar\/notas\/202308\/638194-futbol-copa-liga-san-lorenzo-belgrano-cordoba-nuevo-gasometro.html\">source<\/a><\/p>\n","protected":false},"excerpt":{"rendered":"<p>Foto: Fernando Gens. San Lorenzo (4 puntos) rescat\u00f3 en la tarde del s\u00e1bado un empate&#8230;<\/p>\n","protected":false},"author":3,"featured_media":9699,"comment_status":"closed","ping_status":"closed","sticky":false,"template":"","format":"standard","meta":{"footnotes":""},"categories":[21],"tags":[],"class_list":["post-9698","post","type-post","status-publish","format-standard","has-post-thumbnail","hentry","category-deportes"],"featured_image_urls":{"full":["https:\/\/fmamiga909.com.ar\/wp-content\/uploads\/2023\/08\/wp-header-logo-88.png",1200,675,false],"thumbnail":["https:\/\/fmamiga909.com.ar\/wp-content\/uploads\/2023\/08\/wp-header-logo-88-150x150.png",150,150,true],"medium":["https:\/\/fmamiga909.com.ar\/wp-content\/uploads\/2023\/08\/wp-header-logo-88-300x169.png",300,169,true],"medium_large":["https:\/\/fmamiga909.com.ar\/wp-content\/uploads\/2023\/08\/wp-header-logo-88.png",1200,675,false],"large":["https:\/\/fmamiga909.com.ar\/wp-content\/uploads\/2023\/08\/wp-header-logo-88-1024x576.png",640,360,true],"1536x1536":["https:\/\/fmamiga909.com.ar\/wp-content\/uploads\/2023\/08\/wp-header-logo-88.png",1200,675,false],"2048x2048":["https:\/\/fmamiga909.com.ar\/wp-content\/uploads\/2023\/08\/wp-header-logo-88.png",1200,675,false],"newsium-slider-full":["https:\/\/fmamiga909.com.ar\/wp-content\/uploads\/2023\/08\/wp-header-logo-88.png",1200,675,false],"newsium-featured":["https:\/\/fmamiga909.com.ar\/wp-content\/uploads\/2023\/08\/wp-header-logo-88-1024x576.png",1024,576,true],"newsium-medium":["https:\/\/fmamiga909.com.ar\/wp-content\/uploads\/2023\/08\/wp-header-logo-88-720x475.png",720,475,true]},"author_info":{"display_name":"Fredy Giuliano","author_link":"https:\/\/fmamiga909.com.ar\/?author=3"},"category_info":"<a href=\"https:\/\/fmamiga909.com.ar\/?cat=21\" rel=\"category\">Deportes<\/a>","tag_info":"Deportes","comment_count":"0","_links":{"self":[{"href":"https:\/\/fmamiga909.com.ar\/index.php?rest_route=\/wp\/v2\/posts\/9698","targetHints":{"allow":["GET"]}}],"collection":[{"href":"https:\/\/fmamiga909.com.ar\/index.php?rest_route=\/wp\/v2\/posts"}],"about":[{"href":"https:\/\/fmamiga909.com.ar\/index.php?rest_route=\/wp\/v2\/types\/post"}],"author":[{"embeddable":true,"href":"https:\/\/fmamiga909.com.ar\/index.php?rest_route=\/wp\/v2\/users\/3"}],"replies":[{"embeddable":true,"href":"https:\/\/fmamiga909.com.ar\/index.php?rest_route=%2Fwp%2Fv2%2Fcomments&post=9698"}],"version-history":[{"count":0,"href":"https:\/\/fmamiga909.com.ar\/index.php?rest_route=\/wp\/v2\/posts\/9698\/revisions"}],"wp:featuredmedia":[{"embeddable":true,"href":"https:\/\/fmamiga909.com.ar\/index.php?rest_route=\/wp\/v2\/media\/9699"}],"wp:attachment":[{"href":"https:\/\/fmamiga909.com.ar\/index.php?rest_route=%2Fwp%2Fv2%2Fmedia&parent=9698"}],"wp:term":[{"taxonomy":"category","embeddable":true,"href":"https:\/\/fmamiga909.com.ar\/index.php?rest_route=%2Fwp%2Fv2%2Fcategories&post=9698"},{"taxonomy":"post_tag","embeddable":true,"href":"https:\/\/fmamiga909.com.ar\/index.php?rest_route=%2Fwp%2Fv2%2Ftags&post=9698"}],"curies":[{"name":"wp","href":"https:\/\/api.w.org\/{rel}","templated":true}]}}