{"id":9700,"date":"2023-08-27T04:40:02","date_gmt":"2023-08-27T04:40:02","guid":{"rendered":"https:\/\/fmamiga909.com.ar\/?p=9700"},"modified":"2023-08-27T04:40:02","modified_gmt":"2023-08-27T04:40:02","slug":"independiente-enfrenta-a-velez-en-la-primera-final-del-ciclo-de-tevez","status":"publish","type":"post","link":"https:\/\/fmamiga909.com.ar\/?p=9700","title":{"rendered":"Independiente enfrenta a V\u00e9lez en la primera &quot;final&quot; del ciclo de Tevez"},"content":{"rendered":"<div>\n<figure class=\"mb-3\"><img decoding=\"async\" src=\"https:\/\/www.telam.com.ar\/thumbs\/bluesteel\/advf\/imagenes\/2023\/08\/64ea0eebbe2b6_1200.jpg\" class=\" lazy \" width=\"100%\" height=\"100%\" alt=\"Foto Archivo Tlam\"\/><figcaption> Foto: Archivo T\u00e9lam. <\/figcaption><\/figure>\n<p><strong>Independiente ser\u00e1 local de V\u00e9lez Sarsfield<\/strong> este domingo <strong>en el debut de su nuevo director t\u00e9cnico, Carlos Tevez<\/strong>, quien asumi\u00f3 con el desaf\u00edo de asegurar la permanencia en la primera divisi\u00f3n en las 13 fechas que le restan a la fase regular de la Copa de la Liga Profesional de F\u00fatbol.<\/p>\n<p>El partido, v\u00e1lido por la Zona A, se disputar\u00e1 en el estadio Libertadores de Am\u00e9rica-Ricardo Enrique Bochini desde las 19, con el arbitraje de Fernando Rapallini y transmisi\u00f3n de TNT Sports.<\/p>\n<p>Por el clima de tensi\u00f3n que reina en Independiente, expresado con manifestaciones y disturbios en los \u00faltimos partidos en Avellaneda, la Agencia de Prevenci\u00f3n contra la Violencia en el Deporte (Aprevide) inform\u00f3 que el operativo de seguridad estar\u00e1 compuesto por 500 agentes y comenzar\u00e1 a las 15:30 en las inmediaciones del estadio.<\/p>\n<p>Se aplicar\u00e1 el derecho de admisi\u00f3n seg\u00fan la base de datos del programa Tribuna Segura, por lo que todos los asistentes deber\u00e1n presentar su documento para acceder al Libertadores de Am\u00e9rica, cuyo control interno quedar\u00e1 a cargo de una empresa privada.<\/p>\n<p>Esa decisi\u00f3n la tom\u00f3 la actual Comisi\u00f3n Directiva despu\u00e9s de las escenas de represi\u00f3n policial ocurridas sobre el play\u00f3n Arsenio Erico tras la derrota en el cl\u00e1sico con Boca Juniors en la \u00faltima fecha del campeonato pasado.<\/p>\n<p>Independiente est\u00e1 sumergido en una crisis institucional y deportiva que lo mantiene en riesgo de sufrir el segundo descenso de su historia. Actualmente deber\u00eda jugar un desempate con Hurac\u00e1n para revalidar su plaza en la m\u00e1xima categor\u00eda del f\u00fatbol argentino.<\/p>\n<p>El equipo lleva tres ca\u00eddas consecutivas en Avellaneda y la \u00faltima frente a Col\u00f3n de Santa Fe decant\u00f3 en la renuncia del entrenador Ricardo Zielinski con apenas una fecha de la Copa de la Liga disputada.<\/p>\n<p>El \u00abRojo\u00bb necesita mejorar su posici\u00f3n en la tabla anual, en la que comparte el pen\u00faltimo escal\u00f3n con el \u00abGlobo\u00bb (28 puntos). Ese lugar es una condena al descenso porque Arsenal (\u00faltimo) est\u00e1 perdiendo la categor\u00eda por la tabla de promedios.<\/p>\n<p><figure class=\"mb-3\"><img decoding=\"async\" src=\"https:\/\/www.telam.com.ar\/thumbs\/bluesteel\/advf\/imagenes\/2023\/08\/64ea10641ee49_1200.jpg\" class=\" lazy \" width=\"100%\" height=\"100%\" alt=\"Foto TWIndependiente\"\/><figcaption> Foto: TW@Independiente. <\/figcaption><\/figure>\n<p>Son 13 las fechas que restan para sumar y en ellas deber\u00e1 enfrentarse con varios de los rivales directos en esa pelea, empezando por el propio V\u00e9lez (30), que llega de tomar ox\u00edgeno con su victoria sobre Barracas Central el pasado fin de semana.<\/p>\n<p>Tevez es el tercer entrenador que contrata la actual dirigencia de Independiente, que a menos de un a\u00f1o de su elecci\u00f3n dilapid\u00f3 su capital pol\u00edtico con el esc\u00e1ndalo por la renuncia del expresidente Fabi\u00e1n Doman.<\/p>\n<p>La conducci\u00f3n del club fue heredada por el Intendente de Lan\u00fas N\u00e9stor Grindetti, a quienes los socios le reclaman un nuevos comicios por su candidatura a gobernador de la provincia de Buenos Aires por la coalici\u00f3n Juntos por el Cambio (JxC).<\/p>\n<p>El \u00abApache\u00bb desembarc\u00f3 en Avellaneda con una corta experiencia como entrenador de Rosario Central (24 partidos) y una fuerte identificaci\u00f3n con Boca por su exitoso pasado de futbolista que lo elevaron a la categor\u00eda de \u00eddolo.<\/p>\n<p>Ese c\u00f3ctel y la urgencia de Independiente supone una presi\u00f3n de la que se hizo cargo en su presentaci\u00f3n, con la intenci\u00f3n de darle tranquilidad y confianza a un plantel golpeado por la realidad y cuestionado, en algunos casos, por la hinchada.<\/p>\n<p>Tevez pidi\u00f3 refuerzos y adelant\u00f3 que tanto el compromiso como el esfuerzo f\u00edsico ser\u00e1n condiciones indispensables para jugar en su equipo.<\/p>\n<p>\u00abSu llegada fue una inyecci\u00f3n importante, nos dio una energ\u00eda muy alta. Hizo hincapi\u00e9 en la manera de entrenar y en que sepamos bien qu\u00e9 rol ocupa cada uno. Para elevar la competencia interna, nadie sabe qui\u00e9n va a jugar\u00bb, cont\u00f3 Federico Mancuello, uno de los referentes del plantel.<\/p>\n<p>En V\u00e9lez el panorama parece m\u00e1s despejado en cuanto a la formaci\u00f3n y se perfila el debut del mediocampista colombiano Yeison Gordillo en lugar del paraguayo Jos\u00e9 Florent\u00edn.<\/p>\n<p>El \u00abFort\u00edn\u00bb intentar\u00e1 volver a sumar ante un rival al que domina en el historial del profesionalismo con 61 victorias, 58 empates y 56 derrotas en 175 enfrentamientos por torneos de liga.<\/p>\n<p><iframe loading=\"lazy\" src=\"https:\/\/estdeportes.telam.com.ar\/html\/v3\/minapp\/modules\/futbol\/gamecast\/gamecast.html?channel=deportes.futbol.copalpf.643434&amp;lang=es_LA&amp;page=gamecast&amp;hidePagesMenu=true\" width=\"100%\" height=\"1150\" scrolling=\"auto\" style=\"width: 1px; min-width: 100%; *width: 100%;\" class=\"\"><\/iframe><br \/><strong>Probables formaciones\u00a0<\/strong><\/p>\n<p><strong>Independiente<\/strong>: Rodrigo Rey; Felipe Aguilar, Cristian B\u00e1ez y \u00c9dgar Elizalde; Mauricio Isla, Iv\u00e1n Marcone, Federico Mancuello y Ayton Costa; Braian Mart\u00ednez o Tom\u00e1s Pozzo, Alexis Canelo y Mart\u00edn Cauteruccio. DT: Carlos Tevez.<\/p>\n<p><strong>V\u00e9lez Sarsfield<\/strong>: Leonardo Buri\u00e1n; Joaqu\u00edn Garc\u00eda, Lautaro Gianetti, Valent\u00edn G\u00f3mez y El\u00edas G\u00f3mez; Yeison Gordillo y Juan Ignacio M\u00e9ndez; Gianluca Prestianni, Walter Bou y Francisco Pizzini; Braian Romero. DT: Sebasti\u00e1n M\u00e9ndez.<\/p>\n<p>\u00c1rbitro: Fernando Rapallini.<\/p>\n<p>VAR: Leandro Rey Hilfer.<\/p>\n<p>Cancha: Libertadores de Am\u00e9rica-Ricardo Enrique Bochini, de Independiente.<\/p>\n<p>Hora de inicio: 19.<\/p>\n<p>TV: TNT Sports. <\/p>\n<\/div>\n<p><script async defer crossorigin=\"anonymous\" src=\"https:\/\/connect.facebook.net\/es_LA\/sdk.js#xfbml=1&#038;version=v12.0\" nonce=\"SBlHQzIF\"><\/script><br \/><a href=\"https:\/\/www.telam.com.ar\/notas\/202308\/638217-futbol-copa-liga-independiente-carlos-tevez-dt-velez-primera-final.html\">source<\/a><\/p>\n","protected":false},"excerpt":{"rendered":"<p>Foto: Archivo T\u00e9lam. Independiente ser\u00e1 local de V\u00e9lez Sarsfield este domingo en el debut de&#8230;<\/p>\n","protected":false},"author":3,"featured_media":9701,"comment_status":"closed","ping_status":"closed","sticky":false,"template":"","format":"standard","meta":{"footnotes":""},"categories":[21],"tags":[],"class_list":["post-9700","post","type-post","status-publish","format-standard","has-post-thumbnail","hentry","category-deportes"],"featured_image_urls":{"full":["https:\/\/fmamiga909.com.ar\/wp-content\/uploads\/2023\/08\/wp-header-logo-89.png",1200,675,false],"thumbnail":["https:\/\/fmamiga909.com.ar\/wp-content\/uploads\/2023\/08\/wp-header-logo-89-150x150.png",150,150,true],"medium":["https:\/\/fmamiga909.com.ar\/wp-content\/uploads\/2023\/08\/wp-header-logo-89-300x169.png",300,169,true],"medium_large":["https:\/\/fmamiga909.com.ar\/wp-content\/uploads\/2023\/08\/wp-header-logo-89.png",1200,675,false],"large":["https:\/\/fmamiga909.com.ar\/wp-content\/uploads\/2023\/08\/wp-header-logo-89-1024x576.png",640,360,true],"1536x1536":["https:\/\/fmamiga909.com.ar\/wp-content\/uploads\/2023\/08\/wp-header-logo-89.png",1200,675,false],"2048x2048":["https:\/\/fmamiga909.com.ar\/wp-content\/uploads\/2023\/08\/wp-header-logo-89.png",1200,675,false],"newsium-slider-full":["https:\/\/fmamiga909.com.ar\/wp-content\/uploads\/2023\/08\/wp-header-logo-89.png",1200,675,false],"newsium-featured":["https:\/\/fmamiga909.com.ar\/wp-content\/uploads\/2023\/08\/wp-header-logo-89-1024x576.png",1024,576,true],"newsium-medium":["https:\/\/fmamiga909.com.ar\/wp-content\/uploads\/2023\/08\/wp-header-logo-89-720x475.png",720,475,true]},"author_info":{"display_name":"Fredy Giuliano","author_link":"https:\/\/fmamiga909.com.ar\/?author=3"},"category_info":"<a href=\"https:\/\/fmamiga909.com.ar\/?cat=21\" rel=\"category\">Deportes<\/a>","tag_info":"Deportes","comment_count":"0","_links":{"self":[{"href":"https:\/\/fmamiga909.com.ar\/index.php?rest_route=\/wp\/v2\/posts\/9700","targetHints":{"allow":["GET"]}}],"collection":[{"href":"https:\/\/fmamiga909.com.ar\/index.php?rest_route=\/wp\/v2\/posts"}],"about":[{"href":"https:\/\/fmamiga909.com.ar\/index.php?rest_route=\/wp\/v2\/types\/post"}],"author":[{"embeddable":true,"href":"https:\/\/fmamiga909.com.ar\/index.php?rest_route=\/wp\/v2\/users\/3"}],"replies":[{"embeddable":true,"href":"https:\/\/fmamiga909.com.ar\/index.php?rest_route=%2Fwp%2Fv2%2Fcomments&post=9700"}],"version-history":[{"count":0,"href":"https:\/\/fmamiga909.com.ar\/index.php?rest_route=\/wp\/v2\/posts\/9700\/revisions"}],"wp:featuredmedia":[{"embeddable":true,"href":"https:\/\/fmamiga909.com.ar\/index.php?rest_route=\/wp\/v2\/media\/9701"}],"wp:attachment":[{"href":"https:\/\/fmamiga909.com.ar\/index.php?rest_route=%2Fwp%2Fv2%2Fmedia&parent=9700"}],"wp:term":[{"taxonomy":"category","embeddable":true,"href":"https:\/\/fmamiga909.com.ar\/index.php?rest_route=%2Fwp%2Fv2%2Fcategories&post=9700"},{"taxonomy":"post_tag","embeddable":true,"href":"https:\/\/fmamiga909.com.ar\/index.php?rest_route=%2Fwp%2Fv2%2Ftags&post=9700"}],"curies":[{"name":"wp","href":"https:\/\/api.w.org\/{rel}","templated":true}]}}