{"id":9704,"date":"2023-08-27T10:44:39","date_gmt":"2023-08-27T10:44:39","guid":{"rendered":"https:\/\/fmamiga909.com.ar\/?p=9704"},"modified":"2023-08-27T10:44:39","modified_gmt":"2023-08-27T10:44:39","slug":"la-fifa-suspendio-a-luis-rubiales-por-los-proximos-90-dias","status":"publish","type":"post","link":"https:\/\/fmamiga909.com.ar\/?p=9704","title":{"rendered":"La FIFA suspendi\u00f3 a Luis Rubiales por los pr\u00f3ximos 90 d\u00edas"},"content":{"rendered":"<div>\n<figure class=\"mb-3\"><img decoding=\"async\" src=\"https:\/\/www.telam.com.ar\/thumbs\/bluesteel\/advf\/imagenes\/2023\/08\/64e9f9f90d226_1200.jpg\" class=\" lazy \" width=\"100%\" height=\"100%\" alt=\"Foto AFP\"\/><figcaption> Foto: AFP. <\/figcaption><\/figure>\n<p><strong>Luis Rubiales, presidente de la Real Federaci\u00f3n Espa\u00f1ola de F\u00fatbol<\/strong> (RFEF), <strong>fue suspendido este s\u00e1abdo por la FIFA y qued\u00f3 inhabilitado por 90 d\u00edas para \u00abcualquier competici\u00f3n mundial\u00bb<\/strong> por su conducta con la futbolista Jenni Hermoso, a quien bes\u00f3 en los labios sin consentimiento durante la ceremonia de premiaci\u00f3n del Mundial Femenino 2023.<\/p>\n<p>\u00abEl presidente de la Comisi\u00f3n Disciplinaria de la FIFA, <strong>Jorge Iv\u00e1n Palacio<\/strong>, en uso de las facultades otorgadas por el art\u00edculo 51 del C\u00f3digo Disciplinario, acord\u00f3 la suspensi\u00f3n provisional de Luis Rubiales de toda actividad relacionada con el f\u00fatbol a nivel nacional e internacional\u00bb, subray\u00f3 el comunicado oficial del ente rector del f\u00fatbol mundial.<\/p>\n<p>\u00abEsta suspensi\u00f3n, que ser\u00e1 efectiva desde este s\u00e1bado, <strong>se extiende por un periodo inicial de 90 d\u00edas<\/strong>, y en tanto se tramita el procedimiento disciplinario abierto por esta Comisi\u00f3n Disciplinaria contra Luis Rubiales el pasado jueves 24 de agosto\u00bb, a\u00f1adi\u00f3 el <strong>comunicado oficial de la FIFA<\/strong>.<\/p>\n<blockquote class=\"twitter-tweet\">\n<p lang=\"es\" dir=\"ltr\">La Comisi\u00f3n Disciplinaria de la FIFA suspende con car\u00e1cter provisional a Luis Rubiales, presidente de la RFEF \u2b07\ufe0f<a href=\"https:\/\/t.co\/BYEnNpNqcB\">https:\/\/t.co\/BYEnNpNqcB<\/a><\/p>\n<p>\u2014 FIFA Media (@fifamedia) <a href=\"https:\/\/twitter.com\/fifamedia\/status\/1695410302211301507?ref_src=twsrc%5Etfw\">August 26, 2023<\/a><\/p><\/blockquote>\n<p> Adem\u00e1s de la sanci\u00f3n impuesta al presidente de la RFEF, el colombiano Palacio advirti\u00f3 en el comunicado que se abstenga de tomar contacto con la jugadora Jenni Hermoso.<\/p>\n<p>\u00abCon el objeto de preservar, entre otros factores, los derechos fundamentales de la jugadora de la selecci\u00f3n nacional de f\u00fatbol Jennifer Hermoso y el buen orden del procedimiento disciplinario que se encuentre en tramitaci\u00f3n ante este \u00f3rgano disciplinario, se ordena a Luis Rubiales que se abstenga, mediante el mismo o terceros, de contactar o intentar contactar con la jugadora profesional de la selecci\u00f3n nacional espa\u00f1ola o a su entorno cercano\u00bb, advirti\u00f3 la FIFA.<\/p>\n<p><figure class=\"mb-3\"><img decoding=\"async\" src=\"https:\/\/www.telam.com.ar\/thumbs\/bluesteel\/advf\/imagenes\/2023\/08\/64e9e87507146_1200.jpg\" class=\" lazy \" width=\"100%\" height=\"100%\" alt=\"Jenni Hermoso asegur que se sinti vulnerada y vctima de una agresin Foto AFP\"\/><figcaption> Jenni Hermoso asegur\u00f3 que se sinti\u00f3 \u00abvulnerada y v\u00edctima de una agresi\u00f3n\u00bb. Foto: AFP. <\/figcaption><\/figure>\n<p>\u00abIgualmente se ordena a la RFEF y a sus oficiales o empleados, de manera directa o a trav\u00e9s de terceros, abstenerse de contactar a Jenni Hermoso o a su entorno cercano\u00bb, ampli\u00f3 el comunicado.<\/p>\n<blockquote class=\"\"><p>\u00abCon el objeto de preservar, entre otros factores, los derechos fundamentales de la jugadora de la selecci\u00f3n nacional de f\u00fatbol Jennifer Hermoso y el buen orden del procedimiento disciplinario que se encuentre en tramitaci\u00f3n ante este \u00f3rgano disciplinario, se ordena a Luis Rubiales que se abstenga, mediante el mismo o terceros, de contactar o intentar contactar con la jugadora profesional de la selecci\u00f3n nacional espa\u00f1ola o a su entorno cercano\u00bb<cite class=\"author\">Comunicado FIFA<\/cite><\/p><\/blockquote>\n<p><strong>La intervenci\u00f3n de la FIFA se dio luego de que la RFEF anunciara que iniciar\u00eda \u00ablas acciones legales que correspondan\u00bb <\/strong>contra la futbolista campeona del mundo y despu\u00e9s de las declaraciones de Rubiales respecto de que el beso que le dio en los labios a Jenni Hermoso en la premiaci\u00f3n del mundial celebrado en Ocean\u00eda fue \u00abconsentido\u00bb.<\/p>\n<p>Por su parte, la jugadora del Pachuca, de M\u00e9xico, hab\u00eda declarado sentirse \u00abv\u00edctima de una agresi\u00f3n\u00bb por el beso de Rubiales en la boca tras recibir la medalla de campeona, luego del triunfo de Espa\u00f1a ante Inglaterra en el Mundial Femenino celebrado en Australia y Nueva Zelanda.<\/p>\n<p>La intervenci\u00f3n de la FIFA se aceler\u00f3 debido a que tanto la RFEF, con su decisi\u00f3n de respaldar la actitud de su presidente con la decisi\u00f3n de iniciar acciones legales contra la jugadora, <strong>agrav\u00f3 la situaci\u00f3n al defender la versi\u00f3n de Rubiales de que \u00abel beso en los labios se trat\u00f3 de un gesto consentido\u00bb, algo que Hermoso neg\u00f3 en forma terminante<\/strong>.<\/p>\n<p>Hermoso recibi\u00f3 no s\u00f3lo el apoyo de la FIFA sino de numerosos actores del f\u00fatbol, entre ellos, el propio seleccionado femenino de Espa\u00f1a, cuyas jugadoras renunciaron a participar en el futuro con Rubiales al frente de la RFEF.<\/p>\n<p><strong>El gobierno espa\u00f1ol tambi\u00e9n tom\u00f3 posici\u00f3n en el asunto<\/strong> al instruir al presidente del Consejo Superior de Deportes, V\u00edctor Francos, para que inicie ante el Tribunal Administrativo del Deporte (TAD) un proceso urgente de destituci\u00f3n de Rubiales de su cargo en la federaci\u00f3n.<\/p>\n<p><figure class=\"mb-3\"><img decoding=\"async\" src=\"https:\/\/www.telam.com.ar\/thumbs\/bluesteel\/advf\/imagenes\/2023\/08\/64e9f9f8e8f72_1200.jpg\" class=\" lazy \" width=\"100%\" height=\"100%\" alt=\"Foto AFP\"\/><figcaption> Foto: AFP. <\/figcaption><\/figure>\n<p>En tanto diversas <strong>asociaciones feministas se concentrar\u00e1n en Granada para pedir la renuncia de Rubiales<\/strong> durante el partido al que asistir\u00e1 y que se jugar\u00e1 bajo el nombre \u00abAmigos de Rubiales\u00bb, donde dirigentes de clubes espa\u00f1oles le brindaran apoyo.<\/p>\n<p>\u00abExigimos la aplicaci\u00f3n de la Ley Integral contra la Violencia de G\u00e9nero, la Ley &#8216;Solo Si Es S\u00ed&#8217;, el protocolo de actuaci\u00f3n contra la Violencia Sexual previsto en la Ley del Deporte, sanci\u00f3n de su incumplimiento, la exigencia de responsabilidades y que el Consejo Superior de Deportes (CSD) difunda y promueva acciones de prevenci\u00f3n ante el acoso o abuso sexual, el machismo y es sexismo\u00bb, reclaman en un comunicado las organizaciones feministas, seg\u00fan consign\u00f3 la agencia de noticias Europa Press.<\/p>\n<p>Asimismo, realizaron un<strong> llamamiento a la sociedad <\/strong>para que \u00abreaccione ante ciertos comportamientos y actitudes hacia las mujeres en la vida en general y en el mundo del f\u00fatbol en particular, que son incompatibles con una sociedad que cree en la igualdad. Es una cuesti\u00f3n de estado\u00bb.<\/p>\n<p>El titular de la RFEF rechaz\u00f3 su renuncia el viernes durante una asamblea en la que asegur\u00f3 que el beso fue \u00abespont\u00e1neo, mutuo, euf\u00f3rico y consentido\u00bb, algo desmentido horas despu\u00e9s por la propia futbolista.<\/p>\n<p><\/div>\n<p><script async src=\"\/\/platform.twitter.com\/widgets.js\" charset=\"utf-8\"><\/script><script async defer crossorigin=\"anonymous\" src=\"https:\/\/connect.facebook.net\/es_LA\/sdk.js#xfbml=1&#038;version=v12.0\" nonce=\"SBlHQzIF\"><\/script><br \/><a href=\"https:\/\/www.telam.com.ar\/notas\/202308\/638212-rubiales-suspension-fifa.html\">source<\/a><\/p>\n","protected":false},"excerpt":{"rendered":"<p>Foto: AFP. Luis Rubiales, presidente de la Real Federaci\u00f3n Espa\u00f1ola de F\u00fatbol (RFEF), fue suspendido&#8230;<\/p>\n","protected":false},"author":3,"featured_media":9705,"comment_status":"closed","ping_status":"closed","sticky":false,"template":"","format":"standard","meta":{"footnotes":""},"categories":[21],"tags":[],"class_list":["post-9704","post","type-post","status-publish","format-standard","has-post-thumbnail","hentry","category-deportes"],"featured_image_urls":{"full":["https:\/\/fmamiga909.com.ar\/wp-content\/uploads\/2023\/08\/wp-header-logo-91.png",1200,675,false],"thumbnail":["https:\/\/fmamiga909.com.ar\/wp-content\/uploads\/2023\/08\/wp-header-logo-91-150x150.png",150,150,true],"medium":["https:\/\/fmamiga909.com.ar\/wp-content\/uploads\/2023\/08\/wp-header-logo-91-300x169.png",300,169,true],"medium_large":["https:\/\/fmamiga909.com.ar\/wp-content\/uploads\/2023\/08\/wp-header-logo-91.png",1200,675,false],"large":["https:\/\/fmamiga909.com.ar\/wp-content\/uploads\/2023\/08\/wp-header-logo-91-1024x576.png",640,360,true],"1536x1536":["https:\/\/fmamiga909.com.ar\/wp-content\/uploads\/2023\/08\/wp-header-logo-91.png",1200,675,false],"2048x2048":["https:\/\/fmamiga909.com.ar\/wp-content\/uploads\/2023\/08\/wp-header-logo-91.png",1200,675,false],"newsium-slider-full":["https:\/\/fmamiga909.com.ar\/wp-content\/uploads\/2023\/08\/wp-header-logo-91.png",1200,675,false],"newsium-featured":["https:\/\/fmamiga909.com.ar\/wp-content\/uploads\/2023\/08\/wp-header-logo-91-1024x576.png",1024,576,true],"newsium-medium":["https:\/\/fmamiga909.com.ar\/wp-content\/uploads\/2023\/08\/wp-header-logo-91-720x475.png",720,475,true]},"author_info":{"display_name":"Fredy Giuliano","author_link":"https:\/\/fmamiga909.com.ar\/?author=3"},"category_info":"<a href=\"https:\/\/fmamiga909.com.ar\/?cat=21\" rel=\"category\">Deportes<\/a>","tag_info":"Deportes","comment_count":"0","_links":{"self":[{"href":"https:\/\/fmamiga909.com.ar\/index.php?rest_route=\/wp\/v2\/posts\/9704","targetHints":{"allow":["GET"]}}],"collection":[{"href":"https:\/\/fmamiga909.com.ar\/index.php?rest_route=\/wp\/v2\/posts"}],"about":[{"href":"https:\/\/fmamiga909.com.ar\/index.php?rest_route=\/wp\/v2\/types\/post"}],"author":[{"embeddable":true,"href":"https:\/\/fmamiga909.com.ar\/index.php?rest_route=\/wp\/v2\/users\/3"}],"replies":[{"embeddable":true,"href":"https:\/\/fmamiga909.com.ar\/index.php?rest_route=%2Fwp%2Fv2%2Fcomments&post=9704"}],"version-history":[{"count":0,"href":"https:\/\/fmamiga909.com.ar\/index.php?rest_route=\/wp\/v2\/posts\/9704\/revisions"}],"wp:featuredmedia":[{"embeddable":true,"href":"https:\/\/fmamiga909.com.ar\/index.php?rest_route=\/wp\/v2\/media\/9705"}],"wp:attachment":[{"href":"https:\/\/fmamiga909.com.ar\/index.php?rest_route=%2Fwp%2Fv2%2Fmedia&parent=9704"}],"wp:term":[{"taxonomy":"category","embeddable":true,"href":"https:\/\/fmamiga909.com.ar\/index.php?rest_route=%2Fwp%2Fv2%2Fcategories&post=9704"},{"taxonomy":"post_tag","embeddable":true,"href":"https:\/\/fmamiga909.com.ar\/index.php?rest_route=%2Fwp%2Fv2%2Ftags&post=9704"}],"curies":[{"name":"wp","href":"https:\/\/api.w.org\/{rel}","templated":true}]}}