{"id":9718,"date":"2023-08-27T23:00:39","date_gmt":"2023-08-27T23:00:39","guid":{"rendered":"https:\/\/fmamiga909.com.ar\/?p=9718"},"modified":"2023-08-27T23:00:39","modified_gmt":"2023-08-27T23:00:39","slug":"talleres-acerto-el-tiro-final-y-se-impuso-a-huracan-en-el-kempes","status":"publish","type":"post","link":"https:\/\/fmamiga909.com.ar\/?p=9718","title":{"rendered":"Talleres acert\u00f3 el tiro final y se impuso a Hurac\u00e1n en el Kempes"},"content":{"rendered":"<div>\n<figure class=\"mb-3\"><img decoding=\"async\" src=\"https:\/\/www.telam.com.ar\/thumbs\/bluesteel\/advf\/imagenes\/2023\/08\/64ea8a8e8966b_1200.jpg\" class=\" lazy \" width=\"100%\" height=\"100%\" alt=\"Foto Laura Lescano\"\/><figcaption> Foto: Laura Lescano. <\/figcaption><\/figure>\n<p>Los cordobeses anotaron por intermedio de Nahuel Bustos, a los 41 minutos del primer tiempo, y por el zaguero Juan Gabriel Rodr\u00edguez a los 43 del complemento, en tanto que el uruguayo Mat\u00edas C\u00f3ccaro (43m. PT) le hab\u00eda dado el empate transitorio al visitante.<\/p>\n<p>Talleres prosigue con su buen andar y alcanz\u00f3 los seis puntos, para equilibrar a Col\u00f3n de Santa Fe en la primera posici\u00f3n de la zona, en tanto que los de Parque Patricios quedaron con tres unidades, aunque contin\u00faan sumergidos entre los \u00faltimos equipos de la tabla anual, en la que tienen 28 unidades y comparten con Independiente la pen\u00faltima posici\u00f3n.<\/p>\n<p>La \u2018T\u2019 domin\u00f3 en el primer tiempo, con un muy buen trabajo de Rodrigo Villagra en la recuperaci\u00f3n y de Ulises Ortegoza en la distribuci\u00f3n de juego. Adem\u00e1s hubo mucha participaci\u00f3n del siempre peligroso Ram\u00f3n Sosa, pero el paraguayo no estuvo fino en el toque final y no hubo conexi\u00f3n \u00f3ptima con Bustos.<\/p>\n<p>El \u2018Globo\u2019 esperaba en su campo para salir de contra, pero C\u00f3ccaro se encontraba muy solo para buscar superar a la s\u00f3lida defensa local.<\/p>\n<p>Un tiro de Ortegoza a la salida de un c\u00f3rner que tap\u00f3 con lo justo Guillermo Ben\u00edtez y sac\u00f3 por arriba del travesa\u00f1o fue la \u00fanica chance clara que hab\u00eda tenido la \u2018T\u2019, hasta que encontr\u00f3 el espacio a los 41 minutos, cuando Gast\u00f3n Benav\u00eddez lleg\u00f3 al fondo y toc\u00f3 atr\u00e1s para la llegada del juvenil Diego Barrera, quien remat\u00f3 con destino de gol, y sobre la l\u00ednea la toc\u00f3 Bustos para asegurar la conquista y establecer el 1 a 0.<\/p>\n<p><figure class=\"mb-3\"><img decoding=\"async\" src=\"https:\/\/www.telam.com.ar\/thumbs\/bluesteel\/advf\/imagenes\/2023\/08\/64ea8a8ed08b0_1200.jpg\" class=\" lazy \" width=\"100%\" height=\"100%\" alt=\"Foto Laura Lescano\"\/><figcaption> Foto: Laura Lescano. <\/figcaption><\/figure>\n<\/p>\n<p>Se viv\u00eda el festejo a pleno en el Kempes y lleg\u00f3 la r\u00e1pida reacci\u00f3n del \u2018Globo\u2019, que hilvan\u00f3 una buena acci\u00f3n por izquierda. H\u00e9ctor F\u00e9rtoli mand\u00f3 un buen centro pasado para la llegada de C\u00f3ccaro, quien super\u00f3 en el aire a su marcador y con un potente frentazo puso el empate apenas dos minutos m\u00e1s tarde.<\/p>\n<p>El complemento fue de desarrollo mucho m\u00e1s parejo, e incluso el visitante control\u00f3 el juego en varios pasajes y hasta se anim\u00f3 a ir en b\u00fasqueda de los tres puntos. El elenco de Parque Patricios dispuso de una opci\u00f3n muy clara con un tiro del ingresado Walter Mazzanti que contuvo en gran acci\u00f3n Guido Herrera.<\/p>\n<p>No era una buena noche de la \u2018T\u2019, aunque el ingreso de Rodrigo Garro le dio algo de claridad, pero solamente hubo arrestos individuales lejos del \u00e1rea rival.<\/p>\n<p>Ninguno se conformaba con el resultado, pero tampoco encontraban c\u00f3mo vulnerar las defensas, hasta que apareci\u00f3 Rodr\u00edguez, que sorprendi\u00f3 a todos y en una escalada por el mediocampo sac\u00f3 un potente remate de larga distancia que se col\u00f3 junto al palo derecho de Lucas Chaves, para darle el 2 a 1 a Talleres y otros tres puntos que lo dejan en la cima de la zona A.<\/p>\n<p>En otro orden, el lateral Julio Buffarini, quien estuvo en el banco de suplentes y no ingreso, rescindir\u00e1 en los pr\u00f3ximos d\u00edas su contrato. El exjugador de Boca Juniors y San Lorenzo recibi\u00f3 aplausos de parte de la parcialidad albiazul, mientras que sus compa\u00f1eros lo llevaron en andas una vez finalizado el cotejo.<\/p>\n<p>Esta semana Talleres tendr\u00e1 que enfrentar el mi\u00e9rcoles a Col\u00f3n por Copa Argentina, y por la Copa de la Liga visitar\u00e1 el domingo 3 de septiembre a Rosario Central, en tanto que el \u2018Globo\u2019 recibir\u00e1 al \u2018Sabalero\u2019 por la tercera fecha de este certamen de Primera Divisi\u00f3n, el s\u00e1bado 2.<\/p>\n<p><iframe loading=\"lazy\" src=\"https:\/\/estdeportes.telam.com.ar\/html\/v3\/minapp\/modules\/futbol\/gamecast\/gamecast.html?channel=deportes.futbol.copalpf.643436&amp;lang=es_LA&amp;page=gamecast&amp;hidePagesMenu=true\" width=\"100%\" height=\"1150\" scrolling=\"auto\" style=\"width: 1px; min-width: 100%; *width: 100%;\" class=\"\"><\/iframe> <\/p>\n<\/div>\n<p><script async defer crossorigin=\"anonymous\" src=\"https:\/\/connect.facebook.net\/es_LA\/sdk.js#xfbml=1&#038;version=v12.0\" nonce=\"SBlHQzIF\"><\/script><br \/><a href=\"https:\/\/www.telam.com.ar\/notas\/202308\/638198-futbol-copa-liga-talleres-cordoba-huracan-parque-patricios.html\">source<\/a><\/p>\n","protected":false},"excerpt":{"rendered":"<p>Foto: Laura Lescano. Los cordobeses anotaron por intermedio de Nahuel Bustos, a los 41 minutos&#8230;<\/p>\n","protected":false},"author":3,"featured_media":9719,"comment_status":"closed","ping_status":"closed","sticky":false,"template":"","format":"standard","meta":{"footnotes":""},"categories":[21],"tags":[],"class_list":["post-9718","post","type-post","status-publish","format-standard","has-post-thumbnail","hentry","category-deportes"],"featured_image_urls":{"full":["https:\/\/fmamiga909.com.ar\/wp-content\/uploads\/2023\/08\/wp-header-logo-95.png",1200,675,false],"thumbnail":["https:\/\/fmamiga909.com.ar\/wp-content\/uploads\/2023\/08\/wp-header-logo-95-150x150.png",150,150,true],"medium":["https:\/\/fmamiga909.com.ar\/wp-content\/uploads\/2023\/08\/wp-header-logo-95-300x169.png",300,169,true],"medium_large":["https:\/\/fmamiga909.com.ar\/wp-content\/uploads\/2023\/08\/wp-header-logo-95.png",1200,675,false],"large":["https:\/\/fmamiga909.com.ar\/wp-content\/uploads\/2023\/08\/wp-header-logo-95-1024x576.png",640,360,true],"1536x1536":["https:\/\/fmamiga909.com.ar\/wp-content\/uploads\/2023\/08\/wp-header-logo-95.png",1200,675,false],"2048x2048":["https:\/\/fmamiga909.com.ar\/wp-content\/uploads\/2023\/08\/wp-header-logo-95.png",1200,675,false],"newsium-slider-full":["https:\/\/fmamiga909.com.ar\/wp-content\/uploads\/2023\/08\/wp-header-logo-95.png",1200,675,false],"newsium-featured":["https:\/\/fmamiga909.com.ar\/wp-content\/uploads\/2023\/08\/wp-header-logo-95-1024x576.png",1024,576,true],"newsium-medium":["https:\/\/fmamiga909.com.ar\/wp-content\/uploads\/2023\/08\/wp-header-logo-95-720x475.png",720,475,true]},"author_info":{"display_name":"Fredy Giuliano","author_link":"https:\/\/fmamiga909.com.ar\/?author=3"},"category_info":"<a href=\"https:\/\/fmamiga909.com.ar\/?cat=21\" rel=\"category\">Deportes<\/a>","tag_info":"Deportes","comment_count":"0","_links":{"self":[{"href":"https:\/\/fmamiga909.com.ar\/index.php?rest_route=\/wp\/v2\/posts\/9718","targetHints":{"allow":["GET"]}}],"collection":[{"href":"https:\/\/fmamiga909.com.ar\/index.php?rest_route=\/wp\/v2\/posts"}],"about":[{"href":"https:\/\/fmamiga909.com.ar\/index.php?rest_route=\/wp\/v2\/types\/post"}],"author":[{"embeddable":true,"href":"https:\/\/fmamiga909.com.ar\/index.php?rest_route=\/wp\/v2\/users\/3"}],"replies":[{"embeddable":true,"href":"https:\/\/fmamiga909.com.ar\/index.php?rest_route=%2Fwp%2Fv2%2Fcomments&post=9718"}],"version-history":[{"count":0,"href":"https:\/\/fmamiga909.com.ar\/index.php?rest_route=\/wp\/v2\/posts\/9718\/revisions"}],"wp:featuredmedia":[{"embeddable":true,"href":"https:\/\/fmamiga909.com.ar\/index.php?rest_route=\/wp\/v2\/media\/9719"}],"wp:attachment":[{"href":"https:\/\/fmamiga909.com.ar\/index.php?rest_route=%2Fwp%2Fv2%2Fmedia&parent=9718"}],"wp:term":[{"taxonomy":"category","embeddable":true,"href":"https:\/\/fmamiga909.com.ar\/index.php?rest_route=%2Fwp%2Fv2%2Fcategories&post=9718"},{"taxonomy":"post_tag","embeddable":true,"href":"https:\/\/fmamiga909.com.ar\/index.php?rest_route=%2Fwp%2Fv2%2Ftags&post=9718"}],"curies":[{"name":"wp","href":"https:\/\/api.w.org\/{rel}","templated":true}]}}