{"id":9722,"date":"2023-08-28T09:14:10","date_gmt":"2023-08-28T09:14:10","guid":{"rendered":"https:\/\/fmamiga909.com.ar\/?p=9722"},"modified":"2023-08-28T09:14:10","modified_gmt":"2023-08-28T09:14:10","slug":"menotti-fue-internado-por-un-accidente-domestico","status":"publish","type":"post","link":"https:\/\/fmamiga909.com.ar\/?p=9722","title":{"rendered":"Menotti fue internado por un accidente dom\u00e9stico"},"content":{"rendered":"<div>\n<figure class=\"mb-3\"><img decoding=\"async\" src=\"https:\/\/www.telam.com.ar\/thumbs\/bluesteel\/advf\/imagenes\/2022\/07\/62cdc99b63b9c_1200.jpg\" class=\" lazy \" width=\"100%\" height=\"100%\" alt=\"Foto Ral Ferrari \"\/><figcaption> Foto Ra\u00fal Ferrari. <\/figcaption><\/figure>\n<p> C\u00e9sar Luis Menotti debi\u00f3 ser internado en las \u00faltimas horas en un hospital porte\u00f1o a ra\u00edz de un accidente dom\u00e9stico provocado a partir de una ca\u00edda en su domicilio, pero por el momento todo no fue m\u00e1s que \u00abun susto\u00bb, seg\u00fan anticiparon sus allegados.<\/p>\n<p>La ca\u00edda le habr\u00eda provocado una hemorragia interna que oblig\u00f3 a su internaci\u00f3n, pero estas mismas fuentes apuntaron a T\u00e9lam que hay hermetismo en su familia en torno a los plazos de recuperaci\u00f3n.<\/p>\n<p>Menotti, que cumplir\u00e1 85 a\u00f1os el 22 de octubre, seg\u00fan \u00e9l, o el 5 de noviembre, seg\u00fan reza su documento de identidad, es el director de selecciones nacionales y fue el mentor de la llegada de Lionel Scaloni a la direcci\u00f3n t\u00e9cnica del seleccionado argentino.<\/p>\n<p>Las primeras noticias al respecto partieron de un periodista mexicano a trav\u00e9s de la red social twitter y, como siempre ocurre, algunos medios se hicieron eco del mismo, ya que mencionaba un \u00abdelicado estado de salud\u00bb del \u00abFlaco\u00bb. <\/p>\n<\/div>\n<p><script async defer crossorigin=\"anonymous\" src=\"https:\/\/connect.facebook.net\/es_LA\/sdk.js#xfbml=1&#038;version=v12.0\" nonce=\"SBlHQzIF\"><\/script><br \/><a href=\"https:\/\/www.telam.com.ar\/notas\/202308\/638336-menotti-internado-accidente-domestico.html\">source<\/a><\/p>\n","protected":false},"excerpt":{"rendered":"<p>Foto Ra\u00fal Ferrari. C\u00e9sar Luis Menotti debi\u00f3 ser internado en las \u00faltimas horas en un&#8230;<\/p>\n","protected":false},"author":3,"featured_media":9723,"comment_status":"closed","ping_status":"closed","sticky":false,"template":"","format":"standard","meta":{"footnotes":""},"categories":[21],"tags":[],"class_list":["post-9722","post","type-post","status-publish","format-standard","has-post-thumbnail","hentry","category-deportes"],"featured_image_urls":{"full":["https:\/\/fmamiga909.com.ar\/wp-content\/uploads\/2023\/08\/wp-header-logo-97.png",1200,675,false],"thumbnail":["https:\/\/fmamiga909.com.ar\/wp-content\/uploads\/2023\/08\/wp-header-logo-97-150x150.png",150,150,true],"medium":["https:\/\/fmamiga909.com.ar\/wp-content\/uploads\/2023\/08\/wp-header-logo-97-300x169.png",300,169,true],"medium_large":["https:\/\/fmamiga909.com.ar\/wp-content\/uploads\/2023\/08\/wp-header-logo-97.png",1200,675,false],"large":["https:\/\/fmamiga909.com.ar\/wp-content\/uploads\/2023\/08\/wp-header-logo-97-1024x576.png",640,360,true],"1536x1536":["https:\/\/fmamiga909.com.ar\/wp-content\/uploads\/2023\/08\/wp-header-logo-97.png",1200,675,false],"2048x2048":["https:\/\/fmamiga909.com.ar\/wp-content\/uploads\/2023\/08\/wp-header-logo-97.png",1200,675,false],"newsium-slider-full":["https:\/\/fmamiga909.com.ar\/wp-content\/uploads\/2023\/08\/wp-header-logo-97.png",1200,675,false],"newsium-featured":["https:\/\/fmamiga909.com.ar\/wp-content\/uploads\/2023\/08\/wp-header-logo-97-1024x576.png",1024,576,true],"newsium-medium":["https:\/\/fmamiga909.com.ar\/wp-content\/uploads\/2023\/08\/wp-header-logo-97-720x475.png",720,475,true]},"author_info":{"display_name":"Fredy Giuliano","author_link":"https:\/\/fmamiga909.com.ar\/?author=3"},"category_info":"<a href=\"https:\/\/fmamiga909.com.ar\/?cat=21\" rel=\"category\">Deportes<\/a>","tag_info":"Deportes","comment_count":"0","_links":{"self":[{"href":"https:\/\/fmamiga909.com.ar\/index.php?rest_route=\/wp\/v2\/posts\/9722","targetHints":{"allow":["GET"]}}],"collection":[{"href":"https:\/\/fmamiga909.com.ar\/index.php?rest_route=\/wp\/v2\/posts"}],"about":[{"href":"https:\/\/fmamiga909.com.ar\/index.php?rest_route=\/wp\/v2\/types\/post"}],"author":[{"embeddable":true,"href":"https:\/\/fmamiga909.com.ar\/index.php?rest_route=\/wp\/v2\/users\/3"}],"replies":[{"embeddable":true,"href":"https:\/\/fmamiga909.com.ar\/index.php?rest_route=%2Fwp%2Fv2%2Fcomments&post=9722"}],"version-history":[{"count":0,"href":"https:\/\/fmamiga909.com.ar\/index.php?rest_route=\/wp\/v2\/posts\/9722\/revisions"}],"wp:featuredmedia":[{"embeddable":true,"href":"https:\/\/fmamiga909.com.ar\/index.php?rest_route=\/wp\/v2\/media\/9723"}],"wp:attachment":[{"href":"https:\/\/fmamiga909.com.ar\/index.php?rest_route=%2Fwp%2Fv2%2Fmedia&parent=9722"}],"wp:term":[{"taxonomy":"category","embeddable":true,"href":"https:\/\/fmamiga909.com.ar\/index.php?rest_route=%2Fwp%2Fv2%2Fcategories&post=9722"},{"taxonomy":"post_tag","embeddable":true,"href":"https:\/\/fmamiga909.com.ar\/index.php?rest_route=%2Fwp%2Fv2%2Ftags&post=9722"}],"curies":[{"name":"wp","href":"https:\/\/api.w.org\/{rel}","templated":true}]}}