{"id":9724,"date":"2023-08-28T17:28:30","date_gmt":"2023-08-28T17:28:30","guid":{"rendered":"https:\/\/fmamiga909.com.ar\/?p=9724"},"modified":"2023-08-28T17:28:30","modified_gmt":"2023-08-28T17:28:30","slug":"roberto-mancini-es-el-nuevo-entrenador-de-arabia-saudita","status":"publish","type":"post","link":"https:\/\/fmamiga909.com.ar\/?p=9724","title":{"rendered":"Roberto Mancini es el nuevo entrenador de Arabia Saudita"},"content":{"rendered":"<div>\n<figure class=\"mb-3\"><img decoding=\"async\" src=\"https:\/\/www.telam.com.ar\/thumbs\/bluesteel\/advf\/imagenes\/2023\/08\/64eca0d6b03dd_1200.jpg\" class=\" lazy \" width=\"100%\" height=\"100%\" alt=\"Mancini dt Arabia Foto TWrobymancio\"\/><figcaption> Mancini dt Arabia. \/ Foto: TW@robymancio. <\/figcaption><\/figure>\n<p><strong>El italiano<\/strong> Roberto Mancini<strong> fue oficializado como nuevo entrenador del seleccionado de Arabia Saudita, a dos semanas de su sorpresiva renuncia a la \u00abAzzurra\u00bb.<\/strong><\/p>\n<p><strong>El experimentado DT firmar\u00e1 un contrato por cuatro a\u00f1os por un impactante salario de 25 millones de euros anuales<\/strong>, seg\u00fan revel\u00f3 La Gazzetta dello Sport.<\/p>\n<p>\u00abMe siento encantado y honrado de haber sido seleccionado para un puesto tan prestigioso, como muestra de agradecimiento y reconocimiento por todo el trabajo realizado durante estos a\u00f1os\u00bb, expres\u00f3 Mancini en sus redes sociales junto al video que le arm\u00f3 la Federaci\u00f3n Saud\u00ed para su presentaci\u00f3n.<\/p>\n<blockquote class=\"twitter-tweet\">\n<p lang=\"en\" dir=\"ltr\">I am excited to announce that I am joining the Saudi Arabia Football Federation as Head Coach of the National Team. I am delighted and honored to have been selected for such prestigious role, as a sign of appreciation and recognition for all the work done during these years. <a href=\"https:\/\/t.co\/lW2pF0rVar\">pic.twitter.com\/lW2pF0rVar<\/a><\/p>\n<p>\u2014 Roberto Mancini (@robymancio) <a href=\"https:\/\/twitter.com\/robymancio\/status\/1695889572008243487?ref_src=twsrc%5Etfw\">August 27, 2023<\/a><\/p><\/blockquote>\n<p> El debut de Mancini al mando del equipo que cort\u00f3 el invicto del seleccionado argentino en el Mundial de Qatar 2022 ser\u00e1 el 21 de noviembre ante Jordania por las Eliminatorias Asi\u00e1ticas.<\/p>\n<p>El principal objetivo ser\u00e1 la Copa Asi\u00e1tica que se disputar\u00e1 en Qatar a partir del 16 de enero de 2024.<\/p>\n<p><strong>Mancini renunci\u00f3 sorpresivamente al seleccionado italiano aunque luego se despach\u00f3 con duras cr\u00edticas al presidente de la Federaci\u00f3n<\/strong>, Gabriele Gravina.<\/p>\n<p>En Italia conquist\u00f3 la \u00faltima Eurocopa pero no pudo clasificar al Mundial de Qatar y perdi\u00f3 la Finalissima contra Argentina. <\/p>\n<\/div>\n<p><script async src=\"\/\/platform.twitter.com\/widgets.js\" charset=\"utf-8\"><\/script><script async defer crossorigin=\"anonymous\" src=\"https:\/\/connect.facebook.net\/es_LA\/sdk.js#xfbml=1&#038;version=v12.0\" nonce=\"SBlHQzIF\"><\/script><br \/><a href=\"https:\/\/www.telam.com.ar\/notas\/202308\/638351-futbol-seleccionado-arabia-saudita-roberto-mancini-renuncia-azurra.html\">source<\/a><\/p>\n","protected":false},"excerpt":{"rendered":"<p>Mancini dt Arabia. \/ Foto: TW@robymancio. El italiano Roberto Mancini fue oficializado como nuevo entrenador&#8230;<\/p>\n","protected":false},"author":3,"featured_media":9725,"comment_status":"closed","ping_status":"closed","sticky":false,"template":"","format":"standard","meta":{"footnotes":""},"categories":[21],"tags":[],"class_list":["post-9724","post","type-post","status-publish","format-standard","has-post-thumbnail","hentry","category-deportes"],"featured_image_urls":{"full":["https:\/\/fmamiga909.com.ar\/wp-content\/uploads\/2023\/08\/wp-header-logo-98.png",1200,675,false],"thumbnail":["https:\/\/fmamiga909.com.ar\/wp-content\/uploads\/2023\/08\/wp-header-logo-98-150x150.png",150,150,true],"medium":["https:\/\/fmamiga909.com.ar\/wp-content\/uploads\/2023\/08\/wp-header-logo-98-300x169.png",300,169,true],"medium_large":["https:\/\/fmamiga909.com.ar\/wp-content\/uploads\/2023\/08\/wp-header-logo-98.png",1200,675,false],"large":["https:\/\/fmamiga909.com.ar\/wp-content\/uploads\/2023\/08\/wp-header-logo-98-1024x576.png",640,360,true],"1536x1536":["https:\/\/fmamiga909.com.ar\/wp-content\/uploads\/2023\/08\/wp-header-logo-98.png",1200,675,false],"2048x2048":["https:\/\/fmamiga909.com.ar\/wp-content\/uploads\/2023\/08\/wp-header-logo-98.png",1200,675,false],"newsium-slider-full":["https:\/\/fmamiga909.com.ar\/wp-content\/uploads\/2023\/08\/wp-header-logo-98.png",1200,675,false],"newsium-featured":["https:\/\/fmamiga909.com.ar\/wp-content\/uploads\/2023\/08\/wp-header-logo-98-1024x576.png",1024,576,true],"newsium-medium":["https:\/\/fmamiga909.com.ar\/wp-content\/uploads\/2023\/08\/wp-header-logo-98-720x475.png",720,475,true]},"author_info":{"display_name":"Fredy Giuliano","author_link":"https:\/\/fmamiga909.com.ar\/?author=3"},"category_info":"<a href=\"https:\/\/fmamiga909.com.ar\/?cat=21\" rel=\"category\">Deportes<\/a>","tag_info":"Deportes","comment_count":"0","_links":{"self":[{"href":"https:\/\/fmamiga909.com.ar\/index.php?rest_route=\/wp\/v2\/posts\/9724","targetHints":{"allow":["GET"]}}],"collection":[{"href":"https:\/\/fmamiga909.com.ar\/index.php?rest_route=\/wp\/v2\/posts"}],"about":[{"href":"https:\/\/fmamiga909.com.ar\/index.php?rest_route=\/wp\/v2\/types\/post"}],"author":[{"embeddable":true,"href":"https:\/\/fmamiga909.com.ar\/index.php?rest_route=\/wp\/v2\/users\/3"}],"replies":[{"embeddable":true,"href":"https:\/\/fmamiga909.com.ar\/index.php?rest_route=%2Fwp%2Fv2%2Fcomments&post=9724"}],"version-history":[{"count":0,"href":"https:\/\/fmamiga909.com.ar\/index.php?rest_route=\/wp\/v2\/posts\/9724\/revisions"}],"wp:featuredmedia":[{"embeddable":true,"href":"https:\/\/fmamiga909.com.ar\/index.php?rest_route=\/wp\/v2\/media\/9725"}],"wp:attachment":[{"href":"https:\/\/fmamiga909.com.ar\/index.php?rest_route=%2Fwp%2Fv2%2Fmedia&parent=9724"}],"wp:term":[{"taxonomy":"category","embeddable":true,"href":"https:\/\/fmamiga909.com.ar\/index.php?rest_route=%2Fwp%2Fv2%2Fcategories&post=9724"},{"taxonomy":"post_tag","embeddable":true,"href":"https:\/\/fmamiga909.com.ar\/index.php?rest_route=%2Fwp%2Fv2%2Ftags&post=9724"}],"curies":[{"name":"wp","href":"https:\/\/api.w.org\/{rel}","templated":true}]}}