{"id":9726,"date":"2023-08-28T19:28:41","date_gmt":"2023-08-28T19:28:41","guid":{"rendered":"https:\/\/fmamiga909.com.ar\/?p=9726"},"modified":"2023-08-28T19:28:41","modified_gmt":"2023-08-28T19:28:41","slug":"regatas-riachuelo-olimpico-y-platense-jugaran-el-torneo-interligas-desde-septiembre","status":"publish","type":"post","link":"https:\/\/fmamiga909.com.ar\/?p=9726","title":{"rendered":"Regatas, Riachuelo, Ol\u00edmpico y Platense jugar\u00e1n el torneo Interligas desde septiembre"},"content":{"rendered":"<div>\n<figure class=\"mb-3\"><img decoding=\"async\" src=\"https:\/\/www.telam.com.ar\/thumbs\/bluesteel\/advf\/imagenes\/2023\/08\/64ecb430a8547_1200.jpg\" class=\" lazy \" width=\"100%\" height=\"100%\" alt=\"Selem Safar jugador Regatas de Corrientes Foto TWSelemSafar\"\/><figcaption> Selem Safar jugador Regatas de Corrientes. \/ Foto: TW@SelemSafar. <\/figcaption><\/figure>\n<p> Los equipos de Regatas Corrientes, Riachuelo de La Rioja, Ol\u00edmpico de La Banda y Platense ser\u00e1n los representantes del b\u00e1squetbol argentino en el Torneo Interligas, que comenzar\u00e1 el pr\u00f3ximo 15 de septiembre con otros cuatro clubes de Brasil.<\/p>\n<p>La competencia binacional se desarrollar\u00e1 en dos sedes, Corrientes y San Pablo, y ser\u00e1 transmitida por la plataforma digital B\u00e1squet Pass.<\/p>\n<p>En la casa de Regatas, el local competir\u00e1 con Riachuelo, San Jos\u00e9 y Pato Basquete; mientras que Ol\u00edmpico y Platense viajar\u00e1n hasta la sede de Pinheiros para medirse con el anfitri\u00f3n y Corinthians.<\/p>\n<blockquote class=\"twitter-tweet\">\n<p lang=\"es\" dir=\"ltr\">\ud83e\udd91 La importancia de jugar el Torneo Interligas para <a href=\"https:\/\/twitter.com\/basquetplatense?ref_src=twsrc%5Etfw\">@basquetplatense<\/a> por el Cholo V\u00e1zquez, su entrenador \ud83d\udde3\ufe0f<a href=\"https:\/\/t.co\/de9LIOIHMF\">pic.twitter.com\/de9LIOIHMF<\/a><\/p>\n<p>\u2014 La Liga (@LigaNacional) <a href=\"https:\/\/twitter.com\/LigaNacional\/status\/1695808746981601469?ref_src=twsrc%5Etfw\">August 27, 2023<\/a><\/p><\/blockquote>\n<p> La fase de grupos se desarrollar\u00e1 entre el 15 y 17 de septiembre y los ganadores de cada zona disputar\u00e1n la final el lunes 25.<\/p>\n<p>En plena pretemporada, los clubes de la Liga Nacional de B\u00e1squetbol (LNB) definen la conformaci\u00f3n de sus planteles para el inicio de la competencia oficial. Regatas, conducido por Fernando Calvi, sum\u00f3 a Xavier Carreras, Selem Safar, el pivote Gary McGhee y Franco Vieta.<\/p>\n<p>Riachuelo se asegur\u00f3 a Nicol\u00e1s De los Santos e incorpor\u00f3 a V\u00edctor Fern\u00e1ndez, Jonathan Maldonado, Mateo Beigier, Andr\u00e9s Ibarguen, Francisco Conrradi y Anthony Young.<\/p>\n<blockquote class=\"twitter-tweet\">\n<p lang=\"es\" dir=\"ltr\">\ud83d\udd1b \u00a1Todo listo para el Torneo Interligas!<\/p>\n<p>\ud83c\udfc0 Regatas, Riachuelo, Ol\u00edmpico y Platense jugar\u00e1n el certamen junto a los equipos de la <a href=\"https:\/\/twitter.com\/NBB?ref_src=twsrc%5Etfw\">@NBB<\/a> \ud83c\udde7\ud83c\uddf7<\/p>\n<p>\ud83d\uddd3\ufe0f Comenzar\u00e1 el 15\/09 y Corrientes y Sao Paulo ser\u00e1n las sedes. Lo transmitir\u00e1 <a href=\"https:\/\/twitter.com\/basquetpasstv?ref_src=twsrc%5Etfw\">@basquetpasstv<\/a> <\/p>\n<p>\ud83d\udd17 M\u00e1s info en <a href=\"https:\/\/t.co\/vE9MXl2zPp\">https:\/\/t.co\/vE9MXl2zPp<\/a> <a href=\"https:\/\/t.co\/F3lJDU9N0Q\">pic.twitter.com\/F3lJDU9N0Q<\/a><\/p>\n<p>\u2014 La Liga (@LigaNacional) <a href=\"https:\/\/twitter.com\/LigaNacional\/status\/1695091072257462636?ref_src=twsrc%5Etfw\">August 25, 2023<\/a><\/p><\/blockquote>\n<p> Por su lado, Ol\u00edmpico se reforz\u00f3 con Nicol\u00e1s Romano, Nicol\u00e1s \u00abPenka\u00bb Aguirre, Jonathan Machuca, Juan Pablo Arengo, Tom\u00e1s Zanzottera, Phillip Lockett, Devon Collier y Hern\u00e1n Losito.<\/p>\n<p>Y Platense anunci\u00f3 la llegada del armador uruguayo Manuel Mayora, el pivote brasile\u00f1o Pedro Ianguas y el base Eric Flor. <\/p>\n<\/div>\n<p><script async src=\"\/\/platform.twitter.com\/widgets.js\" charset=\"utf-8\"><\/script><script async defer crossorigin=\"anonymous\" src=\"https:\/\/connect.facebook.net\/es_LA\/sdk.js#xfbml=1&#038;version=v12.0\" nonce=\"SBlHQzIF\"><\/script><br \/><a href=\"https:\/\/www.telam.com.ar\/notas\/202308\/638360-basquetbol-torneo-interligas-cabb-riachuelo-corrientes-platense-santiago-del-estero.html\">source<\/a><\/p>\n","protected":false},"excerpt":{"rendered":"<p>Selem Safar jugador Regatas de Corrientes. \/ Foto: TW@SelemSafar. Los equipos de Regatas Corrientes, Riachuelo&#8230;<\/p>\n","protected":false},"author":3,"featured_media":9727,"comment_status":"closed","ping_status":"closed","sticky":false,"template":"","format":"standard","meta":{"footnotes":""},"categories":[21],"tags":[],"class_list":["post-9726","post","type-post","status-publish","format-standard","has-post-thumbnail","hentry","category-deportes"],"featured_image_urls":{"full":["https:\/\/fmamiga909.com.ar\/wp-content\/uploads\/2023\/08\/wp-header-logo-99.png",1200,675,false],"thumbnail":["https:\/\/fmamiga909.com.ar\/wp-content\/uploads\/2023\/08\/wp-header-logo-99-150x150.png",150,150,true],"medium":["https:\/\/fmamiga909.com.ar\/wp-content\/uploads\/2023\/08\/wp-header-logo-99-300x169.png",300,169,true],"medium_large":["https:\/\/fmamiga909.com.ar\/wp-content\/uploads\/2023\/08\/wp-header-logo-99.png",1200,675,false],"large":["https:\/\/fmamiga909.com.ar\/wp-content\/uploads\/2023\/08\/wp-header-logo-99-1024x576.png",640,360,true],"1536x1536":["https:\/\/fmamiga909.com.ar\/wp-content\/uploads\/2023\/08\/wp-header-logo-99.png",1200,675,false],"2048x2048":["https:\/\/fmamiga909.com.ar\/wp-content\/uploads\/2023\/08\/wp-header-logo-99.png",1200,675,false],"newsium-slider-full":["https:\/\/fmamiga909.com.ar\/wp-content\/uploads\/2023\/08\/wp-header-logo-99.png",1200,675,false],"newsium-featured":["https:\/\/fmamiga909.com.ar\/wp-content\/uploads\/2023\/08\/wp-header-logo-99-1024x576.png",1024,576,true],"newsium-medium":["https:\/\/fmamiga909.com.ar\/wp-content\/uploads\/2023\/08\/wp-header-logo-99-720x475.png",720,475,true]},"author_info":{"display_name":"Fredy Giuliano","author_link":"https:\/\/fmamiga909.com.ar\/?author=3"},"category_info":"<a href=\"https:\/\/fmamiga909.com.ar\/?cat=21\" rel=\"category\">Deportes<\/a>","tag_info":"Deportes","comment_count":"0","_links":{"self":[{"href":"https:\/\/fmamiga909.com.ar\/index.php?rest_route=\/wp\/v2\/posts\/9726","targetHints":{"allow":["GET"]}}],"collection":[{"href":"https:\/\/fmamiga909.com.ar\/index.php?rest_route=\/wp\/v2\/posts"}],"about":[{"href":"https:\/\/fmamiga909.com.ar\/index.php?rest_route=\/wp\/v2\/types\/post"}],"author":[{"embeddable":true,"href":"https:\/\/fmamiga909.com.ar\/index.php?rest_route=\/wp\/v2\/users\/3"}],"replies":[{"embeddable":true,"href":"https:\/\/fmamiga909.com.ar\/index.php?rest_route=%2Fwp%2Fv2%2Fcomments&post=9726"}],"version-history":[{"count":0,"href":"https:\/\/fmamiga909.com.ar\/index.php?rest_route=\/wp\/v2\/posts\/9726\/revisions"}],"wp:featuredmedia":[{"embeddable":true,"href":"https:\/\/fmamiga909.com.ar\/index.php?rest_route=\/wp\/v2\/media\/9727"}],"wp:attachment":[{"href":"https:\/\/fmamiga909.com.ar\/index.php?rest_route=%2Fwp%2Fv2%2Fmedia&parent=9726"}],"wp:term":[{"taxonomy":"category","embeddable":true,"href":"https:\/\/fmamiga909.com.ar\/index.php?rest_route=%2Fwp%2Fv2%2Fcategories&post=9726"},{"taxonomy":"post_tag","embeddable":true,"href":"https:\/\/fmamiga909.com.ar\/index.php?rest_route=%2Fwp%2Fv2%2Ftags&post=9726"}],"curies":[{"name":"wp","href":"https:\/\/api.w.org\/{rel}","templated":true}]}}