{"id":9748,"date":"2023-08-29T18:06:02","date_gmt":"2023-08-29T18:06:02","guid":{"rendered":"https:\/\/fmamiga909.com.ar\/?p=9748"},"modified":"2023-08-29T18:06:04","modified_gmt":"2023-08-29T18:06:04","slug":"la-provincia-incremento-el-limite-de-reintegro-de-billetera-santa-fe","status":"publish","type":"post","link":"https:\/\/fmamiga909.com.ar\/?p=9748","title":{"rendered":"La provincia increment\u00f3 el l\u00edmite de reintegro de Billetera Santa Fe"},"content":{"rendered":"\n<h1 class=\"wp-block-heading\" style=\"text-transform:none\"><\/h1>\n\n\n\n<figure class=\"wp-block-table\"><table><tbody><tr><td><\/td><\/tr><\/tbody><\/table><figcaption class=\"wp-element-caption\">El Gobierno Provincial dispuso un incremento en el l\u00edmite de reintegro del Programa Billetera Santa Fe. Dicho monto pasar\u00e1 de los $ 5.000 actuales a $ 8.000. El aumento dispuesto tendr\u00e1 vigencia desde el 2 de septiembre hasta el 30 de noviembre del corriente a\u00f1o.<br>Billetera Santa Fe es un programa de beneficios dispuesto por la Provincia de Santa Fe,\u00a0<strong>para incentivar la demanda de bienes y\/o servicios<\/strong>\u00a0mediante el otorgamiento de reintegros de dinero a consumidores finales, por las compras que estos realicen en comercios radicados en la Provincia de Santa Fe que se hayan adherido al Programa.<br>Teniendo en cuenta la situaci\u00f3n derivada de la reciente devaluaci\u00f3n y su impacto en el nivel general de precios,\u00a0<strong>se entendi\u00f3 conveniente realizar esta adecuaci\u00f3n por el per\u00edodo se\u00f1alado, destacaron fuentes del Gobierno Provincial.\u00a0<\/strong><br>El Programa fue creado por Decreto N\u00b0 2359\/20\u00a0<strong>con el objetivo de mejorar los ingresos de la poblaci\u00f3n, incentivar el consumo de bienes y servicios<\/strong>\u00a0en la Provincia, atenuando los efectos econ\u00f3micos adversos producidos por la pandemia del Covid-19, fomentando la inclusi\u00f3n de sectores de la poblaci\u00f3n habitualmente excluidos del circuito financiero, acerc\u00e1ndolos a nuevas herramientas de pago m\u00e1s seguras.\u00a0<br>Actualmente,<strong>\u00a0Billetera Santa Fe cuenta con 1.756.899 beneficiarios que representan el 66% de la poblaci\u00f3n mayor de 18 a\u00f1os.<\/strong>\u00a0Asimismo, los comercios adheridos\u00a0<strong>ascienden a 37.517.\u00a0<\/strong><\/figcaption><\/figure>\n","protected":false},"excerpt":{"rendered":"<p>El Gobierno Provincial dispuso un incremento en el l\u00edmite de reintegro del Programa Billetera Santa&#8230;<\/p>\n","protected":false},"author":3,"featured_media":9749,"comment_status":"closed","ping_status":"closed","sticky":false,"template":"","format":"standard","meta":{"footnotes":""},"categories":[20,3],"tags":[],"class_list":["post-9748","post","type-post","status-publish","format-standard","has-post-thumbnail","hentry","category-entrevistas","category-noticias"],"featured_image_urls":{"full":["https:\/\/fmamiga909.com.ar\/wp-content\/uploads\/2023\/08\/bille.jpg",474,238,false],"thumbnail":["https:\/\/fmamiga909.com.ar\/wp-content\/uploads\/2023\/08\/bille-150x150.jpg",150,150,true],"medium":["https:\/\/fmamiga909.com.ar\/wp-content\/uploads\/2023\/08\/bille-300x151.jpg",300,151,true],"medium_large":["https:\/\/fmamiga909.com.ar\/wp-content\/uploads\/2023\/08\/bille.jpg",474,238,false],"large":["https:\/\/fmamiga909.com.ar\/wp-content\/uploads\/2023\/08\/bille.jpg",474,238,false],"1536x1536":["https:\/\/fmamiga909.com.ar\/wp-content\/uploads\/2023\/08\/bille.jpg",474,238,false],"2048x2048":["https:\/\/fmamiga909.com.ar\/wp-content\/uploads\/2023\/08\/bille.jpg",474,238,false],"newsium-slider-full":["https:\/\/fmamiga909.com.ar\/wp-content\/uploads\/2023\/08\/bille.jpg",474,238,false],"newsium-featured":["https:\/\/fmamiga909.com.ar\/wp-content\/uploads\/2023\/08\/bille.jpg",474,238,false],"newsium-medium":["https:\/\/fmamiga909.com.ar\/wp-content\/uploads\/2023\/08\/bille.jpg",474,238,false]},"author_info":{"display_name":"Fredy Giuliano","author_link":"https:\/\/fmamiga909.com.ar\/?author=3"},"category_info":"<a href=\"https:\/\/fmamiga909.com.ar\/?cat=20\" rel=\"category\">Entrevistas<\/a> <a href=\"https:\/\/fmamiga909.com.ar\/?cat=3\" rel=\"category\">Noticias<\/a>","tag_info":"Noticias","comment_count":"0","_links":{"self":[{"href":"https:\/\/fmamiga909.com.ar\/index.php?rest_route=\/wp\/v2\/posts\/9748","targetHints":{"allow":["GET"]}}],"collection":[{"href":"https:\/\/fmamiga909.com.ar\/index.php?rest_route=\/wp\/v2\/posts"}],"about":[{"href":"https:\/\/fmamiga909.com.ar\/index.php?rest_route=\/wp\/v2\/types\/post"}],"author":[{"embeddable":true,"href":"https:\/\/fmamiga909.com.ar\/index.php?rest_route=\/wp\/v2\/users\/3"}],"replies":[{"embeddable":true,"href":"https:\/\/fmamiga909.com.ar\/index.php?rest_route=%2Fwp%2Fv2%2Fcomments&post=9748"}],"version-history":[{"count":1,"href":"https:\/\/fmamiga909.com.ar\/index.php?rest_route=\/wp\/v2\/posts\/9748\/revisions"}],"predecessor-version":[{"id":9750,"href":"https:\/\/fmamiga909.com.ar\/index.php?rest_route=\/wp\/v2\/posts\/9748\/revisions\/9750"}],"wp:featuredmedia":[{"embeddable":true,"href":"https:\/\/fmamiga909.com.ar\/index.php?rest_route=\/wp\/v2\/media\/9749"}],"wp:attachment":[{"href":"https:\/\/fmamiga909.com.ar\/index.php?rest_route=%2Fwp%2Fv2%2Fmedia&parent=9748"}],"wp:term":[{"taxonomy":"category","embeddable":true,"href":"https:\/\/fmamiga909.com.ar\/index.php?rest_route=%2Fwp%2Fv2%2Fcategories&post=9748"},{"taxonomy":"post_tag","embeddable":true,"href":"https:\/\/fmamiga909.com.ar\/index.php?rest_route=%2Fwp%2Fv2%2Ftags&post=9748"}],"curies":[{"name":"wp","href":"https:\/\/api.w.org\/{rel}","templated":true}]}}