{"id":9795,"date":"2023-08-31T15:17:41","date_gmt":"2023-08-31T15:17:41","guid":{"rendered":"https:\/\/fmamiga909.com.ar\/?p=9795"},"modified":"2023-08-31T15:17:41","modified_gmt":"2023-08-31T15:17:41","slug":"sebastian-boselli-se-suma-al-plantel-de-river","status":"publish","type":"post","link":"https:\/\/fmamiga909.com.ar\/?p=9795","title":{"rendered":"Sebasti\u00e1n Boselli se suma al plantel de River"},"content":{"rendered":"<div>\n<figure class=\"mb-3\"><img decoding=\"async\" src=\"https:\/\/www.telam.com.ar\/thumbs\/bluesteel\/advf\/imagenes\/2023\/08\/64ee02fde6527_1200.jpg\" class=\" lazy \" width=\"100%\" height=\"100%\" alt=\"Sebastin Boselli nuevo jugador millonario Foto TWRiverPlate\"\/><figcaption> Sebasti\u00e1n Boselli nuevo jugador millonario. \/ Foto: TW@RiverPlate. <\/figcaption><\/figure>\n<p><strong>El zaguero juvenil uruguayo <\/strong>Sebast\u00ed\u00e1n Boselli <strong>se sumar\u00e1 este martes por la tarde a los entrenamientos grupales del plantel de<\/strong> <strong>River<\/strong>,<strong> mientras que Gonzalo \u201cPity\u201d Mart\u00ednez<\/strong> <strong>har\u00e1 lo propio este mi\u00e9rcoles<\/strong>, cuando regrese de Espa\u00f1a, donde le dieron el alta m\u00e9dica por la operaci\u00f3n de rodilla.<\/p>\n<p>El defensor uruguayo de 19 a\u00f1os,\u00a0viene de Defensor Sporting, donde debut\u00f3 el a\u00f1o pasado, <strong>lleg\u00f3 a River el viernes de la semana pasada a cambio de 3,5 millones de d\u00f3lares por el 70 por ciento del pase<\/strong> y un contrato de tres temporadas.<\/p>\n<p><strong>El Pity lleg\u00f3 en condici\u00f3n de agente libre del Al Nassr de Arabia por una temporada con opci\u00f3n de una m\u00e1s<\/strong> y reci\u00e9n va a poder jugar en octubre cuando finalice la etapa final de su recuperaci\u00f3n por la operaci\u00f3n de ligamentos que sufri\u00f3 en febrero de este a\u00f1o.<\/p>\n<p>El mendocino de Guaymall\u00e9n, de 30 a\u00f1os, fue dado de alta este lunes en Barcelona por el m\u00e9dico Ram\u00f3n Cugat, que fue quien lo oper\u00f3 de la rotura de ligamentos cruzados de la rodilla izquierda sufrida en febrero pasado.<\/p>\n<p><strong>El mediocampista realiz\u00f3 toda la recuperaci\u00f3n de campo en Argentina, en el centro del hist\u00f3rico kinesi\u00f3logo de River Jorge Bombiccino<\/strong>, y tendr\u00e1 que empezar a trabajar desde ma\u00f1ana con el cuerpo m\u00e9dico y t\u00e9cnico de Mart\u00edn Demichelis.<\/p>\n<blockquote class=\"twitter-tweet\">\n<p lang=\"es\" dir=\"ltr\">\u270d\ufe0f Boselli es de River \u26aa\ufe0f\ud83d\udd34\u26aa\ufe0f<\/p>\n<p>Acompa\u00f1ado por el Presidente <a href=\"https:\/\/twitter.com\/JorgeBrito?ref_src=twsrc%5Etfw\">@JorgeBrito<\/a> y el Vicepresidente <a href=\"https:\/\/twitter.com\/MatiasPatanian?ref_src=twsrc%5Etfw\">@MatiasPatanian<\/a>, Sebasti\u00e1n Boselli firm\u00f3 su contrato con el Club hasta diciembre de 2026.<\/p>\n<p>\u00a1Vamos con todo! \ud83c\uddfa\ud83c\uddfe\ud83d\udcaa <a href=\"https:\/\/t.co\/6cTk2skRsA\">pic.twitter.com\/6cTk2skRsA<\/a><\/p>\n<p>\u2014 River Plate (@RiverPlate) <a href=\"https:\/\/twitter.com\/RiverPlate\/status\/1696517490413834656?ref_src=twsrc%5Etfw\">August 29, 2023<\/a><\/p><\/blockquote>\n<p> Su \u00faltimo encuentro fue el 17 de febrero ante Al Tawoon, ingresando en el segundo tiempo para jugar 24 minutos y, por la lesi\u00f3n, en el 2023 s\u00f3lo pudo jugar 5 partidos, 3 de titular y 2 de suplente, con 336 minutos en cancha, sin goles.<\/p>\n<p>River se entrena este martes a la tarde de cara al partido frente a V\u00e9lez del s\u00e1bado en Liniers por la tercera fecha de la Copa de la Liga y<strong> el entrenador sigue de cerca la evoluci\u00f3n de los lesionados Paulo D\u00edaz, Rodrigo Aliendro y Leandro Gonz\u00e1lez P\u00edrez.<\/strong><\/p>\n<p>La idea del DT es cuidar a los tres habituales titulares para que puedan entrenar a la par del resto la semana que viene -en el parate de la fecha FIFA- de cara al partido ante Arsenal del fin de semana del 17 de septiembre en el M\u00e1s Monumental.<\/p>\n<p>Para el receso de las Eliminatorias, el equipo de Demichelis va a jugar un amistoso para darles ruedo a los jugadores el s\u00e1bado 9 de septiembre a las 19 horas en la ciudad de San Nicol\u00e1s ante la Universidad Cat\u00f3lica. <\/p>\n<\/div>\n<p><script async src=\"\/\/platform.twitter.com\/widgets.js\" charset=\"utf-8\"><\/script><script async defer crossorigin=\"anonymous\" src=\"https:\/\/connect.facebook.net\/es_LA\/sdk.js#xfbml=1&#038;version=v12.0\" nonce=\"SBlHQzIF\"><\/script><br \/><a href=\"https:\/\/www.telam.com.ar\/notas\/202308\/638453-futbol-river-copa-liga-sebastian-boselli-uruguayo-llegada-millonario.html\">source<\/a><\/p>\n","protected":false},"excerpt":{"rendered":"<p>Sebasti\u00e1n Boselli nuevo jugador millonario. \/ Foto: TW@RiverPlate. El zaguero juvenil uruguayo Sebast\u00ed\u00e1n Boselli se&#8230;<\/p>\n","protected":false},"author":3,"featured_media":9796,"comment_status":"closed","ping_status":"closed","sticky":false,"template":"","format":"standard","meta":{"footnotes":""},"categories":[21],"tags":[],"class_list":["post-9795","post","type-post","status-publish","format-standard","has-post-thumbnail","hentry","category-deportes"],"featured_image_urls":{"full":["https:\/\/fmamiga909.com.ar\/wp-content\/uploads\/2023\/08\/wp-header-logo-121.png",1024,576,false],"thumbnail":["https:\/\/fmamiga909.com.ar\/wp-content\/uploads\/2023\/08\/wp-header-logo-121-150x150.png",150,150,true],"medium":["https:\/\/fmamiga909.com.ar\/wp-content\/uploads\/2023\/08\/wp-header-logo-121-300x169.png",300,169,true],"medium_large":["https:\/\/fmamiga909.com.ar\/wp-content\/uploads\/2023\/08\/wp-header-logo-121.png",1024,576,false],"large":["https:\/\/fmamiga909.com.ar\/wp-content\/uploads\/2023\/08\/wp-header-logo-121.png",640,360,false],"1536x1536":["https:\/\/fmamiga909.com.ar\/wp-content\/uploads\/2023\/08\/wp-header-logo-121.png",1024,576,false],"2048x2048":["https:\/\/fmamiga909.com.ar\/wp-content\/uploads\/2023\/08\/wp-header-logo-121.png",1024,576,false],"newsium-slider-full":["https:\/\/fmamiga909.com.ar\/wp-content\/uploads\/2023\/08\/wp-header-logo-121.png",1024,576,false],"newsium-featured":["https:\/\/fmamiga909.com.ar\/wp-content\/uploads\/2023\/08\/wp-header-logo-121.png",1024,576,false],"newsium-medium":["https:\/\/fmamiga909.com.ar\/wp-content\/uploads\/2023\/08\/wp-header-logo-121-720x475.png",720,475,true]},"author_info":{"display_name":"Fredy Giuliano","author_link":"https:\/\/fmamiga909.com.ar\/?author=3"},"category_info":"<a href=\"https:\/\/fmamiga909.com.ar\/?cat=21\" rel=\"category\">Deportes<\/a>","tag_info":"Deportes","comment_count":"0","_links":{"self":[{"href":"https:\/\/fmamiga909.com.ar\/index.php?rest_route=\/wp\/v2\/posts\/9795","targetHints":{"allow":["GET"]}}],"collection":[{"href":"https:\/\/fmamiga909.com.ar\/index.php?rest_route=\/wp\/v2\/posts"}],"about":[{"href":"https:\/\/fmamiga909.com.ar\/index.php?rest_route=\/wp\/v2\/types\/post"}],"author":[{"embeddable":true,"href":"https:\/\/fmamiga909.com.ar\/index.php?rest_route=\/wp\/v2\/users\/3"}],"replies":[{"embeddable":true,"href":"https:\/\/fmamiga909.com.ar\/index.php?rest_route=%2Fwp%2Fv2%2Fcomments&post=9795"}],"version-history":[{"count":0,"href":"https:\/\/fmamiga909.com.ar\/index.php?rest_route=\/wp\/v2\/posts\/9795\/revisions"}],"wp:featuredmedia":[{"embeddable":true,"href":"https:\/\/fmamiga909.com.ar\/index.php?rest_route=\/wp\/v2\/media\/9796"}],"wp:attachment":[{"href":"https:\/\/fmamiga909.com.ar\/index.php?rest_route=%2Fwp%2Fv2%2Fmedia&parent=9795"}],"wp:term":[{"taxonomy":"category","embeddable":true,"href":"https:\/\/fmamiga909.com.ar\/index.php?rest_route=%2Fwp%2Fv2%2Fcategories&post=9795"},{"taxonomy":"post_tag","embeddable":true,"href":"https:\/\/fmamiga909.com.ar\/index.php?rest_route=%2Fwp%2Fv2%2Ftags&post=9795"}],"curies":[{"name":"wp","href":"https:\/\/api.w.org\/{rel}","templated":true}]}}