{"id":9799,"date":"2023-08-31T21:22:29","date_gmt":"2023-08-31T21:22:29","guid":{"rendered":"https:\/\/fmamiga909.com.ar\/?p=9799"},"modified":"2023-08-31T21:22:29","modified_gmt":"2023-08-31T21:22:29","slug":"demichelis-tuvo-el-primer-entrenamiento-con-todos-los-refuerzos","status":"publish","type":"post","link":"https:\/\/fmamiga909.com.ar\/?p=9799","title":{"rendered":"Demichelis tuvo el primer entrenamiento con todos los refuerzos"},"content":{"rendered":"<div>\n<figure class=\"mb-3\"><img decoding=\"async\" src=\"https:\/\/www.telam.com.ar\/thumbs\/bluesteel\/advf\/imagenes\/2023\/08\/64ef8337eedd8_1200.jpg\" class=\" lazy \" width=\"100%\" height=\"100%\" alt=\"Gonzalo Pity Martnez y Javier Pinola RiverPlate \"\/><figcaption> Gonzalo \u00abPity\u00bb Mart\u00ednez y Javier Pinola (@RiverPlate). <\/figcaption><\/figure>\n<p> El entrenador de River Plate, Mart\u00edn Demiechelis, concret\u00f3 este mi\u00e9rcoles a la ma\u00f1ana en el predio de Ezeiza el primer entrenamiento con todos los refuerzos tras el regreso de Gonzalo &#8216;Pity&#8217; Mart\u00ednez de Espa\u00f1a, donde le dieron el alta m\u00e9dica.<\/p>\n<p><strong>El Pity hizo tareas diferenciadas para iniciar el proceso de recuperaci\u00f3n final que le permita volver a jugar en octubre<\/strong>, luego de la operaci\u00f3n de ligamentos en la rodilla izquierda a la que se someti\u00f3 a mediados de febrero de este a\u00f1o.<\/p>\n<p>El mendocino de Guaymall\u00e9n, de 30 a\u00f1os, fue dado de alta este martes en Barcelona por el m\u00e9dico Ram\u00f3n Cugat, que lo oper\u00f3 y seguir\u00e1 con la etapa de puesta a punto f\u00edsica y futbol\u00edstica que ya hab\u00eda iniciado en el centro de rehabilitaci\u00f3n del hist\u00f3rico kinesi\u00f3logo Jorge Bombiccino.<\/p>\n<p>Desde el cuerpo t\u00e9cnico \u00abmillonario\u00bb no ponen fechas probables de regreso para el Pity Mart\u00ednez pero la posibilidad que pueda jugar el supercl\u00e1sico ante Boca del 1 de octubre est\u00e1 dentro del tiempo estipulado de alta f\u00edsica.<\/p>\n<p>El autor del tercer gol en la final de la Copa Libertadores 2018 ante Boca en Madrid jug\u00f3 su \u00faltimo partido el 17 de febrero ante Al Tawoon, ingresando en el segundo tiempo para sumar 24 minutos y en la semana se lesion\u00f3.<\/p>\n<p>Por eso, hasta ese momento, el Pity s\u00f3lo hab\u00eda podido jugar en los primeros meses del a\u00f1o 5 partidos, 3 de titular y 2 de suplente, con 336 minutos en cancha, sin goles, con el antecedente de una lesi\u00f3n similar en el 2021.<\/p>\n<blockquote class=\"twitter-tweet\">\n<p lang=\"es\" dir=\"ltr\">Dos H\u00e9roes de Madrid se reencuentran. \u267e\ufe0f <a href=\"https:\/\/t.co\/u0GbobEce7\">pic.twitter.com\/u0GbobEce7<\/a><\/p>\n<p>\u2014 River Plate (@RiverPlate) <a href=\"https:\/\/twitter.com\/RiverPlate\/status\/1696944389531046188?ref_src=twsrc%5Etfw\">August 30, 2023<\/a><\/p><\/blockquote>\n<p><strong>En cuanto a Sebasti\u00e1n Boselli, quien el martes firm\u00f3 contrato y se entren\u00f3, volvi\u00f3 a trabajar a la par del resto de los jugadores sin problemas porque ven\u00eda en competencia. <\/strong>Demichelis tiene que definir si entra en la convocatoria para jugar el s\u00e1bado ante V\u00e9lez, por la tercera fecha de la Copa de la Liga.<\/p>\n<p>De cara a este partido, es posible que el juvenil Claudio Echeverry -que se est\u00e1 entrenando con la selecci\u00f3n juvenil sub 20-.quede fuera de la convocatoria que se conocer\u00e1 el viernes por la tarde en el \u00faltimo entrenamiento.<\/p>\n<p>Asimismo, v<strong>olvieron a trabajar de manera diferenciada Leandro Gonz\u00e1lez P\u00edrez por la metatarsalgia, Paulo D\u00edaz por el esguince de rodilla derecha y Rodrigo Aliendro por la luxaci\u00f3n en el hombro izquierdo<\/strong>.<\/p>\n<p>Los tres futbolistas titulares del equipo van a volver a jugar contra Arsenal en la cuarta fecha a mediados de octubre, luego del parate de la fecha FIFA, cuando tengan una semana de entrenamientos a la par del resto.<\/p>\n<p>En relaci\u00f3n al equipo que jugar\u00e1 ante V\u00e9lez el s\u00e1bado a las 21:30 horas en Liniers, el DT Demichelis lo definir\u00e1 el mismo d\u00eda del partido aunque es posible que el viernes realice algunos trabajos t\u00e1cticos o una pr\u00e1ctica de f\u00fatbol.<\/p>\n<p><figure class=\"mb-3\"><img decoding=\"async\" src=\"https:\/\/www.telam.com.ar\/thumbs\/bluesteel\/advf\/imagenes\/2023\/08\/64e76dbf7db49_1200.jpg\" class=\" lazy \" width=\"100%\" height=\"100%\" alt=\"Foto Alejandro Santa Cruz \"\/><figcaption> Foto Alejandro Santa Cruz. <\/figcaption><\/figure>\n<\/p>\n<p><strong>En principio, las dudas pasan por la posibilidad que Facundo Colidio y Pablo Solari jueguen de titulares<\/strong> tras el gran ingreso que tuvieron ante Barracas Central cuando reemplazaron a Manuel Lanzini y Agust\u00edn Palavecino.<\/p>\n<p>Con este panorama, el equipo se entren\u00f3 este mi\u00e9rcoles a la ma\u00f1ana en el River Camp con tareas f\u00edsicas y con pelota en espacios reducidos y el cuerpo t\u00e9cnico aprovech\u00f3 para ver el partido de reserva que se jug\u00f3 en el predio ante V\u00e9lez.<\/p>\n<p>El jueves a las 11, el equipo regresa a los entrenamientos en el predio y el viernes por la tarde en el M\u00e1s Monumental van a volver a trabajar para quedar concentrados de cara a la tercera fecha de la Copa de la Liga.<\/p>\n<p>Por \u00faltimo, en el parate de las eliminatorias, el equipo de Demichelis va a jugar un amistoso para darles ruedo a los jugadores el s\u00e1bado 9 de septiembre a las 19 horas en la ciudad de San Nicol\u00e1s ante la Universidad Cat\u00f3lica. <\/p>\n<\/div>\n<p><script async src=\"\/\/platform.twitter.com\/widgets.js\" charset=\"utf-8\"><\/script><script async defer crossorigin=\"anonymous\" src=\"https:\/\/connect.facebook.net\/es_LA\/sdk.js#xfbml=1&#038;version=v12.0\" nonce=\"SBlHQzIF\"><\/script><br \/><a href=\"https:\/\/www.telam.com.ar\/notas\/202308\/638617-demichelis-primer-entrenamiento-todos-los-refuerzos-pity-martinez-boselli.html\">source<\/a><\/p>\n","protected":false},"excerpt":{"rendered":"<p>Gonzalo \u00abPity\u00bb Mart\u00ednez y Javier Pinola (@RiverPlate). El entrenador de River Plate, Mart\u00edn Demiechelis, concret\u00f3&#8230;<\/p>\n","protected":false},"author":3,"featured_media":9800,"comment_status":"closed","ping_status":"closed","sticky":false,"template":"","format":"standard","meta":{"footnotes":""},"categories":[21],"tags":[],"class_list":["post-9799","post","type-post","status-publish","format-standard","has-post-thumbnail","hentry","category-deportes"],"featured_image_urls":{"full":["https:\/\/fmamiga909.com.ar\/wp-content\/uploads\/2023\/08\/wp-header-logo-123.png",1200,675,false],"thumbnail":["https:\/\/fmamiga909.com.ar\/wp-content\/uploads\/2023\/08\/wp-header-logo-123-150x150.png",150,150,true],"medium":["https:\/\/fmamiga909.com.ar\/wp-content\/uploads\/2023\/08\/wp-header-logo-123-300x169.png",300,169,true],"medium_large":["https:\/\/fmamiga909.com.ar\/wp-content\/uploads\/2023\/08\/wp-header-logo-123.png",1200,675,false],"large":["https:\/\/fmamiga909.com.ar\/wp-content\/uploads\/2023\/08\/wp-header-logo-123-1024x576.png",640,360,true],"1536x1536":["https:\/\/fmamiga909.com.ar\/wp-content\/uploads\/2023\/08\/wp-header-logo-123.png",1200,675,false],"2048x2048":["https:\/\/fmamiga909.com.ar\/wp-content\/uploads\/2023\/08\/wp-header-logo-123.png",1200,675,false],"newsium-slider-full":["https:\/\/fmamiga909.com.ar\/wp-content\/uploads\/2023\/08\/wp-header-logo-123.png",1200,675,false],"newsium-featured":["https:\/\/fmamiga909.com.ar\/wp-content\/uploads\/2023\/08\/wp-header-logo-123-1024x576.png",1024,576,true],"newsium-medium":["https:\/\/fmamiga909.com.ar\/wp-content\/uploads\/2023\/08\/wp-header-logo-123-720x475.png",720,475,true]},"author_info":{"display_name":"Fredy Giuliano","author_link":"https:\/\/fmamiga909.com.ar\/?author=3"},"category_info":"<a href=\"https:\/\/fmamiga909.com.ar\/?cat=21\" rel=\"category\">Deportes<\/a>","tag_info":"Deportes","comment_count":"0","_links":{"self":[{"href":"https:\/\/fmamiga909.com.ar\/index.php?rest_route=\/wp\/v2\/posts\/9799","targetHints":{"allow":["GET"]}}],"collection":[{"href":"https:\/\/fmamiga909.com.ar\/index.php?rest_route=\/wp\/v2\/posts"}],"about":[{"href":"https:\/\/fmamiga909.com.ar\/index.php?rest_route=\/wp\/v2\/types\/post"}],"author":[{"embeddable":true,"href":"https:\/\/fmamiga909.com.ar\/index.php?rest_route=\/wp\/v2\/users\/3"}],"replies":[{"embeddable":true,"href":"https:\/\/fmamiga909.com.ar\/index.php?rest_route=%2Fwp%2Fv2%2Fcomments&post=9799"}],"version-history":[{"count":0,"href":"https:\/\/fmamiga909.com.ar\/index.php?rest_route=\/wp\/v2\/posts\/9799\/revisions"}],"wp:featuredmedia":[{"embeddable":true,"href":"https:\/\/fmamiga909.com.ar\/index.php?rest_route=\/wp\/v2\/media\/9800"}],"wp:attachment":[{"href":"https:\/\/fmamiga909.com.ar\/index.php?rest_route=%2Fwp%2Fv2%2Fmedia&parent=9799"}],"wp:term":[{"taxonomy":"category","embeddable":true,"href":"https:\/\/fmamiga909.com.ar\/index.php?rest_route=%2Fwp%2Fv2%2Fcategories&post=9799"},{"taxonomy":"post_tag","embeddable":true,"href":"https:\/\/fmamiga909.com.ar\/index.php?rest_route=%2Fwp%2Fv2%2Ftags&post=9799"}],"curies":[{"name":"wp","href":"https:\/\/api.w.org\/{rel}","templated":true}]}}