{"id":9807,"date":"2023-09-01T05:26:50","date_gmt":"2023-09-01T05:26:50","guid":{"rendered":"https:\/\/fmamiga909.com.ar\/?p=9807"},"modified":"2023-09-01T05:26:50","modified_gmt":"2023-09-01T05:26:50","slug":"scaloni-llamo-a-22-campeones-del-mundo-y-cuatro-debutantes-para-las-eliminatorias","status":"publish","type":"post","link":"https:\/\/fmamiga909.com.ar\/?p=9807","title":{"rendered":"Scaloni llam\u00f3 a 22 campeones del mundo y cuatro debutantes para las Eliminatorias"},"content":{"rendered":"<div>\n<figure class=\"mb-3\"><img decoding=\"async\" src=\"https:\/\/www.telam.com.ar\/thumbs\/bluesteel\/advf\/imagenes\/editadas\/64f0a7f8ed8ff_1200.jpg\" class=\" lazy \" width=\"100%\" height=\"100%\" alt=\"Lionel Scaloni foto Victoria Gesualdi \"\/><figcaption> Lionel Scaloni (foto Victoria Gesualdi). <\/figcaption><\/figure>\n<p> El DT del seleccionado argentino, Lionel Scaloni, elev\u00f3 este jueves una lista de 32 convocados para el inicio de las Eliminatorias Sudamericanas con la inclusi\u00f3n de 22 campeones del mundo en Qatar y la presencia de cuatro debutantes absolutos, entre los que sobresale el centrodelantero Lucas Beltr\u00e1n, de reciente arribo a la Fiorentina de Italia.<\/p>\n<p>En la n\u00f3mina se destaca adem\u00e1s el retorno de Franco Armani (River Plate), \u00fanico jugador de la Liga Profesional F\u00fatbol (LPF) y uno de los cuatro arqueros junto con Emiliano \u00abDibu\u00bb Mart\u00ednez, Juan Musso y Walter Ben\u00edtez, quien ratific\u00f3 su lugar tras ser llamado para la anterior gira por Australia e Indonesia.<\/p>\n<p>La primera convocatoria para partidos oficiales tras la conquista de la tercera estrella registra cuatro campeones ausentes por diferentes motivos. Tres de ellos no est\u00e1n por lesi\u00f3n (Ger\u00f3nimo Rulli, Marcos Acu\u00f1a y Paulo Dybala) y el restante por decisi\u00f3n t\u00e9cnica (Alejandro G\u00f3mez).<\/p>\n<p>Definitivamente \u00abPapu\u00bb supone haberse convertido en el primer campe\u00f3n mundial marginado de la Selecci\u00f3n ya que no volvi\u00f3 a ser citado en ninguna de las instancias posteriores a la gloriosa jornada del 18 de diciembre en Lusail.<\/p>\n<p>Los pocos minutos sumados en Sevilla de Espa\u00f1a tras lidiar con una lesi\u00f3n de tobillo son una raz\u00f3n deportiva de peso que se combina con los rumores de un quiebre en su relaci\u00f3n con el grupo, un motivo que qued\u00f3 bajo sospecha cuando ni siquiera acudi\u00f3 para los festejos del Mundial en Argentina con los amistosos ante Panam\u00e1 y Curazao, en marzo pasado.<\/p>\n<p>Tampoco figuran en las lista otros futbolistas ausentes en Qatar pero de participaci\u00f3n estable en el ciclo de Scaloni como Giovani Lo Celso -reemplazado ayer en el entretiempo de un partido de Tottenham Hotspur-, Joaqu\u00edn Correa y Lucas Ocampos ni Leonardo Balerdi, Facundo Medina y Giovanni Simeone, que hab\u00edan formado parte del plantel en la anterior ventana FIFA.<\/p>\n<blockquote class=\"twitter-tweet\">\n<p lang=\"es\" dir=\"ltr\"><a href=\"https:\/\/twitter.com\/hashtag\/Selecci%C3%B3nMayor?src=hash&amp;ref_src=twsrc%5Etfw\">#Selecci\u00f3nMayor<\/a> \ud83d\udccbLista de convocados por el entrenador Lionel Scaloni \ud83c\udde6\ud83c\uddf7 para los encuentros de Eliminatorias ante Ecuador y Bolivia <a href=\"https:\/\/t.co\/dCNmijCfqu\">pic.twitter.com\/dCNmijCfqu<\/a><\/p>\n<p>\u2014 \ud83c\udde6\ud83c\uddf7 Selecci\u00f3n Argentina \u2b50\u2b50\u2b50 (@Argentina) <a href=\"https:\/\/twitter.com\/Argentina\/status\/1697254672170639732?ref_src=twsrc%5Etfw\">August 31, 2023<\/a><\/p><\/blockquote>\n<p>En relaci\u00f3n a esa gira, regres\u00f3 el delantero de Atl\u00e9tico de Madrid \u00c1ngel Correa y aparecen cuatro nuevos j\u00f3venes integrantes, con Beltr\u00e1n como principal abanderado. El delantero cordob\u00e9s, de 22 a\u00f1os, goleador de River en la conquista de la pasada Liga Profesional, recibi\u00f3 su primera citaci\u00f3n a d\u00edas de hacer debut en el f\u00fatbol europeo con su nuevo club, la Fiorentina de Italia.<\/p>\n<p>A la misma l\u00ednea ofensiva se sum\u00f3 el futbolista de FC Dallas de la MLS Alan Velasco (21), quien recientemente enfrent\u00f3 a Messi en la Leagues Cup. El ex Independiente, con pasado en los seleccionados juveniles, lleva apuntados 26 partidos, cuatro goles y dos asistencias en la actual temporada del f\u00fatbol de los Estados Unidos.<\/p>\n<p>Entre las novedades surgen dos futbolistas recientemente adquiridos por Athletico Paranaense de Brasil: el lateral izquierdo Lucas Esquivel (21), ex Uni\u00f3n de Santa Fe, y el mediocampista ofensivo Bruno Zapelli (21), ex Belgrano de C\u00f3rdoba.<\/p>\n<p>El defensor se gan\u00f3 el lugar por la lesi\u00f3n del \u00abHuevo\u00bb Acu\u00f1a y el cordob\u00e9s fue citado con un criterio de \u00abblindaje\u00bb por su doble nacionalidad italiana y el antecedente de haber jugado un partido con el Sub 21 de la \u00abAzurra\u00bb en marzo de este a\u00f1o.<\/p>\n<p>El cuerpo t\u00e9cnico argentino ya hab\u00eda tenido una conducta similar con otros jugadores formados en Europa y con ciudadan\u00eda extranjera como Alejandro Garnacho, Mat\u00edas Soul\u00e9, Nicol\u00e1s Paz, Luka Romero, Franco y Valent\u00edn Carboni y Tiago Geralnik.<\/p>\n<p>Los 32 convocados del seleccionado campe\u00f3n del mundo comenzar\u00e1n a trabajar desde la semana pr\u00f3xima en el predio Lionel Andr\u00e9s Messi de Ezeiza con vistas al inicio de las Eliminatorias para el Mundial 2026, que se disputar\u00e1 en Estados Unidos, Canad\u00e1 y M\u00e9xico con el nuevo formato ampliado con 48 equipos.<\/p>\n<p>Esa modificaci\u00f3n, que sustituye el esquema de 32 vigente desde Francia 1998, le otorgar\u00e1 a Sudam\u00e9rica seis plazas directas y una de repechaje.<\/p>\n<p>Argentina debutar\u00e1 ante Ecuador el pr\u00f3ximo jueves en el estadio de River Plate y el martes 12 se presentar\u00e1 ante Bolivia en el estadio Hernando Siles de La Paz. Antes de fin de a\u00f1o jugar\u00e1 otro cuatro compromisos: Paraguay <span class=\"badge badge-primary\">, Per\u00fa (V), Uruguay <\/span> y Brasil (V).<\/p>\n<p><strong>N\u00f3mina de futbolistas convocados para las dos primeras fechas de Eliminatorias:<\/strong><\/p>\n<p>Arqueros (4): Emiliano Mart\u00ednez (Aston Villa, Inglaterra), Juan Musso (Atalanta, Italia), <strong>Walter Ben\u00edtez (PSV Eindhoven, Pa\u00edses Bajos)<\/strong> y Franco Armani (River Plate).<\/p>\n<p>Defensores (10): Gonzalo Montiel (Nottingham Forest, Inglaterra), Nahuel Molina (Atl\u00e9tico de Madrid, Espa\u00f1a), Germ\u00e1n Pezzella (Betis, Espa\u00f1a), Cristian Romero (Tottenham Hotspur, Inglaterra), Nicol\u00e1s Otamendi (Benfica, Portugal), <strong>Marcos Senesi (Bournemouth, Inglaterra)<\/strong>, Lisandro Mart\u00ednez (Manchester United, Inglaterra), Juan Foyth (Villarreal, Espa\u00f1a), Nicol\u00e1s Tagliafico (Olympique de Lyon, Francia) y<strong> Lucas Esquivel (Athletico Paranaense, Brasil).<\/strong><\/p>\n<p>Mediocampistas (8): Leandro Paredes (Roma, Italia), Rodrigo De Paul (Atl\u00e9tico de Madrid), Guido Rodr\u00edguez (Betis), <strong>Facundo Bounanotte (Brighton, Inglaterra)<\/strong>, Enzo Fern\u00e1ndez (Chelsea, Inglaterra), Alexis Mac Allister (Liverpool, Inglaterra), Exequiel Palacios (Bayer Leverkusen, Alemania) y <strong>Bruno Zapelli (Athletico Paranaense, Brasil).<\/strong><\/p>\n<p>Delanteros (10): <strong>Lucas Beltr\u00e1n (Fiorentina, Italia),<\/strong> Nicol\u00e1s Gonz\u00e1lez (Fiorentina), \u00c1ngel Correa (Atl\u00e9tico de Madrid), Lautaro Mart\u00ednez (Inter, Italia), Juli\u00e1n \u00c1lvarez (Manchester City, Inglaterra), Alejandro Garnacho (Manchester United, Inglaterra), \u00c1ngel Di Mar\u00eda (Benfica), Lionel Messi (Inter Miami, Estados Unidos), <strong>Alan Velasco (Dallas, Estados Unidos) <\/strong>y Thiago Almada (Atlanta United, Estados Unidos). <\/p>\n<\/div>\n<p><script async src=\"\/\/platform.twitter.com\/widgets.js\" charset=\"utf-8\"><\/script><script async defer crossorigin=\"anonymous\" src=\"https:\/\/connect.facebook.net\/es_LA\/sdk.js#xfbml=1&#038;version=v12.0\" nonce=\"SBlHQzIF\"><\/script><br \/><a href=\"https:\/\/www.telam.com.ar\/notas\/202308\/638716-futbol-eliminatorias-argentina-nomina-scaloni-ecuador-river-plate.html\">source<\/a><\/p>\n","protected":false},"excerpt":{"rendered":"<p>Lionel Scaloni (foto Victoria Gesualdi). El DT del seleccionado argentino, Lionel Scaloni, elev\u00f3 este jueves&#8230;<\/p>\n","protected":false},"author":3,"featured_media":9808,"comment_status":"closed","ping_status":"closed","sticky":false,"template":"","format":"standard","meta":{"footnotes":""},"categories":[21],"tags":[],"class_list":["post-9807","post","type-post","status-publish","format-standard","has-post-thumbnail","hentry","category-deportes"],"featured_image_urls":{"full":["https:\/\/fmamiga909.com.ar\/wp-content\/uploads\/2023\/09\/wp-header-logo-2.png",900,506,false],"thumbnail":["https:\/\/fmamiga909.com.ar\/wp-content\/uploads\/2023\/09\/wp-header-logo-2-150x150.png",150,150,true],"medium":["https:\/\/fmamiga909.com.ar\/wp-content\/uploads\/2023\/09\/wp-header-logo-2-300x169.png",300,169,true],"medium_large":["https:\/\/fmamiga909.com.ar\/wp-content\/uploads\/2023\/09\/wp-header-logo-2.png",900,506,false],"large":["https:\/\/fmamiga909.com.ar\/wp-content\/uploads\/2023\/09\/wp-header-logo-2.png",640,360,false],"1536x1536":["https:\/\/fmamiga909.com.ar\/wp-content\/uploads\/2023\/09\/wp-header-logo-2.png",900,506,false],"2048x2048":["https:\/\/fmamiga909.com.ar\/wp-content\/uploads\/2023\/09\/wp-header-logo-2.png",900,506,false],"newsium-slider-full":["https:\/\/fmamiga909.com.ar\/wp-content\/uploads\/2023\/09\/wp-header-logo-2.png",900,506,false],"newsium-featured":["https:\/\/fmamiga909.com.ar\/wp-content\/uploads\/2023\/09\/wp-header-logo-2.png",900,506,false],"newsium-medium":["https:\/\/fmamiga909.com.ar\/wp-content\/uploads\/2023\/09\/wp-header-logo-2-720x475.png",720,475,true]},"author_info":{"display_name":"Fredy Giuliano","author_link":"https:\/\/fmamiga909.com.ar\/?author=3"},"category_info":"<a href=\"https:\/\/fmamiga909.com.ar\/?cat=21\" rel=\"category\">Deportes<\/a>","tag_info":"Deportes","comment_count":"0","_links":{"self":[{"href":"https:\/\/fmamiga909.com.ar\/index.php?rest_route=\/wp\/v2\/posts\/9807","targetHints":{"allow":["GET"]}}],"collection":[{"href":"https:\/\/fmamiga909.com.ar\/index.php?rest_route=\/wp\/v2\/posts"}],"about":[{"href":"https:\/\/fmamiga909.com.ar\/index.php?rest_route=\/wp\/v2\/types\/post"}],"author":[{"embeddable":true,"href":"https:\/\/fmamiga909.com.ar\/index.php?rest_route=\/wp\/v2\/users\/3"}],"replies":[{"embeddable":true,"href":"https:\/\/fmamiga909.com.ar\/index.php?rest_route=%2Fwp%2Fv2%2Fcomments&post=9807"}],"version-history":[{"count":0,"href":"https:\/\/fmamiga909.com.ar\/index.php?rest_route=\/wp\/v2\/posts\/9807\/revisions"}],"wp:featuredmedia":[{"embeddable":true,"href":"https:\/\/fmamiga909.com.ar\/index.php?rest_route=\/wp\/v2\/media\/9808"}],"wp:attachment":[{"href":"https:\/\/fmamiga909.com.ar\/index.php?rest_route=%2Fwp%2Fv2%2Fmedia&parent=9807"}],"wp:term":[{"taxonomy":"category","embeddable":true,"href":"https:\/\/fmamiga909.com.ar\/index.php?rest_route=%2Fwp%2Fv2%2Fcategories&post=9807"},{"taxonomy":"post_tag","embeddable":true,"href":"https:\/\/fmamiga909.com.ar\/index.php?rest_route=%2Fwp%2Fv2%2Ftags&post=9807"}],"curies":[{"name":"wp","href":"https:\/\/api.w.org\/{rel}","templated":true}]}}