{"id":9815,"date":"2023-09-01T13:38:06","date_gmt":"2023-09-01T13:38:06","guid":{"rendered":"https:\/\/fmamiga909.com.ar\/?p=9815"},"modified":"2023-09-01T13:38:06","modified_gmt":"2023-09-01T13:38:06","slug":"alberto-fernandez-recibe-a-los-seleccionados-campeones-del-mundo-de-futbol-para-ciegos","status":"publish","type":"post","link":"https:\/\/fmamiga909.com.ar\/?p=9815","title":{"rendered":"Alberto Fern\u00e1ndez recibe a los seleccionados campeones del mundo de f\u00fatbol para ciegos"},"content":{"rendered":"<div>\n<figure class=\"mb-3\"><img decoding=\"async\" src=\"https:\/\/www.telam.com.ar\/thumbs\/bluesteel\/advf\/imagenes\/2023\/08\/64f09793254da_1200.jpg\" class=\" lazy \" width=\"100%\" height=\"100%\" alt=\"Las Murcilagas campeonas del mundo FotoArchivo\"\/><figcaption> Las Murci\u00e9lagas campeonas del mundo. \/ Foto:Archivo. <\/figcaption><\/figure>\n<p><strong>El presidente<\/strong> Alberto Fern\u00e1ndez <strong>recibir\u00e1<\/strong> este jueves por la tarde <strong>a los jugadores de los seleccionados femenino y masculino de f\u00fatbol para ciegos, equipos que se consagraron campeones del mundo d\u00edas atr\u00e1s.<\/strong><\/p>\n<p>El encuentro se realizar\u00e1 a las 18 en Casa Rosada y el jefe de Estado estar\u00e1 acompa\u00f1ado por el director ejecutivo de la Agencia Nacional De Discapacidad (Andis), Fernando Galarraga.<\/p>\n<p>Las Murci\u00e9lagas y Los Murci\u00e9lagos, como se conoce popularmente a ambos seleccionados, se consagraron campeones en el Mundial de Deportes para personas ciegas, que se disput\u00f3 en la ciudad de Birmingham, Inglaterra.<\/p>\n<blockquote class=\"twitter-tweet\">\n<p lang=\"es\" dir=\"ltr\">Felicitaciones a <a href=\"https:\/\/twitter.com\/hashtag\/LosMurci%C3%A9lagos?src=hash&amp;ref_src=twsrc%5Etfw\">#LosMurci\u00e9lagos<\/a> Campeones del Mundo Jugadores cuerpo t\u00e9cnico colaborador@s ! Vamos Argentina \ud83c\udde6\ud83c\uddf7\u270a\ud83c\udffe\u26bd\ufe0f\u2764\ufe0f! <br \/>Doblete junto a <a href=\"https:\/\/twitter.com\/hashtag\/LasMurci%C3%A9lagas?src=hash&amp;ref_src=twsrc%5Etfw\">#LasMurci\u00e9lagas<\/a> Campeonas del Mundo hace unos d\u00edas espectacular! <a href=\"https:\/\/twitter.com\/hashtag\/orgulloargento?src=hash&amp;ref_src=twsrc%5Etfw\">#orgulloargento<\/a> <a href=\"https:\/\/t.co\/tbaDwHaI2Y\">pic.twitter.com\/tbaDwHaI2Y<\/a><\/p>\n<p>\u2014 Juan Pablo Sorin (@jpsorin6) <a href=\"https:\/\/twitter.com\/jpsorin6\/status\/1695150091768565796?ref_src=twsrc%5Etfw\">August 25, 2023<\/a><\/p><\/blockquote>\n<p> El combinado femenino obtuvo el primer mundial de la Federaci\u00f3n Internacional de Deportes para Ciegos (IBSA), mientras que la selecci\u00f3n masculina se consagr\u00f3 campeona por tercera vez, luego de haberlo conseguido en R\u00edo de Janeiro 2002 y Buenos Aires 2006. <\/div>\n<p><script async src=\"\/\/platform.twitter.com\/widgets.js\" charset=\"utf-8\"><\/script><script async defer crossorigin=\"anonymous\" src=\"https:\/\/connect.facebook.net\/es_LA\/sdk.js#xfbml=1&#038;version=v12.0\" nonce=\"SBlHQzIF\"><\/script><br \/><a href=\"https:\/\/www.telam.com.ar\/notas\/202308\/638707-futbol-ciegos-presidente-alberto-fernandez-masculino-femenino-campeones-del-mundo.html\">source<\/a><\/p>\n","protected":false},"excerpt":{"rendered":"<p>Las Murci\u00e9lagas campeonas del mundo. \/ Foto:Archivo. El presidente Alberto Fern\u00e1ndez recibir\u00e1 este jueves por&#8230;<\/p>\n","protected":false},"author":3,"featured_media":9816,"comment_status":"closed","ping_status":"closed","sticky":false,"template":"","format":"standard","meta":{"footnotes":""},"categories":[21],"tags":[],"class_list":["post-9815","post","type-post","status-publish","format-standard","has-post-thumbnail","hentry","category-deportes"],"featured_image_urls":{"full":["https:\/\/fmamiga909.com.ar\/wp-content\/uploads\/2023\/09\/wp-header-logo-4.png",1200,673,false],"thumbnail":["https:\/\/fmamiga909.com.ar\/wp-content\/uploads\/2023\/09\/wp-header-logo-4-150x150.png",150,150,true],"medium":["https:\/\/fmamiga909.com.ar\/wp-content\/uploads\/2023\/09\/wp-header-logo-4-300x168.png",300,168,true],"medium_large":["https:\/\/fmamiga909.com.ar\/wp-content\/uploads\/2023\/09\/wp-header-logo-4.png",1200,673,false],"large":["https:\/\/fmamiga909.com.ar\/wp-content\/uploads\/2023\/09\/wp-header-logo-4-1024x574.png",640,359,true],"1536x1536":["https:\/\/fmamiga909.com.ar\/wp-content\/uploads\/2023\/09\/wp-header-logo-4.png",1200,673,false],"2048x2048":["https:\/\/fmamiga909.com.ar\/wp-content\/uploads\/2023\/09\/wp-header-logo-4.png",1200,673,false],"newsium-slider-full":["https:\/\/fmamiga909.com.ar\/wp-content\/uploads\/2023\/09\/wp-header-logo-4.png",1200,673,false],"newsium-featured":["https:\/\/fmamiga909.com.ar\/wp-content\/uploads\/2023\/09\/wp-header-logo-4-1024x574.png",1024,574,true],"newsium-medium":["https:\/\/fmamiga909.com.ar\/wp-content\/uploads\/2023\/09\/wp-header-logo-4-720x475.png",720,475,true]},"author_info":{"display_name":"Fredy Giuliano","author_link":"https:\/\/fmamiga909.com.ar\/?author=3"},"category_info":"<a href=\"https:\/\/fmamiga909.com.ar\/?cat=21\" rel=\"category\">Deportes<\/a>","tag_info":"Deportes","comment_count":"0","_links":{"self":[{"href":"https:\/\/fmamiga909.com.ar\/index.php?rest_route=\/wp\/v2\/posts\/9815","targetHints":{"allow":["GET"]}}],"collection":[{"href":"https:\/\/fmamiga909.com.ar\/index.php?rest_route=\/wp\/v2\/posts"}],"about":[{"href":"https:\/\/fmamiga909.com.ar\/index.php?rest_route=\/wp\/v2\/types\/post"}],"author":[{"embeddable":true,"href":"https:\/\/fmamiga909.com.ar\/index.php?rest_route=\/wp\/v2\/users\/3"}],"replies":[{"embeddable":true,"href":"https:\/\/fmamiga909.com.ar\/index.php?rest_route=%2Fwp%2Fv2%2Fcomments&post=9815"}],"version-history":[{"count":0,"href":"https:\/\/fmamiga909.com.ar\/index.php?rest_route=\/wp\/v2\/posts\/9815\/revisions"}],"wp:featuredmedia":[{"embeddable":true,"href":"https:\/\/fmamiga909.com.ar\/index.php?rest_route=\/wp\/v2\/media\/9816"}],"wp:attachment":[{"href":"https:\/\/fmamiga909.com.ar\/index.php?rest_route=%2Fwp%2Fv2%2Fmedia&parent=9815"}],"wp:term":[{"taxonomy":"category","embeddable":true,"href":"https:\/\/fmamiga909.com.ar\/index.php?rest_route=%2Fwp%2Fv2%2Fcategories&post=9815"},{"taxonomy":"post_tag","embeddable":true,"href":"https:\/\/fmamiga909.com.ar\/index.php?rest_route=%2Fwp%2Fv2%2Ftags&post=9815"}],"curies":[{"name":"wp","href":"https:\/\/api.w.org\/{rel}","templated":true}]}}