{"id":9821,"date":"2023-09-02T03:47:34","date_gmt":"2023-09-02T03:47:34","guid":{"rendered":"https:\/\/fmamiga909.com.ar\/?p=9821"},"modified":"2023-09-02T03:47:34","modified_gmt":"2023-09-02T03:47:34","slug":"el-mago-coria-ya-tiene-en-mente-el-equipo-argentino-para-la-copa-davis","status":"publish","type":"post","link":"https:\/\/fmamiga909.com.ar\/?p=9821","title":{"rendered":"El &quot;Mago&quot; Coria ya tiene en mente el equipo argentino para la Copa Davis"},"content":{"rendered":"<div>\n<figure class=\"mb-3\"><img decoding=\"async\" src=\"https:\/\/www.telam.com.ar\/thumbs\/bluesteel\/advf\/imagenes\/2023\/02\/63dbc95733cad_1200.jpg\" class=\" lazy \" width=\"100%\" height=\"100%\" alt=\"Coria ya tiene el equipo para enfrentr a Lituania Foto Prensa\"\/><figcaption> Coria ya tiene el equipo para enfrentr a Lituania \/ Foto: Prensa. <\/figcaption><\/figure>\n<p><strong>Francisco Cer\u00fandolo, Sebasti\u00e1n B\u00e1ez, Tom\u00e1s Etcheverry y los doblistas Andr\u00e9s Molteni y M\u00e1ximo Gonz\u00e1lez<\/strong> son los cinco tenistas que el capit\u00e1n <strong>Guillermo \u00abMago\u00bb Coria<\/strong> anunciar\u00e1 en las pr\u00f3ximas horas para representar a la Argentina en la serie de <strong>Copa Davis<\/strong> que jugar\u00e1 ante Lituania, el 16 y 17 de septiembre, en Buenos Aires, por los playoffs del Grupo Mundial en el que la misi\u00f3n ser\u00e1 alcanzar los \u00abQualifiers\u00bb de 2024.<\/p>\n<p>En ese contexto, el seleccionado de la Argentina recibir\u00e1 a los lituanos dentro de 15 d\u00edas en las instalaciones de \u00abLa Catedral\u00bb, el Buenos Aires Lawn Tennis Club, con <strong>un desaf\u00edo que no asoma complicado por las limitaciones de su rival, lo que allanar\u00eda el pase a los Qualifiers de la Davis y volver a codearse con los pa\u00edses de elite del tenis mundial.<\/strong><\/p>\n<p>Seg\u00fan las fuentes consultadas por T\u00e9lam, el el santafecino Coria, cuyo contrato como capit\u00e1n con la Asociaci\u00f3n Argentina de Tenis (AAT) expirar\u00e1 a fin de a\u00f1o y a\u00fan no est\u00e1 definido si continuar\u00e1 (su deseo es seguir), tom\u00f3 contacto con los tenistas y sus cuerpos t\u00e9cnicos en Nueva York, durante el US Open, para evaluar las designaciones, y tambi\u00e9n habl\u00f3 con aqu\u00e9llos que no formar\u00e1n parte del equipo ante Lituania.<\/p>\n<p>Si bien la intenci\u00f3n inicial del \u00abMago\u00bb era mantener la formaci\u00f3n que en febrero de este a\u00f1o perdi\u00f3 con Finlandia por 3-1 como visitante, finalmente <strong>se inclin\u00f3 por designar al tenista argentino del momento, el bonaerense B\u00e1ez, y apostar por el debut del platense Etcheverry, de crecimiento sostenido en la temporada.<\/strong><\/p>\n<p>En la fr\u00eda ciudad finlandesa de Espoo, la formaci\u00f3n \u00abalbiceleste\u00bb incluy\u00f3 a \u00abFran\u00bb Cer\u00fandolo junto al santafecino Facundo Bagnis y el cordob\u00e9s Pedro Cachin, m\u00e1s el dobles de Molteni y \u00abMachi\u00bb Gonz\u00e1lez, estos dos con un presente importante en el circuito, algo de lo que no pod\u00edan jactarse hace siete meses.<\/p>\n<p><figure class=\"mb-3\"><img decoding=\"async\" src=\"https:\/\/www.telam.com.ar\/thumbs\/bluesteel\/advf\/imagenes\/2022\/09\/6324bc2e798bc_1200.jpg\" class=\" lazy \" width=\"100%\" height=\"100%\" alt=\"Francisco Cerndulo Foto Prensa\"\/><figcaption> Francisco Cer\u00fandulo \/ Foto: Prensa. <\/figcaption><\/figure>\n<p>De manera que para recibir a los lituanos, <strong>Argentina presentar\u00e1 una formaci\u00f3n fuerte con Ba\u00e9z en el mejor momento de su carrera, tras la obtenci\u00f3n de los t\u00edtulos del C\u00f3rdoba Open, Kitzbuhel (Austria), ambos sobre polvo de ladrillo, y el m\u00e1s reciente en Winston Salem, en los Estados Unidos, el s\u00e1bado pasado y en cemento.<\/strong><\/p>\n<p>El crecimiento de B\u00e1ez, sin techo a sus 22 a\u00f1os, y la capacidad de Cer\u00fandolo, 20 del planeta y campe\u00f3n en junio pasado sobre el c\u00e9sped ingl\u00e9s de Eastbourne, algo que un tenista argentino no consegu\u00eda desde hace 28 a\u00f1os en esa superficie, erigen a la Argentina como amplio favorito.<\/p>\n<p>Es que adem\u00e1s se suma el platense Etcheverry, con sus credenciales de haber llegado a los cuartos de final en Roland Garros y a dos finales en el circuito (en Santiago, Chile, y Houston, Estados Unidos).<\/p>\n<p><strong>En el dobles, Coria apostar\u00e1 a lo seguro y Molteni, \u00abtop ten\u00bb desde su s\u00e9ptimo lugar en el ranking de duplas, m\u00e1s \u00abMachi\u00bb Gonz\u00e1lez (12), son de lo mejor del circuito con la obtenci\u00f3n de cinco t\u00edtulos<\/strong>, el m\u00e1s importante el \u00faltimo que consiguieron cuando alzaron el trofeo en el Masters 1000 de Cincinnati.<\/p>\n<p>Un equipo con lo mejor disponible, con la excepci\u00f3n de Cachin, quien fue campe\u00f3n este a\u00f1o en el ATP suizo de Gstaad y est\u00e1 en el mejor momento de su carrera.<\/p>\n<p><figure class=\"mb-3\"><img decoding=\"async\" src=\"https:\/\/www.telam.com.ar\/thumbs\/bluesteel\/advf\/imagenes\/2023\/08\/64f07830e9746_1200.jpg\" class=\" lazy \" width=\"100%\" height=\"100%\" alt=\"Sebastian Baez y Tomas Etcheverry Foto Archivo\"\/><figcaption> Sebastian Baez y Tomas Etcheverry \/ Foto: Archivo. <\/figcaption><\/figure>\n<p>El tenista nacido en Bell Ville ya sabe que no estar\u00e1 ante los lituanos, por esa raz\u00f3n planific\u00f3 su calendario incluyendo dos Challengers categor\u00eda 125 durante las semanas de la Davis, el primero en Sevilla y el segundo en Szczecin, Polonia.<\/p>\n<p>En ese escenario, <strong>Argentina se prepara para celebrar una victoria en una a\u00f1o especial<\/strong>.<\/p>\n<p>Es que la AAT celebrar\u00e1 los 100 a\u00f1os del debut de Argentina en la Davis, y por eso en \u00abLa Catedral\u00bb habr\u00e1 durante la serie ante los lituanos un espacio en donde los espectadores podr\u00e1n disfrutar de experiencias inmersivas e intervenciones art\u00edsticas, para interactuar con el pasado y vislumbrar el futuro de la mano de la nueva camada de tenistas.<\/p>\n<p>\u00abVa a ser emocionante porque la idea es pasear por los 100 a\u00f1os de historia en la Davis Vamos a montar en el Buenos Aires un t\u00fanel del tiempo y la gente podr\u00e1 pasar por all\u00ed y tendr\u00e1 seguramente muchos recuerdos. Habr\u00e1 sorpresas que creemos que le van a gustar mucho al p\u00fablico\u00bb, adelant\u00f3 el extenista tandilense <strong>Mariano Zabaleta<\/strong>, vicepresidente de la AAT, en declaraciones al sitio oficial de la Copa Davis.<\/p>\n<h2 class=\"\">Lituania, una inc\u00f3gnita a\u00fan<\/h2>\n<p>En cuanto al rival, <strong>Lituania no design\u00f3 a\u00fan la formaci\u00f3n que usar\u00e1 en Buenos Aires<\/strong> pero se estima que estar\u00e1 encabezada por el experimentado Ricardas Berankis, de 33 a\u00f1os y actualmente el n\u00famero uno del equipo desde su puesto 254 del ranking, aunque lleg\u00f3 a ser 50 del planeta en 2016, el a\u00f1o en el que Argentina conquist\u00f3 la Davis por primera y \u00fanica vez.<\/p>\n<p>El segundo singlista de los lituanos ser\u00eda Vilius Gaubas (508) y luego podr\u00edan completar Edas Butvilas (531) y Matas Vasiliauskas (1503)<\/p>\n<p>El capit\u00e1n Sarunas Kulnys tambi\u00e9n suele usar a Butvilas junto a Tadas Babelis en el punto de dobles, al menos eso fue lo que hizo en febrero pasado en la serie que le ganaron a Pakist\u00e1n por 4 a 0 como locales.<\/p>\n<\/div>\n<p><script async defer crossorigin=\"anonymous\" src=\"https:\/\/connect.facebook.net\/es_LA\/sdk.js#xfbml=1&#038;version=v12.0\" nonce=\"SBlHQzIF\"><\/script><br \/><a href=\"https:\/\/www.telam.com.ar\/notas\/202309\/638871-argentina-copa-davis-equipo-coria.html\">source<\/a><\/p>\n","protected":false},"excerpt":{"rendered":"<p>Coria ya tiene el equipo para enfrentr a Lituania \/ Foto: Prensa. Francisco Cer\u00fandolo, Sebasti\u00e1n&#8230;<\/p>\n","protected":false},"author":3,"featured_media":9822,"comment_status":"closed","ping_status":"closed","sticky":false,"template":"","format":"standard","meta":{"footnotes":""},"categories":[21],"tags":[],"class_list":["post-9821","post","type-post","status-publish","format-standard","has-post-thumbnail","hentry","category-deportes"],"featured_image_urls":{"full":["https:\/\/fmamiga909.com.ar\/wp-content\/uploads\/2023\/09\/wp-header-logo-7.png",1200,675,false],"thumbnail":["https:\/\/fmamiga909.com.ar\/wp-content\/uploads\/2023\/09\/wp-header-logo-7-150x150.png",150,150,true],"medium":["https:\/\/fmamiga909.com.ar\/wp-content\/uploads\/2023\/09\/wp-header-logo-7-300x169.png",300,169,true],"medium_large":["https:\/\/fmamiga909.com.ar\/wp-content\/uploads\/2023\/09\/wp-header-logo-7.png",1200,675,false],"large":["https:\/\/fmamiga909.com.ar\/wp-content\/uploads\/2023\/09\/wp-header-logo-7-1024x576.png",640,360,true],"1536x1536":["https:\/\/fmamiga909.com.ar\/wp-content\/uploads\/2023\/09\/wp-header-logo-7.png",1200,675,false],"2048x2048":["https:\/\/fmamiga909.com.ar\/wp-content\/uploads\/2023\/09\/wp-header-logo-7.png",1200,675,false],"newsium-slider-full":["https:\/\/fmamiga909.com.ar\/wp-content\/uploads\/2023\/09\/wp-header-logo-7.png",1200,675,false],"newsium-featured":["https:\/\/fmamiga909.com.ar\/wp-content\/uploads\/2023\/09\/wp-header-logo-7-1024x576.png",1024,576,true],"newsium-medium":["https:\/\/fmamiga909.com.ar\/wp-content\/uploads\/2023\/09\/wp-header-logo-7-720x475.png",720,475,true]},"author_info":{"display_name":"Fredy Giuliano","author_link":"https:\/\/fmamiga909.com.ar\/?author=3"},"category_info":"<a href=\"https:\/\/fmamiga909.com.ar\/?cat=21\" rel=\"category\">Deportes<\/a>","tag_info":"Deportes","comment_count":"0","_links":{"self":[{"href":"https:\/\/fmamiga909.com.ar\/index.php?rest_route=\/wp\/v2\/posts\/9821","targetHints":{"allow":["GET"]}}],"collection":[{"href":"https:\/\/fmamiga909.com.ar\/index.php?rest_route=\/wp\/v2\/posts"}],"about":[{"href":"https:\/\/fmamiga909.com.ar\/index.php?rest_route=\/wp\/v2\/types\/post"}],"author":[{"embeddable":true,"href":"https:\/\/fmamiga909.com.ar\/index.php?rest_route=\/wp\/v2\/users\/3"}],"replies":[{"embeddable":true,"href":"https:\/\/fmamiga909.com.ar\/index.php?rest_route=%2Fwp%2Fv2%2Fcomments&post=9821"}],"version-history":[{"count":0,"href":"https:\/\/fmamiga909.com.ar\/index.php?rest_route=\/wp\/v2\/posts\/9821\/revisions"}],"wp:featuredmedia":[{"embeddable":true,"href":"https:\/\/fmamiga909.com.ar\/index.php?rest_route=\/wp\/v2\/media\/9822"}],"wp:attachment":[{"href":"https:\/\/fmamiga909.com.ar\/index.php?rest_route=%2Fwp%2Fv2%2Fmedia&parent=9821"}],"wp:term":[{"taxonomy":"category","embeddable":true,"href":"https:\/\/fmamiga909.com.ar\/index.php?rest_route=%2Fwp%2Fv2%2Fcategories&post=9821"},{"taxonomy":"post_tag","embeddable":true,"href":"https:\/\/fmamiga909.com.ar\/index.php?rest_route=%2Fwp%2Fv2%2Ftags&post=9821"}],"curies":[{"name":"wp","href":"https:\/\/api.w.org\/{rel}","templated":true}]}}